{"id":133758,"date":"2021-03-10T11:29:58","date_gmt":"2021-03-10T10:29:58","guid":{"rendered":"http:\/\/gazdasagportal.hu\/?p=133758"},"modified":"2021-03-10T11:29:58","modified_gmt":"2021-03-10T10:29:58","slug":"az-erste-csoport-2030-tol-nem-finansziroz-szentuzeleses-uzleteket","status":"publish","type":"post","link":"https:\/\/gazdasagportal.hu\/index.php\/az-erste-csoport-2030-tol-nem-finansziroz-szentuzeleses-uzleteket\/","title":{"rendered":"Az Erste Csoport 2030-t\u00f3l nem finansz\u00edroz sz\u00e9nt\u00fczel\u00e9ses \u00fczleteket"},"content":{"rendered":"<p><strong>Az Erste Csoport Felel\u0151s Finansz\u00edroz\u00e1si Politik\u00e1j\u00e1nak \u201efosszilis t\u00fczel\u0151anyagok\u201d fejezet\u00e9nek r\u00e9g\u00f3ta tervezett fel\u00fclvizsg\u00e1lat\u00e1t ind\u00edtotta el 2020 v\u00e9g\u00e9n, a pand\u00e9mi\u00e1s v\u00e1ls\u00e1g okozta cs\u00fasz\u00e1st k\u00f6vet\u0151en. A glob\u00e1lis felmeleged\u00e9s egyre s\u00fcrget\u0151bb probl\u00e9m\u00e1ja arra k\u00e9sztette az Erste Csoportot, hogy szigor\u00edtson a sz\u00e9nt\u00fczel\u00e9ssel kapcsolatos finansz\u00edroz\u00e1si felt\u00e9telein. <em>\u201eA koronav\u00edrus-j\u00e1rv\u00e1ny egy mag\u00e1t\u00f3l \u00e9rtet\u0151d\u0151 lehet\u0151s\u00e9get jelent az eg\u00e9sz gazdas\u00e1g \u00f6kol\u00f3giai \u00fajraind\u00edt\u00e1s\u00e1ra. Hiszem, hogy a j\u00f6v\u0151beli n\u00f6veked\u00e9s\u00fcnknek fenntarthat\u00f3 projektekb\u0151l kell sz\u00e1rmaznia\u201d<\/em> \u2013 jelentette ki Bernd Spalt, az Erste Csoport vez\u00e9rigazgat\u00f3ja.<\/strong><!--more--><\/p>\n<div class=\"ads-in-post1\"><div id=\"gazdasagportal.hu_fullbanner_wideboard\"><\/div>\r\n<\/div>\n<p>&nbsp;<\/p>\n<p><strong>Az \u00fczleti tev\u00e9kenys\u00e9gek lez\u00e1r\u00e1sa a sz\u00e9niparban <\/strong><\/p><div id=\"gazda-2345641394\" class=\"gazda-tartalomban gazda-entity-placement\"><script async src=\"https:\/\/pagead2.googlesyndication.com\/pagead\/js\/adsbygoogle.js\"><\/script>\r\n<ins class=\"adsbygoogle\"\r\n     style=\"display:block\"\r\n     data-ad-format=\"fluid\"\r\n     data-ad-layout-key=\"-6t+ed+2i-1n-4w\"\r\n     data-ad-client=\"ca-pub-1959107119989764\"\r\n     data-ad-slot=\"4008251320\"><\/ins>\r\n<script>\r\n     (adsbygoogle = window.adsbygoogle || []).push({});\r\n<\/script><\/div>\n<p>&nbsp;<\/p>\n<p>Csak akkor lesz tarthat\u00f3 a p\u00e1rizsi egyezm\u00e9nyben 2015-ben meghat\u00e1rozott 1,5 Celsius-fokos glob\u00e1lis felmeleged\u00e9si hat\u00e1r, ha a szenet mint energiahordoz\u00f3t m\u00e1r 2030-ban kivezetik[1]. Ez az oka annak, hogy az Erste Csoport elk\u00f6telezte mag\u00e1t, hogy reduk\u00e1lja a sz\u00e9nb\u00e1ny\u00e1szati \u00e9s sz\u00e9nt\u00fczel\u00e9ses szektorok finansz\u00edroz\u00e1s\u00e1t azzal a v\u00e9gs\u0151 c\u00e9llal, hogy 2030-ra nett\u00f3 kitetts\u00e9ge null\u00e1ra cs\u00f6kkenjen ezeken a ter\u00fcleteken. Ebben az \u00f6sszef\u00fcgg\u00e9sben az Erste Csoportnak m\u00e1r jelenleg is alacsony a sz\u00e9nb\u00e1ny\u00e1szati kitetts\u00e9ge, \u00e1m a r\u00e9gi\u00f3 \u00e1ramtermel\u0151inek energiaszerkezete gyakran az adott orsz\u00e1g energiaforr\u00e1sait t\u00fckr\u00f6zi. Az \u00f6sszes olyan energiatermel\u0151t figyelembe v\u00e9ve, ahol a sz\u00e9n t\u00f6bb mint 10 sz\u00e1zal\u00e9kos r\u00e9szar\u00e1nnyal szerepel az energiaszerkezetben, az Erste Csoport portf\u00f3li\u00f3j\u00e1nak kevesebb, mint 0,3 sz\u00e1zal\u00e9ka rendelkezik sz\u00e9nalap\u00fa energiatermel\u00e9ssel kapcsolatos kitetts\u00e9ggel.<\/p>\n<p>&nbsp;<\/p>\n<p>A sz\u00e9nt\u00fczel\u00e9ses er\u0151m\u0171vi \u00e1gazat jelent\u0151s m\u00e9rt\u00e9kben j\u00e1rul hozz\u00e1 bolyg\u00f3nk \u00e1tlagh\u0151m\u00e9rs\u00e9klet\u00e9nek emelked\u00e9s\u00e9hez. Ez\u00e1ltal a vil\u00e1g t\u00e1rsadalmaira \u00e9s a j\u00f6v\u0151beli gener\u00e1ci\u00f3kra is kihat\u00e1ssal van a k\u00f6rnyezet meg\u00f3v\u00e1sa, az emberi jogok, valamint a k\u00f6zeg\u00e9szs\u00e9g\u00fcgy \u00e9s a k\u00f6zj\u00f3l\u00e9t biztos\u00edt\u00e1sa r\u00e9v\u00e9n. Az Erste Csoport egy\u00e9rtelm\u0171 \u00e1ll\u00e1spontot k\u00e9pvisel ebben az \u00fcgyben, \u00e9s m\u00e1s vezet\u0151 p\u00e9nzint\u00e9zetekhez csatlakozik az\u00e1ltal, hogy szigor\u00edtja param\u00e9tereit a sz\u00e9nnel kapcsolatos tev\u00e9kenys\u00e9gek finansz\u00edroz\u00e1s\u00e1ban.<\/p>\n<p>&nbsp;<br \/>\n<div class=\"ads-in-post1\"><div id=\"gazdasagportal.hu_fullbanner_wideboard\"><\/div>\r\n<\/div>\n<p>A finansz\u00edroz\u00e1si politika fel\u00fclvizsg\u00e1lata nyom\u00e1n a sz\u00e9neszk\u00f6z-specifikus beruh\u00e1z\u00e1sok, vagy a sz\u00e9nb\u00e1ny\u00e1szattal, sz\u00e9nfeldolgoz\u00e1ssal, kokszfeldolgoz\u00e1ssal \u00e9s sz\u00e9nalap\u00fa energiatermel\u00e9ssel kapcsolatos \u00faj k\u00f6zvetlen finansz\u00edroz\u00e1s m\u00e1r nem t\u00e1mogathat\u00f3. Ez vonatkozik a megl\u00e9v\u0151 er\u0151m\u0171vek m\u0171k\u00f6d\u00e9s\u00e9nek meghosszabb\u00edt\u00e1s\u00e1ra, fel\u00faj\u00edt\u00e1s\u00e1ra, szervizel\u00e9s\u00e9re, valamint a sz\u00e9nb\u00e1ny\u00e1szat \u00e9s sz\u00e9nalap\u00fa er\u0151m\u0171vek eszk\u00f6zeire vonatkoz\u00f3 k\u00f6zvetlen ell\u00e1t\u00e1si l\u00e1ncra is. Emellett a v\u00e1llalati finansz\u00edroz\u00e1s a tov\u00e1bbiakban nem lesz el\u00e9rhet\u0151 olyan t\u00e1rsas\u00e1gok \u00e9s v\u00e1llalatcsoportok sz\u00e1m\u00e1ra, amelyek (m\u00e1r megl\u00e9v\u0151) sz\u00e9nb\u00e1ny\u00e1szati, vagy sz\u00e9nalap\u00fa energiatermel\u0151 kapacit\u00e1saikat meghosszabb\u00edtj\u00e1k, illetve amelyeknek bev\u00e9tele t\u00f6bb mint 25 sz\u00e1zal\u00e9kos ar\u00e1nyban a sz\u00e9nszektorb\u00f3l sz\u00e1rmazik. Emellett az Erste Csoport nem ny\u00fajt finansz\u00edroz\u00e1st a tov\u00e1bbiakban a sz\u00e9n, mint nyersanyag (\u00e1rut\u0151zsdei) keresked\u00e9s\u00e9hez, valamint sz\u00e9n t\u00e1rol\u00e1s\u00e1hoz \u00e9s feldolgoz\u00e1s\u00e1hoz.<\/p>\n<p>&nbsp;<\/p>\n<p>A k\u00f6zvetlen\u00fcl sz\u00e9neszk\u00f6z\u00f6k finansz\u00edroz\u00e1s\u00e1ra vonatkoz\u00f3 hitelez\u00e9si kapcsolatok fennmaradnak a vonatkoz\u00f3 szerz\u0151d\u00e9sek lej\u00e1rt\u00e1ig, az ebben a k\u00f6rben megl\u00e9v\u0151 meg\u00fajul\u00f3 szerz\u0151d\u00e9sek 2023. \u00e9v v\u00e9g\u00e9n t\u00fal m\u00e1r nem hosszabb\u00edthat\u00f3ak meg.<\/p>\n<p>&nbsp;<br \/>\n<div class=\"ads-in-post1\"><div id=\"gazdasagportal.hu_fullbanner_wideboard\"><\/div>\r\n<\/div>\n<p>A sz\u00e9n m\u00e9g ma is relev\u00e1ns t\u00e9nyez\u0151, k\u00fcl\u00f6n\u00f6sen Kelet-K\u00f6z\u00e9p-Eur\u00f3pa energiaell\u00e1t\u00e1s\u00e1ban, \u00edgy a r\u00e9gi\u00f3 egyes orsz\u00e1gaiban tov\u00e1bbra is els\u0151dleges energiaforr\u00e1sk\u00e9nt szolg\u00e1l a t\u00e1vh\u0151ell\u00e1t\u00e1sban. Ezeket a jelenlegi f\u00fcgg\u0151s\u00e9geket is figyelembe v\u00e9ve az Erste Csoport az energiabiztons\u00e1g \u00e9s a t\u00e1rsadalmi felel\u0151ss\u00e9gv\u00e1llal\u00e1s csorb\u00edt\u00e1sa n\u00e9lk\u00fcl k\u00edv\u00e1nja t\u00e1mogatni a r\u00e9gi\u00f3 sz\u00e9nfelhaszn\u00e1l\u00e1si \u00e1tmenet\u00e9t. Mindezek alapj\u00e1n az Erste Csoport m\u00e9lyrehat\u00f3 egyeztet\u00e9st k\u00edv\u00e1n folytatni \u00e9rintett v\u00e1llalati \u00fcgyfeleivel annak \u00e9rdek\u00e9ben, hogy a 2023 v\u00e9g\u00e9ig hiteles \u00e1tmeneti terveket \u00e1ll\u00edthassanak \u00f6ssze. <em>\u201eT\u00e1mogatjuk \u00fcgyfeleink er\u0151fesz\u00edt\u00e9seit, hogy 2030-ig kivonulhassanak a sz\u00e9ner\u0151m\u0171vi \u00e1gazatb\u00f3l\u201d<\/em> \u2013 jelentette ki Bernd Spalt.<\/p>\n","protected":false},"excerpt":{"rendered":"<p>Az Erste Csoport Felel\u0151s Finansz\u00edroz\u00e1si Politik\u00e1j\u00e1nak \u201efosszilis t\u00fczel\u0151anyagok\u201d fejezet\u00e9nek r\u00e9g\u00f3ta tervezett fel\u00fclvizsg\u00e1lat\u00e1t ind\u00edtotta el 2020 v\u00e9g\u00e9n, a pand\u00e9mi\u00e1s v\u00e1ls\u00e1g okozta cs\u00fasz\u00e1st k\u00f6vet\u0151en. A glob\u00e1lis felmeleged\u00e9s egyre s\u00fcrget\u0151bb probl\u00e9m\u00e1ja arra k\u00e9sztette az Erste Csoportot, hogy szigor\u00edtson a sz\u00e9nt\u00fczel\u00e9ssel kapcsolatos finansz\u00edroz\u00e1si felt\u00e9telein. \u201eA koronav\u00edrus-j\u00e1rv\u00e1ny egy mag\u00e1t\u00f3l \u00e9rtet\u0151d\u0151 lehet\u0151s\u00e9get jelent az eg\u00e9sz gazdas\u00e1g \u00f6kol\u00f3giai \u00fajraind\u00edt\u00e1s\u00e1ra. Hiszem, hogy a &#8230;<\/p>\n","protected":false},"author":1001007,"featured_media":0,"comment_status":"closed","ping_status":"open","sticky":false,"template":"","format":"standard","meta":[],"categories":[19],"tags":[],"_links":{"self":[{"href":"https:\/\/gazdasagportal.hu\/index.php\/wp-json\/wp\/v2\/posts\/133758"}],"collection":[{"href":"https:\/\/gazdasagportal.hu\/index.php\/wp-json\/wp\/v2\/posts"}],"about":[{"href":"https:\/\/gazdasagportal.hu\/index.php\/wp-json\/wp\/v2\/types\/post"}],"author":[{"embeddable":true,"href":"https:\/\/gazdasagportal.hu\/index.php\/wp-json\/wp\/v2\/users\/1001007"}],"replies":[{"embeddable":true,"href":"https:\/\/gazdasagportal.hu\/index.php\/wp-json\/wp\/v2\/comments?post=133758"}],"version-history":[{"count":1,"href":"https:\/\/gazdasagportal.hu\/index.php\/wp-json\/wp\/v2\/posts\/133758\/revisions"}],"predecessor-version":[{"id":133759,"href":"https:\/\/gazdasagportal.hu\/index.php\/wp-json\/wp\/v2\/posts\/133758\/revisions\/133759"}],"wp:attachment":[{"href":"https:\/\/gazdasagportal.hu\/index.php\/wp-json\/wp\/v2\/media?parent=133758"}],"wp:term":[{"taxonomy":"category","embeddable":true,"href":"https:\/\/gazdasagportal.hu\/index.php\/wp-json\/wp\/v2\/categories?post=133758"},{"taxonomy":"post_tag","embeddable":true,"href":"https:\/\/gazdasagportal.hu\/index.php\/wp-json\/wp\/v2\/tags?post=133758"}],"curies":[{"name":"wp","href":"https:\/\/api.w.org\/{rel}","templated":true}]}}