{"id":133693,"date":"2021-03-07T08:41:48","date_gmt":"2021-03-07T07:41:48","guid":{"rendered":"http:\/\/gazdasagportal.hu\/?p=133693"},"modified":"2021-03-07T08:41:48","modified_gmt":"2021-03-07T07:41:48","slug":"koronavirus-gulyas-jovo-szerdaig-tovabbi-400-ezer-embert-tudnak-beoltani-magyarorszagon","status":"publish","type":"post","link":"https:\/\/gazdasagportal.hu\/index.php\/koronavirus-gulyas-jovo-szerdaig-tovabbi-400-ezer-embert-tudnak-beoltani-magyarorszagon\/","title":{"rendered":"Koronav\u00edrus &#8211; Guly\u00e1s: j\u00f6v\u0151 szerd\u00e1ig tov\u00e1bbi 400 ezer embert tudnak beoltani Magyarorsz\u00e1gon"},"content":{"rendered":"<p><strong>J\u00f6v\u0151 szerd\u00e1ig tov\u00e1bbi 400 ezer embert tudnak beoltani koronav\u00edrus ellen Magyarorsz\u00e1gon, ami Eur\u00f3p\u00e1ban az els\u0151 helyet biztos\u00edtja az orsz\u00e1gnak &#8211; k\u00f6z\u00f6lte a Minisztereln\u00f6ks\u00e9get vezet\u0151 miniszter a Kossuth r\u00e1di\u00f3 Vas\u00e1rnapi \u00fajs\u00e1g c\u00edm\u0171 m\u0171sor\u00e1ban.<\/strong><!--more--><\/p>\n<div class=\"ads-in-post1\"><div id=\"gazdasagportal.hu_fullbanner_wideboard\"><\/div>\r\n<\/div>\n<p>    Guly\u00e1s Gergely kiemelte: Magyarorsz\u00e1g m\u00e1jusig 3,5 milli\u00f3 emberrel t\u00f6bbet tud beoltani, mint azok az orsz\u00e1gok, amelyek csak az Eur\u00f3pai Uni\u00f3 \u00e1ltal sz\u00e1ll\u00edtott vakcin\u00e1kra \u00e9p\u00edtik a v\u00e9dekez\u00e9s\u00fcket.<br \/>\n    Kisebb zavarok egy ekkora logisztikai akci\u00f3n\u00e1l lehetnek, de \u00f6sszess\u00e9g\u00e9ben Magyarorsz\u00e1g m\u00e1r most is m\u00e1sodik az EU tag\u00e1llamai k\u00f6z\u00f6tt az olt\u00e1si rangsorban, \u00e9s az a c\u00e9l, hogy az els\u0151k legy\u00fcnk &#8211; mondta.<br \/>\n    A miniszter r\u00e1mutatott: a sajt\u00f3ban megjelentekkel szemben az olt\u00e1si program egy percre sem \u00e1llt le. Neh\u00e9z nem t\u00f6megesnek tekinteni azt az olt\u00e1ssorozatot, amelyben 400 ezer ember fogja megkapni a vakcin\u00e1t &#8211; tette hozz\u00e1 Guly\u00e1s Gergely.<br \/>\n    Megjegyezte: a h\u00e1ziorvosokn\u00e1l, a k\u00f3rh\u00e1zi olt\u00f3pontokon a k\u00f6vetkez\u0151 napokban is zajlik a regisztr\u00e1ltak olt\u00e1sa Sinopharm-, Moderna- \u00e9s Pfizer-vakcin\u00e1val. Egyed\u00fcl az AstraZeneca-vakcin\u00e1val val\u00f3 olt\u00e1st f\u00fcggesztett\u00e9k fel, de a j\u00f6v\u0151 h\u00e9t m\u00e1sodik fel\u00e9ben ezt is megkapj\u00e1k az emberek.<br \/>\n<div class=\"ads-in-post2\"><script async src=\"https:\/\/pagead2.googlesyndication.com\/pagead\/js\/adsbygoogle.js\"><\/script>\r\n<ins class=\"adsbygoogle\"\r\n     style=\"display:block\"\r\n     data-ad-format=\"fluid\"\r\n     data-ad-layout-key=\"-6t+ed+2i-1n-4w\"\r\n     data-ad-client=\"ca-pub-1959107119989764\"\r\n     data-ad-slot=\"4008251320\"><\/ins>\r\n<script>\r\n     (adsbygoogle = window.adsbygoogle || []).push({});\r\n<\/script><\/div>\n    \u00dagy fogalmazott: sajnos a baloldal a legnagyobb v\u00e1ls\u00e1ghelyzetben is a &#8222;min\u00e9l rosszabb, ann\u00e1l jobb&#8221; elv\u00e9b\u0151l indul ki, \u00e9s ebb\u0151l egyenesen k\u00f6vetkezik az olt\u00e1selleness\u00e9g. Olyan vakcin\u00e1kkal, amelyeket a magyar hat\u00f3s\u00e1gok megvizsg\u00e1ltak \u00e9s enged\u00e9lyeztek, amelyekkel vil\u00e1gszerte t\u00f6bb t\u00edzmilli\u00f3 embert beoltottak, \u00e9s sz\u00e1mukra ez v\u00e9detts\u00e9get biztos\u00edt, ugyan mi\u00e9rt ne lehetne oltani Magyarorsz\u00e1gon? &#8211; tette fel a k\u00e9rd\u00e9st.<br \/>\n    Guly\u00e1s Gergely a k\u00ednai vakcin\u00e1t az egyik legjobb, a mut\u00e1nsok ellen tal\u00e1n a legnagyobb v\u00e9delmet ny\u00fajt\u00f3 olt\u00f3anyagnak nevezte. Hozz\u00e1tette: az olt\u00e1sellenes \u00e1ll\u00e1spont ellent\u00e9tes Magyarorsz\u00e1g \u00e9rdekeivel, \u00e9s azzal is, hogy a hat\u00e9kony v\u00e9dekez\u00e9s eredm\u00e9nyek\u00e9pp min\u00e9l el\u0151bb \u00fajra lehessen ind\u00edtani a gazdas\u00e1got.<br \/>\n    Magyarorsz\u00e1g nem el\u0151sz\u00f6r j\u00e1tszott \u00fatt\u00f6r\u0151 szerepet &#8211; utalt az olt\u00e1sok mellett a migr\u00e1ci\u00f3ra, megjegyezve, ut\u00f3bbir\u00f3l Magyarorsz\u00e1g mondta ki els\u0151k\u00e9nt, hogy a folyamatot meg kell \u00e1ll\u00edtani. Vakcina\u00fcgyben is egy\u00e9rtelm\u0171 volt, hogy nemcsak nyugaton, hanem keleten is k\u00e9sz\u00edthet\u0151k j\u00f3 vakcin\u00e1k &#8211; hangs\u00falyozta, hozz\u00e1t\u00e9ve: ahhoz ragaszkodtak, hogy a vakcin\u00e1kat a magyar hat\u00f3s\u00e1gok is vizsg\u00e1lj\u00e1k, \u00e9s csak olyanokat kaphassanak meg az emberek, amelyek ellen\u0151rz\u00f6ttek \u00e9s biztons\u00e1gosak.<br \/>\n<div class=\"ads-in-post1\"><div id=\"gazdasagportal.hu_fullbanner_wideboard\"><\/div>\r\n<\/div>\n    A Fidesznek az Eur\u00f3pai N\u00e9pp\u00e1rt (EPP) frakci\u00f3j\u00e1b\u00f3l val\u00f3 kil\u00e9p\u00e9s\u00e9r\u0151l \u00fagy fogalmazott, az egy\u00e9bk\u00e9nt balliber\u00e1lis ir\u00e1nyba sodr\u00f3d\u00f3 EPP-ben voltak olyan Benelux- vagy skandin\u00e1v t\u00f6rpep\u00e1rtok, amelyek alapvet\u0151en intoler\u00e1ns politik\u00e1t folytatnak, \u00e9s nem tudt\u00e1k elviselni a magyar korm\u00e1nyp\u00e1rtot, amely ragaszkodik a hagyom\u00e1nyos kereszt\u00e9nydemokrata \u00e9rt\u00e9krendhez, elutas\u00edtja a migr\u00e1ci\u00f3t \u00e9s a csal\u00e1dpolitik\u00e1ban is vil\u00e1gos \u00e9rt\u00e9keket fogalmaz meg. Hangs\u00falyozta: a Fidesz k\u00e9pvisel\u0151i mindig is a magyar \u00e9rdekeket k\u00e9pviselt\u00e9k Br\u00fcsszelben.<br \/>\n    Guly\u00e1s Gergely r\u00e1mutatott: a balliber\u00e1lis eur\u00f3pai sajt\u00f3ban sem vitatja senki, hogy a magyar minisztereln\u00f6k Eur\u00f3pa egyik legbefoly\u00e1sosabb politikusa, ahogy azt sem, hogy Angela Merkel szeptemberi t\u00e1voz\u00e1s\u00e1val az EU \u00e1llam- \u00e9s korm\u00e1nyf\u0151i k\u00f6z\u00fcl Orb\u00e1n Viktor lesz a legr\u00e9gebben hivatalt visel\u0151 korm\u00e1nyf\u0151. Ez az ismerts\u00e9g\u00e9t, befoly\u00e1s\u00e1t \u00f6nmag\u00e1ban is mutatja &#8211; emelte ki a miniszter.<br \/>\n<div class=\"ads-in-post1\"><div id=\"gazdasagportal.hu_fullbanner_wideboard\"><\/div>\r\n<\/div>\n    Megjegyezte: az Eur\u00f3pai N\u00e9pp\u00e1rton k\u00edv\u00fcl is van \u00e9let. Az eur\u00f3pai konzervat\u00edv, illetve jobboldali p\u00e1rtok k\u00f6z\u00f6tt van a leger\u0151sebb olasz korm\u00e1nyp\u00e1rt, a lengyel korm\u00e1nyt alkot\u00f3 legnagyobb p\u00e1rt, sz\u00f6vets\u00e9geseket k\u00f6zt\u00fck is lehet tal\u00e1lni &#8211; tette hozz\u00e1.<br \/>\n    Guly\u00e1s Gergely szerint \u00fagy t\u0171nik, hogy az Eur\u00f3pai N\u00e9pp\u00e1rt az elm\u00falt \u00e9vekben feladta az alapvet\u0151 jobboldali \u00e9rt\u00e9keket, azonban van egy nagy t\u00e1rsadalmi ig\u00e9ny, illetve egy nemzetk\u00f6zi \u00f6sszefog\u00e1sra vonatkoz\u00f3 ig\u00e9ny is arra, hogy legyenek olyanok, akik ezt k\u00e9pviselik.(MTI)<\/p>\n","protected":false},"excerpt":{"rendered":"<p>J\u00f6v\u0151 szerd\u00e1ig tov\u00e1bbi 400 ezer embert tudnak beoltani koronav\u00edrus ellen Magyarorsz\u00e1gon, ami Eur\u00f3p\u00e1ban az els\u0151 helyet biztos\u00edtja az orsz\u00e1gnak &#8211; k\u00f6z\u00f6lte a Minisztereln\u00f6ks\u00e9get vezet\u0151 miniszter a Kossuth r\u00e1di\u00f3 Vas\u00e1rnapi \u00fajs\u00e1g c\u00edm\u0171 m\u0171sor\u00e1ban.<\/p>\n","protected":false},"author":1001006,"featured_media":0,"comment_status":"closed","ping_status":"open","sticky":false,"template":"","format":"standard","meta":[],"categories":[4,427],"tags":[],"_links":{"self":[{"href":"https:\/\/gazdasagportal.hu\/index.php\/wp-json\/wp\/v2\/posts\/133693"}],"collection":[{"href":"https:\/\/gazdasagportal.hu\/index.php\/wp-json\/wp\/v2\/posts"}],"about":[{"href":"https:\/\/gazdasagportal.hu\/index.php\/wp-json\/wp\/v2\/types\/post"}],"author":[{"embeddable":true,"href":"https:\/\/gazdasagportal.hu\/index.php\/wp-json\/wp\/v2\/users\/1001006"}],"replies":[{"embeddable":true,"href":"https:\/\/gazdasagportal.hu\/index.php\/wp-json\/wp\/v2\/comments?post=133693"}],"version-history":[{"count":1,"href":"https:\/\/gazdasagportal.hu\/index.php\/wp-json\/wp\/v2\/posts\/133693\/revisions"}],"predecessor-version":[{"id":133694,"href":"https:\/\/gazdasagportal.hu\/index.php\/wp-json\/wp\/v2\/posts\/133693\/revisions\/133694"}],"wp:attachment":[{"href":"https:\/\/gazdasagportal.hu\/index.php\/wp-json\/wp\/v2\/media?parent=133693"}],"wp:term":[{"taxonomy":"category","embeddable":true,"href":"https:\/\/gazdasagportal.hu\/index.php\/wp-json\/wp\/v2\/categories?post=133693"},{"taxonomy":"post_tag","embeddable":true,"href":"https:\/\/gazdasagportal.hu\/index.php\/wp-json\/wp\/v2\/tags?post=133693"}],"curies":[{"name":"wp","href":"https:\/\/api.w.org\/{rel}","templated":true}]}}