{"id":133691,"date":"2021-03-07T00:18:51","date_gmt":"2021-03-06T23:18:51","guid":{"rendered":"http:\/\/gazdasagportal.hu\/?p=133691"},"modified":"2021-03-07T00:18:51","modified_gmt":"2021-03-06T23:18:51","slug":"tippek-a-vallalati-energiahatekonysag-javitasara","status":"publish","type":"post","link":"https:\/\/gazdasagportal.hu\/index.php\/tippek-a-vallalati-energiahatekonysag-javitasara\/","title":{"rendered":"Tippek a v\u00e1llalati energiahat\u00e9konys\u00e1g jav\u00edt\u00e1s\u00e1ra"},"content":{"rendered":"<p><strong>A mai, m\u00e1rcius 6-ai Energiahat\u00e9konys\u00e1gi Vil\u00e1gnap m\u00e1r t\u00f6bb mint k\u00e9t \u00e9vtizedes m\u00faltra tekint vissza, meg\u00fcnnepl\u00e9s\u00e9r\u0151l egy 1998-as ausztriai konferenci\u00e1n sz\u00fcletett d\u00f6nt\u00e9s. Az energiahat\u00e9konys\u00e1g az\u00f3ta az EU c\u00e9lkit\u0171z\u00e9seiben is fontos szerepet kapott, az uni\u00f3s direkt\u00edv\u00e1k az energiafogyaszt\u00e1s cs\u00f6kkent\u00e9s\u00e9re vonatkoz\u00f3an egyre ambici\u00f3zusabb c\u00e9lokat t\u0171znek ki. A vil\u00e1gnap alkalm\u00e1b\u00f3l t\u00f6bbnyire a v\u00e9gfogyaszt\u00f3k figyelm\u00e9t h\u00edvj\u00e1k fel az energi\u00e1val val\u00f3 takar\u00e9koss\u00e1g k\u00e9zenfekv\u0151 m\u00f3dszereire, de a v\u00e1llalatok sz\u00e1m\u00e1ra az energiahat\u00e9konys\u00e1g tal\u00e1n m\u00e9g fontosabb szempont. Ennek bel\u00e1t\u00e1s\u00e1hoz el\u00e9g, ha figyelembe vessz\u00fck, hogy a termel\u00e9si k\u00f6lts\u00e9gek \u00e1tlagosan 10 sz\u00e1zal\u00e9k\u00e1t az energia teszi ki, de energia-intenz\u00edv \u00e1gazatokban ez az ar\u00e1ny a 40 sz\u00e1zal\u00e9kot is el\u00e9rheti. A vil\u00e1gnap alkalm\u00e1b\u00f3l a Siemens szakemberei \u00f6sszegy\u0171jt\u00f6tt\u00e9k, mik\u00e9nt cs\u00f6kkenthetik energiafelhaszn\u00e1l\u00e1sukat a hazai v\u00e1llalkoz\u00e1sok.<\/strong><!--more--><\/p>\n<div class=\"ads-in-post1\"><div id=\"gazdasagportal.hu_fullbanner_wideboard\"><\/div>\r\n<\/div>\n<p><strong>\u00a0<\/strong><\/p>\n<p><strong>Adatgy\u0171jt\u00e9s \u00e9s elemz\u00e9s<\/strong><\/p>\n<p>Az energiafogyaszt\u00e1s m\u00e9r\u00e9se \u2013 ami a 100 kW-n\u00e1l nagyobb teljes\u00edtm\u00e9ny\u0171 berendez\u00e9sek eset\u00e9ben am\u00fagy is k\u00f6telez\u0151, illetve 2022-t\u0151l m\u00e1r 50 kW felett is \u2013 nemcsak a jegyz\u0151k\u00f6nyvek vezet\u00e9se \u00e9rdek\u00e9ben fontos. Az adatok, amelyek megfelel\u0151 alkalmaz\u00e1sok seg\u00edts\u00e9g\u00e9vel ak\u00e1r mobiltelefonon is nyomon k\u00f6vethet\u0151k, a modern IoT-rendszerek inputjai. Megfelel\u0151 szoftverrel elemezve a fogyaszt\u00e1s optimaliz\u00e1l\u00e1s\u00e1nak \u00faj lehet\u0151s\u00e9geire der\u00fcl f\u00e9ny. Az energiamonitoring figyelmeztethet arra is, ha egy g\u00e9pre nincs sz\u00fcks\u00e9g az aktu\u00e1lis termel\u00e9si terv el\u00e9r\u00e9s\u00e9hez, \u00e9s \u00edgy kikapcsolhat\u00f3.<\/p><div id=\"gazda-280167811\" class=\"gazda-tartalomban gazda-entity-placement\"><script async src=\"https:\/\/pagead2.googlesyndication.com\/pagead\/js\/adsbygoogle.js\"><\/script>\r\n<ins class=\"adsbygoogle\"\r\n     style=\"display:block\"\r\n     data-ad-format=\"fluid\"\r\n     data-ad-layout-key=\"-6t+ed+2i-1n-4w\"\r\n     data-ad-client=\"ca-pub-1959107119989764\"\r\n     data-ad-slot=\"4008251320\"><\/ins>\r\n<script>\r\n     (adsbygoogle = window.adsbygoogle || []).push({});\r\n<\/script><\/div>\n<p>&nbsp;<\/p>\n<p><strong>Hat\u00e9kony \u00e9s biztons\u00e1gos m\u0171k\u00f6d\u00e9s<\/strong><\/p>\n<p>\u00daj, energiahat\u00e9konyabb g\u00e9pek, berendez\u00e9sek v\u00e1s\u00e1rl\u00e1sakor \u00e9rdemes azokat v\u00e1lasztani, amelyek fel vannak szerelve az elemz\u00e9shez sz\u00fcks\u00e9ges adatokat \u00f6sszegy\u0171jt\u0151 \u00e9s tov\u00e1bb\u00edt\u00f3, a g\u00e9pek k\u00f6z\u00f6tti kapcsolatokat lehet\u0151v\u00e9 tev\u0151 egys\u00e9gekkel. Nem t\u00fal nagy beruh\u00e1z\u00e1ssal ugyanakkor a r\u00e9gebbi berendez\u00e9sek is \u201eokoss\u00e1 tehet\u0151k\u201d: felszerelhet\u0151k a sz\u00fcks\u00e9ges szenzorokkal \u00e9s bek\u00f6thet\u0151k a h\u00e1l\u00f3zatokba. Elv\u00e9gre min\u00e9l jobban m\u00e9rhet\u0151 valami, ann\u00e1l k\u00f6nnyebben tervezhet\u0151: ez az Ipar 4.0 egyik alapfelismer\u00e9se. A digitaliz\u00e1ci\u00f3 term\u00e9szetesen csak a kiberbiztons\u00e1g megfelel\u0151 szintje mellett hozza a v\u00e1rt el\u0151ny\u00f6ket, ezt azonban a modern megold\u00e1sok \u201ealapb\u00f3l\u201d garant\u00e1lj\u00e1k.<\/p>\n<div class=\"ads-in-post2\"><script async src=\"https:\/\/pagead2.googlesyndication.com\/pagead\/js\/adsbygoogle.js\"><\/script>\r\n<ins class=\"adsbygoogle\"\r\n     style=\"display:block\"\r\n     data-ad-format=\"fluid\"\r\n     data-ad-layout-key=\"-6t+ed+2i-1n-4w\"\r\n     data-ad-client=\"ca-pub-1959107119989764\"\r\n     data-ad-slot=\"4008251320\"><\/ins>\r\n<script>\r\n     (adsbygoogle = window.adsbygoogle || []).push({});\r\n<\/script><\/div>\n&nbsp;<\/p>\n<p><strong>V\u00e9delem<\/strong><\/p>\n<p>Az energiah\u00e1l\u00f3zat alapos megtervez\u00e9se kulcsfontoss\u00e1g\u00fa az elektromos h\u00e1l\u00f3zati hib\u00e1k, balesetek megel\u0151z\u00e9se szempontj\u00e1b\u00f3l is. Az eur\u00f3pai t\u0171zesetek mintegy harmad\u00e1t valamilyen elektromos meghib\u00e1sod\u00e1s okozza, holott ezek t\u00f6bbs\u00e9ge megfelel\u0151 \u00e9s megb\u00edzhat\u00f3 v\u00e9delmi k\u00e9sz\u00fcl\u00e9k alkalmaz\u00e1s\u00e1val (pl.: megszak\u00edt\u00f3k, \u00e1ram-v\u00e9d\u0151kapcsol\u00f3k, \u00edvhiba \u00e9rz\u00e9kel\u0151k, vill\u00e1m\u00e1ram-, t\u00falfesz\u00fclts\u00e9g v\u00e9delmi k\u00e9sz\u00fcl\u00e9kek) megel\u0151zhet\u0151. Emellett a modern v\u00e9delmi kapcsol\u00f3k\u00e9sz\u00fcl\u00e9kekkel elker\u00fclhet\u0151 az esetenk\u00e9nt a berendez\u00e9sek v\u00e9g\u00e9t is jelent\u0151 t\u00falfesz\u00fclts\u00e9g; tov\u00e1bb\u00e1 a h\u00e1l\u00f3zatok, k\u00e1belek \u00e9s berendez\u00e9sek szigetel\u00e9s hib\u00e1ib\u00f3l ered\u0151 balesetek sz\u00e1ma is minim\u00e1lisra cs\u00f6kkenthet\u0151.<\/p>\n<p>&nbsp;<\/p>\n<p><strong>\u00c9p\u00fcletek<\/strong><\/p>\n<p>A glob\u00e1lis \u00e1ramfogyaszt\u00e1s 40 sz\u00e1zal\u00e9k\u00e1\u00e9rt az \u00e9p\u00fcleteink felel\u0151sek, az energiahat\u00e9konys\u00e1g \u00edgy itt is kulcsfontoss\u00e1g\u00fa t\u00e9nyez\u0151. A k\u00f6rnyezettudatos \u00e9p\u00edt\u00e9s hossz\u00fa t\u00e1v\u00fa feladat, hiszen a teljes \u00e9letciklust tekintve az \u00e9p\u00fcleteknek nem a beruh\u00e1z\u00e1si, hanem az \u00fczemeltet\u00e9si k\u00f6lts\u00e9gei a meghat\u00e1roz\u00f3ak. Ma m\u00e1r sz\u00e1mos automatiz\u00e1l\u00e1si technol\u00f3gia \u00e1ll rendelkez\u00e9s\u00fcnkre, amely hozz\u00e1j\u00e1rulhat \u2013 t\u00f6bbek k\u00f6z\u00f6tt \u2013 a f\u0171t\u00e9s \u00e9s a l\u00e9gkondicion\u00e1l\u00e1s energiahat\u00e9kony megold\u00e1s\u00e1hoz. Ezek az alrendszerek ugyanis a legnagyobb fogyaszt\u00f3k: a l\u00e9gkondicion\u00e1l\u00e1s sok \u00e9p\u00fclet eset\u00e9ben az \u00e9ves villamosenergia-fogyaszt\u00e1s fel\u00e9t teszi ki. Fontos, hogy az \u00e9p\u00edt\u0151iparban tev\u00e9kenyked\u0151 beruh\u00e1z\u00f3k, tervez\u0151k \u00e9s kivitelez\u0151k, valamint az \u00fczemeltet\u0151k ezt is szem el\u0151tt tartva alkossanak, m\u0171k\u00f6dtessenek fenntarthat\u00f3 \u00e9s energiahat\u00e9kony \u00e9p\u00fcleteket.<\/p>\n<div class=\"ads-in-post1\"><div id=\"gazdasagportal.hu_fullbanner_wideboard\"><\/div>\r\n<\/div>\n&nbsp;<\/p>\n<p><strong>\u201eMicrogrid\u201d<\/strong><\/p>\n<p>Az energiahat\u00e9konys\u00e1g jelent\u0151sen jav\u00edthat\u00f3, ha az \u00e9p\u00fcletben \u201emicrogridet\u201d, azaz saj\u00e1t energiaell\u00e1t\u00f3 \u00e9s szab\u00e1lyoz\u00f3 rendszert hoznak l\u00e9tre, amely nemcsak a villamosenergia-ell\u00e1t\u00e1sr\u00f3l, de a f\u0171t\u00e9sr\u0151l is gondoskodik. Ilyen rendszer m\u0171k\u00f6dik a Siemens b\u00e9csi telephely\u00e9n is, amelynek r\u00e9szei: a fotovoltaikus \u00e1ramtermel\u00e9s, az e-t\u00f6lt\u00e9si infrastrukt\u00fara, az energiat\u00e1rol\u00f3 egys\u00e9g \u00e9s a microgrid-vez\u00e9rl\u0151. Ut\u00f3bbi, a rendszer \u201eagya\u201d 2,5 MW-nyi teljes\u00edtm\u00e9nyt fel\u00fcgyel, ami nagyj\u00e1b\u00f3l 700 h\u00e1ztart\u00e1s villamosenergia-ig\u00e9nye. A vez\u00e9rl\u00e9s nem csup\u00e1n a fogyaszt\u00e1si adatokat, de \u2013 t\u00f6bbek k\u00f6z\u00f6tt \u2013 az id\u0151j\u00e1r\u00e1s-el\u0151rejelz\u00e9st \u00e9s az elektromos j\u00e1rm\u0171vek tulajdonosainak \u201et\u00f6lt\u00e9si szok\u00e1sait\u201d is figyelembe veszi. Ilyen megold\u00e1ssal egy\u00fattal nagyobb irodah\u00e1zak, komplexumok, lak\u00f3parkok is n\u00f6velhetik energiabiztons\u00e1gukat.<\/p>\n<p>&nbsp;<\/p>\n<p><strong>Energiat\u00e1rol\u00f3 berendez\u00e9sek<\/strong><\/p>\n<p>Az energiat\u00e1rol\u00f3 berendez\u00e9sek nemcsak a \u201emicrogrideknek\u201d fontos alkatr\u00e9szei. Ezeket az egys\u00e9geket nagyobb terhel\u00e9s eset\u00e9n b\u00e1rmilyen rendszerbe be lehet kapcsolni, aminek eredm\u00e9nyek\u00e9nt egyr\u00e9szt alacsonyabbak lesznek a villamosenergia-termel\u00e9s \u201ecs\u00facsai\u201d, m\u00e1sr\u00e9sz optim\u00e1lisabb\u00e1 v\u00e1lik a fogyaszt\u00e1s \u2013 a fenntart\u00e1s k\u00f6lts\u00e9geire mindkett\u0151 j\u00f3t\u00e9kony hat\u00e1st gyakorol. Az energiat\u00e1rol\u00f3 berendez\u00e9sek el\u0151tt nagy j\u00f6v\u0151 \u00e1ll, v\u00e1rhat\u00f3an fontos szerepet j\u00e1tszanak majd a villamosenergia-piacok kiegyens\u00falyoz\u00e1s\u00e1ban.<\/p>\n<div class=\"ads-in-post2\"><script async src=\"https:\/\/pagead2.googlesyndication.com\/pagead\/js\/adsbygoogle.js\"><\/script>\r\n<ins class=\"adsbygoogle\"\r\n     style=\"display:block\"\r\n     data-ad-format=\"fluid\"\r\n     data-ad-layout-key=\"-6t+ed+2i-1n-4w\"\r\n     data-ad-client=\"ca-pub-1959107119989764\"\r\n     data-ad-slot=\"4008251320\"><\/ins>\r\n<script>\r\n     (adsbygoogle = window.adsbygoogle || []).push({});\r\n<\/script><\/div>\n&nbsp;<\/p>\n<p><strong>Siemens \u2013 T\u00f6bb, mint 130 \u00e9ve Magyarorsz\u00e1gon<\/strong><\/p>\n<p>A Siemens AG a vil\u00e1g egyik vezet\u0151 technol\u00f3giai v\u00e1llalata, amely a m\u00e9rn\u00f6ki kiv\u00e1l\u00f3s\u00e1got, az innov\u00e1ci\u00f3t, a min\u0151s\u00e9get \u00e9s a megb\u00edzhat\u00f3s\u00e1got k\u00e9pviseli vil\u00e1gszerte imm\u00e1r t\u00f6bb mint 170 \u00e9ve. A v\u00e1llalat f\u00f3kusz\u00e1ban vil\u00e1gszerte az \u00e9p\u00fcletek \u00e9s az energiaeloszt\u00e1si rendszerek intelligens infrastrukt\u00far\u00e1ja, valamint a folyamat- \u00e9s diszkr\u00e9t gy\u00e1rt\u00e1s automatiz\u00e1l\u00e1sa \u00e9s digitaliz\u00e1l\u00e1sa \u00e1ll. A Siemens oly m\u00f3don kapcsolja \u00f6ssze a digit\u00e1lis \u00e9s a val\u00f3s fizikai vil\u00e1got, amely egyar\u00e1nt biztos\u00edt el\u0151ny\u00f6ket az \u00fcgyfelei \u00e9s a t\u00e1rsadalom sz\u00e1m\u00e1ra. A Siemens Mobility-n kereszt\u00fcl \u2013 amely a vas\u00fati \u00e9s k\u00f6z\u00fati sz\u00e1ll\u00edt\u00e1s intelligens mobilit\u00e1si megold\u00e1sainak vezet\u0151 sz\u00e1ll\u00edt\u00f3ja \u2013 a v\u00e1llalat seg\u00edts\u00e9get ny\u00fajt a szem\u00e9ly- \u00e9s \u00e1rusz\u00e1ll\u00edt\u00e1si szolg\u00e1ltat\u00e1sok vil\u00e1gpiac\u00e1nak form\u00e1l\u00e1s\u00e1ban. A t\u0151zsd\u00e9n jegyzett Siemens Healthineers t\u00f6bbs\u00e9gi tulajdonosak\u00e9nt a Siemens emellett a gy\u00f3gy\u00e1szati technol\u00f3gia \u00e9s a digit\u00e1lis eg\u00e9szs\u00e9g\u00fcgy ter\u00e9n is a vil\u00e1g vezet\u0151 sz\u00e1ll\u00edt\u00f3ja. Ezenfel\u00fcl a Siemens kisebbs\u00e9gi r\u00e9szesed\u00e9ssel rendelkezik a villamosenergia-\u00e1tvitel \u00e9s -termel\u00e9s ter\u00fclet\u00e9n vil\u00e1gels\u0151 Siemens Energy v\u00e1llalatban, amelyet 2020. szeptember 28. \u00f3ta jegyeznek a t\u0151zsd\u00e9n.<\/p>\n<p>A 2020. szeptember 30-\u00e1val z\u00e1rult gazdas\u00e1gi \u00e9vben a Siemens-c\u00e9gcsoport glob\u00e1lisan 57,1 milli\u00e1rd eur\u00f3 \u00e1rbev\u00e9telt, valamint 4,2 milli\u00e1rd eur\u00f3 ad\u00f3z\u00e1s ut\u00e1ni eredm\u00e9nyt \u00e9rt el \u00e9s mintegy 295\u00a0000 munkat\u00e1rsat foglalkoztatott. Magyarorsz\u00e1gon a Siemens 1887-ben, az els\u0151 budapesti villamosvonal meg\u00e9p\u00edt\u00e9sekor alap\u00edtott c\u00e9get, amely az\u00f3ta is meghat\u00e1roz\u00f3 szerepet j\u00e1tszik az orsz\u00e1g moderniz\u00e1ci\u00f3j\u00e1ban.\u00a0A Siemens-csoport tagja a Siemens Zrt. mellett az evosoft Hungary Kft., a Mentor Graphics Magyarorsz\u00e1g Kft., a Siemens Healthcare Kft. \u00e9s a Siemens Mobility Kft., mely v\u00e1llalatok \u00f6sszesen t\u00f6bb mint 2000 munkat\u00e1rsat foglalkoztatnak, valamint a Siemens Gamesa Renewable Energy Kft. \u00e9s a Valeo Siemens eAutomotive Hungary Kft. is.<\/p>\n<p><a href=\"http:\/\/www.siemens.hu\" target=\"_blank\" rel=\"noopener noreferrer\">http:\/\/www.siemens.hu<\/a><\/p>\n","protected":false},"excerpt":{"rendered":"<p>A mai, m\u00e1rcius 6-ai Energiahat\u00e9konys\u00e1gi Vil\u00e1gnap m\u00e1r t\u00f6bb mint k\u00e9t \u00e9vtizedes m\u00faltra tekint vissza, meg\u00fcnnepl\u00e9s\u00e9r\u0151l egy 1998-as ausztriai konferenci\u00e1n sz\u00fcletett d\u00f6nt\u00e9s. Az energiahat\u00e9konys\u00e1g az\u00f3ta az EU c\u00e9lkit\u0171z\u00e9seiben is fontos szerepet kapott, az uni\u00f3s direkt\u00edv\u00e1k az energiafogyaszt\u00e1s cs\u00f6kkent\u00e9s\u00e9re vonatkoz\u00f3an egyre ambici\u00f3zusabb c\u00e9lokat t\u0171znek ki. A vil\u00e1gnap alkalm\u00e1b\u00f3l t\u00f6bbnyire a v\u00e9gfogyaszt\u00f3k figyelm\u00e9t h\u00edvj\u00e1k fel az energi\u00e1val val\u00f3 &#8230;<\/p>\n","protected":false},"author":1001006,"featured_media":0,"comment_status":"closed","ping_status":"open","sticky":false,"template":"","format":"standard","meta":[],"categories":[19],"tags":[],"_links":{"self":[{"href":"https:\/\/gazdasagportal.hu\/index.php\/wp-json\/wp\/v2\/posts\/133691"}],"collection":[{"href":"https:\/\/gazdasagportal.hu\/index.php\/wp-json\/wp\/v2\/posts"}],"about":[{"href":"https:\/\/gazdasagportal.hu\/index.php\/wp-json\/wp\/v2\/types\/post"}],"author":[{"embeddable":true,"href":"https:\/\/gazdasagportal.hu\/index.php\/wp-json\/wp\/v2\/users\/1001006"}],"replies":[{"embeddable":true,"href":"https:\/\/gazdasagportal.hu\/index.php\/wp-json\/wp\/v2\/comments?post=133691"}],"version-history":[{"count":1,"href":"https:\/\/gazdasagportal.hu\/index.php\/wp-json\/wp\/v2\/posts\/133691\/revisions"}],"predecessor-version":[{"id":133692,"href":"https:\/\/gazdasagportal.hu\/index.php\/wp-json\/wp\/v2\/posts\/133691\/revisions\/133692"}],"wp:attachment":[{"href":"https:\/\/gazdasagportal.hu\/index.php\/wp-json\/wp\/v2\/media?parent=133691"}],"wp:term":[{"taxonomy":"category","embeddable":true,"href":"https:\/\/gazdasagportal.hu\/index.php\/wp-json\/wp\/v2\/categories?post=133691"},{"taxonomy":"post_tag","embeddable":true,"href":"https:\/\/gazdasagportal.hu\/index.php\/wp-json\/wp\/v2\/tags?post=133691"}],"curies":[{"name":"wp","href":"https:\/\/api.w.org\/{rel}","templated":true}]}}