{"id":133689,"date":"2021-03-06T14:28:12","date_gmt":"2021-03-06T13:28:12","guid":{"rendered":"http:\/\/gazdasagportal.hu\/?p=133689"},"modified":"2021-03-06T14:28:12","modified_gmt":"2021-03-06T13:28:12","slug":"meghalt-146-beteg-7269-cel-nott-a-fertozottek-szama-magyarorszagon","status":"publish","type":"post","link":"https:\/\/gazdasagportal.hu\/index.php\/meghalt-146-beteg-7269-cel-nott-a-fertozottek-szama-magyarorszagon\/","title":{"rendered":"Meghalt 146 beteg, 7269-cel n\u0151tt a fert\u0151z\u00f6ttek sz\u00e1ma Magyarorsz\u00e1gon"},"content":{"rendered":"<p><strong>Meghalt 146, t\u00f6bbs\u00e9g\u00e9ben id\u0151s, kr\u00f3nikus beteg, \u00e9s \u00fajabb 7269 magyar \u00e1llampolg\u00e1rn\u00e1l mutatt\u00e1k ki a koronav\u00edrus-fert\u0151z\u00e9st &#8211; k\u00f6z\u00f6lte a koronavirus.gov.hu szombaton.<\/strong><!--more--><\/p>\n<div class=\"ads-in-post1\"><div id=\"gazdasagportal.hu_fullbanner_wideboard\"><\/div>\r\n<\/div>\n<p>    A korm\u00e1nyzati port\u00e1lon azt \u00edrt\u00e1k: 459 816-ra n\u0151tt a Magyarorsz\u00e1gon azonos\u00edtott fert\u0151z\u00f6ttek sz\u00e1ma. Az elhunytak\u00e9 15 765-re emelkedett, a gy\u00f3gyultak sz\u00e1ma 333 045.<br \/>\n    Az akt\u00edv fert\u0151z\u00f6ttek sz\u00e1ma 111 006-ra n\u0151tt. K\u00f3rh\u00e1zban 7243 koronav\u00edrusos beteget \u00e1polnak, k\u00f6z\u00fcl\u00fck 751-en vannak l\u00e9legeztet\u0151g\u00e9pen.<br \/>\n    Hat\u00f3s\u00e1gi h\u00e1zi karant\u00e9nban 46 620-an vannak, a mintav\u00e9telek sz\u00e1ma 3 816 852-re n\u0151tt.<br \/>\n    K\u00f6z\u00f6lt\u00e9k: folyamatos az olt\u00e1s, eddig 949 497 embert oltottak be, k\u00f6z\u00fcl\u00fck 304 880-an m\u00e1r a m\u00e1sodik d\u00f3zist is megkapt\u00e1k.<br \/>\n    T\u00e1j\u00e9koztat\u00e1suk szerint az olt\u00e1si program rendben, \u00fctemezetten \u00e9s h\u00e9tv\u00e9g\u00e9n is zajlik, k\u00f6zel 400 ezer regisztr\u00e1lt id\u0151s olt\u00e1s\u00e1t v\u00e9gzik ezekben a napokban is a h\u00e1ziorvosokn\u00e1l a Sinopharm \u00e9s a Moderna olt\u00f3anyagokkal, valamint a k\u00f3rh\u00e1zi olt\u00f3pontokon a Pfizer-vakcin\u00e1val. Egyed\u00fcl az AstraZeneca-vakcin\u00e1val val\u00f3 olt\u00e1st f\u00fcggesztett\u00e9k fel, melyet a j\u00f6v\u0151 h\u00e9t m\u00e1sodik fel\u00e9ben folytatnak.<br \/>\n<div class=\"ads-in-post2\"><script async src=\"https:\/\/pagead2.googlesyndication.com\/pagead\/js\/adsbygoogle.js\"><\/script>\r\n<ins class=\"adsbygoogle\"\r\n     style=\"display:block\"\r\n     data-ad-format=\"fluid\"\r\n     data-ad-layout-key=\"-6t+ed+2i-1n-4w\"\r\n     data-ad-client=\"ca-pub-1959107119989764\"\r\n     data-ad-slot=\"4008251320\"><\/ins>\r\n<script>\r\n     (adsbygoogle = window.adsbygoogle || []).push({});\r\n<\/script><\/div>\n    Mint \u00edrt\u00e1k, a drasztikusan emelked\u0151 betegsz\u00e1m miatt a korm\u00e1ny cs\u00fct\u00f6rt\u00f6ki \u00fcl\u00e9s\u00e9n a korl\u00e1toz\u00e1sok szigor\u00edt\u00e1s\u00e1r\u00f3l d\u00f6nt\u00f6tt. &#8222;Most az\u00e9rt kell z\u00e1rni, hogy min\u00e9l hamarabb \u00fajra nyithasson az orsz\u00e1g. \u00c9ppen ez\u00e9rt k\u00e9t h\u00e9t szigor\u00edt\u00e1sr\u00f3l d\u00f6nt\u00f6tt\u00fcnk abban a rem\u00e9nyben, hogy h\u00fasv\u00e9tkor \u00fajra tudjuk ind\u00edtani az \u00e9letet&#8221; &#8211; hangs\u00falyozt\u00e1k.<br \/>\n    A korl\u00e1toz\u00e1sokr\u00f3l sz\u00f3l\u00f3 korm\u00e1nyrendelet p\u00e9nteken jelent meg a Magyar K\u00f6zl\u00f6nyben.<br \/>\n    A m\u00e1rcius 8-t\u00f3l m\u00e1rcius 22-ig tart\u00f3 k\u00e9t h\u00e9tben az \u00fczleteket az \u00e9lelmiszer\u00fczletek, a patik\u00e1k, a benzinkutak, a drog\u00e9ri\u00e1k, a doh\u00e1nyboltok, gazdas\u00e1gi, mez\u0151gazdas\u00e1gi \u00e9s erd\u00e9szeti tev\u00e9kenys\u00e9ghez n\u00e9lk\u00fcl\u00f6zhetetlen anyagokat \u00e9s eszk\u00f6z\u00f6ket \u00e1rus\u00edt\u00f3 \u00fczletek, valamint az \u00e1llateledelt, takarm\u00e1nyt forgalmaz\u00f3 \u00fczletek, a piac \u00e9s a termel\u0151i piac kiv\u00e9tel\u00e9vel be kell z\u00e1rni.<br \/>\n    Minden szolg\u00e1ltat\u00e1s sz\u00fcnetel, kiv\u00e9ve a mag\u00e1neg\u00e9szs\u00e9g\u00fcgyi-, szoci\u00e1lis-, p\u00e9nz\u00fcgyi-, postai, j\u00e1rm\u0171szerv\u00edz-szolg\u00e1ltat\u00e1sokat. N\u0151napon, m\u00e1rcius 8-\u00e1n, h\u00e9tf\u0151n a vir\u00e1gboltok nyitva maradhatnak, de ut\u00e1na nekik is be kell z\u00e1rniuk.<br \/>\n<div class=\"ads-in-post1\"><div id=\"gazdasagportal.hu_fullbanner_wideboard\"><\/div>\r\n<\/div>\n    Az \u00e9ttermekben tov\u00e1bbra is lesz lehet\u0151s\u00e9g elviteles v\u00e1s\u00e1rl\u00e1sra.<br \/>\n    H\u00e9tf\u0151t\u0151l a tavaszi sz\u00fcnet v\u00e9g\u00e9ig bez\u00e1rnak az \u00f3vod\u00e1k, digit\u00e1lis tanrendre t\u00e9rnek \u00e1t az \u00e1ltal\u00e1nos iskol\u00e1k is. Az esti kij\u00e1r\u00e1si tilalom tov\u00e1bbra is \u00e9rv\u00e9nyben marad. A maszk visel\u00e9se lakott ter\u00fcleten bel\u00fcl minden k\u00f6zter\u00fcleten k\u00f6telez\u0151, \u00e9s 1,5 m\u00e9ter v\u00e9d\u0151t\u00e1vols\u00e1got kell tartani m\u00e1sokt\u00f3l. A munkav\u00e9gz\u00e9s lehets\u00e9ges, de ahol lehet otthoni munkav\u00e9gz\u00e9st javasolnak.<br \/>\n    A szabadt\u00e9ri sporttev\u00e9kenys\u00e9g lehets\u00e9ges, ahol tarthat\u00f3 a m\u00e1sf\u00e9l m\u00e9teres t\u00e1vols\u00e1g, megengedett az igazolt sportol\u00f3k edz\u00e9se, a meccsek kiz\u00e1r\u00f3lag z\u00e1rt kapuk m\u00f6g\u00f6tt lehetnek. A parkok, arbor\u00e9tumok nyitva lehetnek. Szigor\u00edtj\u00e1k a hat\u00e1r\u00e1tl\u00e9p\u00e9st, a tranzit- \u00e9s teherforgalmat tov\u00e1bbra sem korl\u00e1tozz\u00e1k.<br \/>\n    Azokra a szektorokra is kiterjesztik a b\u00e9rt\u00e1mogat\u00e1st, amelyeknek most be kell z\u00e1rniuk.<br \/>\n    A korm\u00e1ny c\u00e9lja, hogy &#8222;h\u00fasv\u00e9t k\u00f6rny\u00e9k\u00e9n&#8221; fokozatosan \u00e9s felel\u0151sen lehessen megkezdeni a korl\u00e1toz\u00e1sok felold\u00e1s\u00e1t, az \u00fajraind\u00edt\u00e1sr\u00f3l m\u00e1rcius 15-\u00e9ig v\u00e1rj\u00e1k az emberek v\u00e9lem\u00e9ny\u00e9t &#8222;az online nemzeti konzult\u00e1ci\u00f3n&#8221;.<br \/>\n<div class=\"ads-in-post2\"><script async src=\"https:\/\/pagead2.googlesyndication.com\/pagead\/js\/adsbygoogle.js\"><\/script>\r\n<ins class=\"adsbygoogle\"\r\n     style=\"display:block\"\r\n     data-ad-format=\"fluid\"\r\n     data-ad-layout-key=\"-6t+ed+2i-1n-4w\"\r\n     data-ad-client=\"ca-pub-1959107119989764\"\r\n     data-ad-slot=\"4008251320\"><\/ins>\r\n<script>\r\n     (adsbygoogle = window.adsbygoogle || []).push({});\r\n<\/script><\/div>\n    A rend\u0151rs\u00e9g szigor\u00faan ellen\u0151rzi a szab\u00e1lyok betart\u00e1s\u00e1t, p\u00e9nzb\u00edrs\u00e1got szabhat ki, \u00e9s azokat a helyeket, ahol nem tartj\u00e1k be az el\u0151\u00edr\u00e1sokat, bez\u00e1rja &#8211; h\u00edvt\u00e1k fel a figyelmet. A katon\u00e1k az orsz\u00e1g t\u00f6bb v\u00e1ros\u00e1ban t\u00e1mogatj\u00e1k a rend\u0151r\u00f6k munk\u00e1j\u00e1t \u00e9s a k\u00f3rh\u00e1zakban tehermentes\u00edtik az eg\u00e9szs\u00e9g\u00fcgyi dolgoz\u00f3kat.<br \/>\n    Felh\u00edvt\u00e1k a figyelmet arra, hogy a j\u00e1rv\u00e1ny &#8222;rendk\u00edv\u00fcl intenz\u00edven terjed&#8221;, a brit v\u00edrusmut\u00e1ns t\u00f6bb embert k\u00e9pes fert\u0151zni, ez\u00e9rt az \u00e1ltal\u00e1nos higi\u00e9niai szab\u00e1lyok betart\u00e1sa tov\u00e1bbra is elengedhetetlen. Javasolt\u00e1k az olyan helyek elker\u00fcl\u00e9s\u00e9t, ahol z\u00e1rt t\u00e9rben sokan vannak, akin\u00e9l pedig hat\u00f3s\u00e1gi h\u00e1zi karant\u00e9nt rendeltek el, azt szigor\u00faan be kell tartani. T\u00fcnetekkel senki se menjen k\u00f6z\u00f6ss\u00e9gbe, maradjon otthon \u00e9s telefonon h\u00edvja h\u00e1ziorvos\u00e1t &#8211; \u00edrt\u00e1k.<br \/>\n    K\u00f6z\u00f6lt\u00e9k: az olt\u00e1si strat\u00e9gia m\u00f3dos\u00edt\u00e1s\u00e1val minden rendelkez\u00e9sre \u00e1ll\u00f3 \u00e9s be\u00e9rkez\u0151 vakcinasz\u00e1ll\u00edtm\u00e1nyt min\u00e9l el\u0151bb beadnak. &#8222;Mind az \u00f6t Magyarorsz\u00e1gon alkalmazott vakcina hat\u00e1sos \u00e9s biztons\u00e1gos, \u00e9s v\u00e9delmet ad a koronav\u00edrus-fert\u0151z\u00e9s s\u00falyos lefoly\u00e1sa ellen&#8221; &#8211; hangs\u00falyozt\u00e1k. Azt k\u00e9rt\u00e9k, hogy aki m\u00e9g nem tette meg, az regisztr\u00e1ljon a v\u00e9d\u0151olt\u00e1sra a www.vakcinainfo.gov.hu honlapon, mert a v\u00e9d\u0151olt\u00e1s \u00e9letet ment.<br \/>\n<div class=\"ads-in-post1\"><div id=\"gazdasagportal.hu_fullbanner_wideboard\"><\/div>\r\n<\/div>\n    Uni\u00f3s beszerz\u00e9sb\u0151l eddig csak Pfizer, Moderna \u00e9s AstraZeneca vakcin\u00e1t sz\u00e1ll\u00edtottak, de &#8222;kev\u00e9s vakcina \u00e9rkezik \u00e9s lassan&#8221;, ez\u00e9rt Magyarorsz\u00e1g mindent megtesz, hogy legyen el\u00e9g vakcina a t\u00f6meges olt\u00e1s megkezd\u00e9s\u00e9hez. A nyugati vakcin\u00e1kon t\u00fal 3,5 milli\u00f3 ember olt\u00e1s\u00e1hoz el\u00e9g k\u00ednai \u00e9s orosz vakcin\u00e1t is lek\u00f6t\u00f6ttek.<br \/>\n    Hozz\u00e1tett\u00e9k: kiemelten fontos az id\u0151sek \u00e9s kr\u00f3nikus betegek v\u00e9delme, a k\u00f3rh\u00e1zakban \u00e9s az id\u0151sotthonokban v\u00e1ltozatlanul l\u00e1togat\u00e1si tilalom van.<br \/>\n    Minden gy\u00fclekez\u00e9s \u00e9s rendezv\u00e9ny megtart\u00e1sa tilos. Temet\u00e9sen legfeljebb 50-en lehetnek. Esk\u00fcv\u0151k lakodalom n\u00e9lk\u00fcl tarthat\u00f3k meg.<br \/>\n    A sz\u00e1llod\u00e1k csak \u00fczleti, gazdas\u00e1gi vagy oktat\u00e1si c\u00e9lb\u00f3l \u00e9rkez\u0151 vend\u00e9geket fogadhatnak. A szabadid\u0151s l\u00e9tes\u00edtm\u00e9nyek haszn\u00e1lata tilos, bele\u00e9rtve a fitnesztermeket, fedett uszod\u00e1kat, m\u00fazeumokat, k\u00f6nyvt\u00e1rakat, mozikat, \u00e1llatkerteket, korcsolyap\u00e1ly\u00e1kat.<br \/>\n    A k\u00f6zter\u00fcleti parkol\u00e1s ingyenes. A kereskedelmi c\u00e9l\u00fa P+R, parkol\u00f3h\u00e1z, parkol\u00f3gar\u00e1zs, z\u00e1rt felsz\u00edni parkol\u00f3 \u00e9s nem z\u00e1rt felsz\u00edni parkol\u00f3 d\u00edjfizet\u00e9s n\u00e9lk\u00fcl vehet\u0151 ig\u00e9nybe este 7-t\u0151l reggel 7 \u00f3r\u00e1ig.<br \/>\n<div class=\"ads-in-post2\"><script async src=\"https:\/\/pagead2.googlesyndication.com\/pagead\/js\/adsbygoogle.js\"><\/script>\r\n<ins class=\"adsbygoogle\"\r\n     style=\"display:block\"\r\n     data-ad-format=\"fluid\"\r\n     data-ad-layout-key=\"-6t+ed+2i-1n-4w\"\r\n     data-ad-client=\"ca-pub-1959107119989764\"\r\n     data-ad-slot=\"4008251320\"><\/ins>\r\n<script>\r\n     (adsbygoogle = window.adsbygoogle || []).push({});\r\n<\/script><\/div>\n    A k\u00f6z\u00f6ss\u00e9gi k\u00f6zleked\u00e9st d\u00edjmentesen haszn\u00e1lhatj\u00e1k az eg\u00e9szs\u00e9g\u00fcgyi dolgoz\u00f3k mellett a v\u00e9dekez\u00e9sben igazoltan r\u00e9szt vev\u0151 szoci\u00e1lis dolgoz\u00f3k, rend\u0151r\u00f6k, katon\u00e1k \u00e9s k\u00f6zszolg\u00e1lati tisztvisel\u0151k is.<br \/>\n    Az oldal t\u00e9rk\u00e9pe szerint eddig Budapesten (86 635) \u00e9s Pest megy\u00e9ben (59 981) regisztr\u00e1lt\u00e1k a legt\u00f6bb fert\u0151z\u00f6ttet. Ezt k\u00f6veti Borsod-Aba\u00faj-Zempl\u00e9n (26 307), Gy\u0151r-Moson-Sopron (26 165) \u00e9s Hajd\u00fa-Bihar megye (25 498). A fert\u0151z\u00e9sben legkev\u00e9sb\u00e9 \u00e9rintett megye Tolna (10 252).(MTI)<\/p>\n","protected":false},"excerpt":{"rendered":"<p>Meghalt 146, t\u00f6bbs\u00e9g\u00e9ben id\u0151s, kr\u00f3nikus beteg, \u00e9s \u00fajabb 7269 magyar \u00e1llampolg\u00e1rn\u00e1l mutatt\u00e1k ki a koronav\u00edrus-fert\u0151z\u00e9st &#8211; k\u00f6z\u00f6lte a koronavirus.gov.hu szombaton.<\/p>\n","protected":false},"author":1001005,"featured_media":0,"comment_status":"closed","ping_status":"open","sticky":false,"template":"","format":"standard","meta":[],"categories":[4,427],"tags":[],"_links":{"self":[{"href":"https:\/\/gazdasagportal.hu\/index.php\/wp-json\/wp\/v2\/posts\/133689"}],"collection":[{"href":"https:\/\/gazdasagportal.hu\/index.php\/wp-json\/wp\/v2\/posts"}],"about":[{"href":"https:\/\/gazdasagportal.hu\/index.php\/wp-json\/wp\/v2\/types\/post"}],"author":[{"embeddable":true,"href":"https:\/\/gazdasagportal.hu\/index.php\/wp-json\/wp\/v2\/users\/1001005"}],"replies":[{"embeddable":true,"href":"https:\/\/gazdasagportal.hu\/index.php\/wp-json\/wp\/v2\/comments?post=133689"}],"version-history":[{"count":1,"href":"https:\/\/gazdasagportal.hu\/index.php\/wp-json\/wp\/v2\/posts\/133689\/revisions"}],"predecessor-version":[{"id":133690,"href":"https:\/\/gazdasagportal.hu\/index.php\/wp-json\/wp\/v2\/posts\/133689\/revisions\/133690"}],"wp:attachment":[{"href":"https:\/\/gazdasagportal.hu\/index.php\/wp-json\/wp\/v2\/media?parent=133689"}],"wp:term":[{"taxonomy":"category","embeddable":true,"href":"https:\/\/gazdasagportal.hu\/index.php\/wp-json\/wp\/v2\/categories?post=133689"},{"taxonomy":"post_tag","embeddable":true,"href":"https:\/\/gazdasagportal.hu\/index.php\/wp-json\/wp\/v2\/tags?post=133689"}],"curies":[{"name":"wp","href":"https:\/\/api.w.org\/{rel}","templated":true}]}}