{"id":133665,"date":"2021-03-05T11:05:58","date_gmt":"2021-03-05T10:05:58","guid":{"rendered":"http:\/\/gazdasagportal.hu\/?p=133665"},"modified":"2021-03-05T11:05:58","modified_gmt":"2021-03-05T10:05:58","slug":"meghalt-143-beteg-6369-cel-nott-a-fertozottek-szama-magyarorszagon","status":"publish","type":"post","link":"https:\/\/gazdasagportal.hu\/index.php\/meghalt-143-beteg-6369-cel-nott-a-fertozottek-szama-magyarorszagon\/","title":{"rendered":"Meghalt 143 beteg, 6369-cel n\u0151tt a fert\u0151z\u00f6ttek sz\u00e1ma Magyarorsz\u00e1gon"},"content":{"rendered":"<p><strong>Meghalt 143, t\u00f6bbs\u00e9g\u00e9ben id\u0151s, kr\u00f3nikus beteg, \u00e9s \u00fajabb 6369 magyar \u00e1llampolg\u00e1rn\u00e1l mutatt\u00e1k ki a koronav\u00edrus-fert\u0151z\u00e9st &#8211; k\u00f6z\u00f6lte a koronavirus.gov.hu p\u00e9nteken.<\/strong><!--more--><\/p>\n<div class=\"ads-in-post1\"><div id=\"gazdasagportal.hu_fullbanner_wideboard\"><\/div>\r\n<\/div>\n<p>    A korm\u00e1nyzati port\u00e1lon azt \u00edrt\u00e1k: 452 547-re n\u0151tt a Magyarorsz\u00e1gon azonos\u00edtott fert\u0151z\u00f6ttek sz\u00e1ma. Az elhunytak\u00e9 15 619-re emelkedett, a gy\u00f3gyultak sz\u00e1ma 331 557.<br \/>\n    Az akt\u00edv fert\u0151z\u00f6ttek sz\u00e1ma 105 371-re n\u0151tt. K\u00f3rh\u00e1zban 6867 koronav\u00edrusos beteget \u00e1polnak, k\u00f6z\u00fcl\u00fck 677-en vannak l\u00e9legeztet\u0151g\u00e9pen.<br \/>\n    Hat\u00f3s\u00e1gi h\u00e1zi karant\u00e9nban 45 164-en vannak, a mintav\u00e9telek sz\u00e1ma 3 781 181-re n\u0151tt.<br \/>\n    K\u00f6z\u00f6lt\u00e9k: folyamatos az olt\u00e1s, eddig 862 953 embert oltottak be, k\u00f6z\u00fcl\u00fck 279 727-en m\u00e1r a m\u00e1sodik d\u00f3zist is megkapt\u00e1k.<br \/>\n    A k\u00f6vetkez\u0151 napokban is folytat\u00f3dik a regisztr\u00e1lt id\u0151sek olt\u00e1sa h\u00e1ziorvosokn\u00e1l (250 ezer k\u00ednai vakcin\u00e1val \u00e9s 31 ezer Moderna-vakcin\u00e1val). 114 ezer Pfizer-vakcin\u00e1t a k\u00f3rh\u00e1zi olt\u00f3pontokon adnak be az id\u0151seknek.<br \/>\n    A j\u00e1rv\u00e1ny felsz\u00e1ll\u00f3 \u00e1ga miatt azt k\u00e9rik, hogy aki m\u00e9g nem tette meg, regisztr\u00e1ljon a v\u00e9d\u0151olt\u00e1sra a www.vakcinainfo.gov.hu honlapon.<br \/>\n<div class=\"ads-in-post2\"><script async src=\"https:\/\/pagead2.googlesyndication.com\/pagead\/js\/adsbygoogle.js\"><\/script>\r\n<ins class=\"adsbygoogle\"\r\n     style=\"display:block\"\r\n     data-ad-format=\"fluid\"\r\n     data-ad-layout-key=\"-6t+ed+2i-1n-4w\"\r\n     data-ad-client=\"ca-pub-1959107119989764\"\r\n     data-ad-slot=\"4008251320\"><\/ins>\r\n<script>\r\n     (adsbygoogle = window.adsbygoogle || []).push({});\r\n<\/script><\/div>\n    Mint \u00edrt\u00e1k, a drasztikusan emelked\u0151 betegsz\u00e1m miatt a korm\u00e1ny cs\u00fct\u00f6rt\u00f6ki \u00fcl\u00e9s\u00e9n a korl\u00e1toz\u00e1sok szigor\u00edt\u00e1s\u00e1r\u00f3l d\u00f6nt\u00f6tt. &#8222;Az \u00fajranyit\u00e1s c\u00e9legyenes\u00e9ben vagyunk, de el\u0151tte a j\u00e1rv\u00e1ny harmadik hull\u00e1m\u00e1t le kell t\u00f6rni, \u00e9s ezek az azok az int\u00e9zked\u00e9sek, amelyekkel ezt meg lehet tenni. Ha mindenki betartja ezeket, akkor kor\u00e1bban tudunk nyitni, kor\u00e1bban indulhat \u00fajra az \u00e9let Magyarorsz\u00e1gon&#8221; &#8211; hangs\u00falyozt\u00e1k.<br \/>\n    A bejelentett korl\u00e1toz\u00e1sokr\u00f3l azt \u00edrt\u00e1k: az \u00fczleteket m\u00e1rcius 8-t\u00f3l m\u00e1rcius 22-ig be kell z\u00e1rni (kiv\u00e9tel \u00e9lelmiszer\u00fczletek, patik\u00e1k, benzinkutak, drog\u00e9ri\u00e1k, bankfi\u00f3kok, doh\u00e1nyboltok). Minden szolg\u00e1ltat\u00e1s sz\u00fcnetel, a mag\u00e1neg\u00e9szs\u00e9g\u00fcgy kiv\u00e9tel\u00e9vel.<br \/>\n    H\u00e9tf\u0151t\u0151l z\u00e1rnak az \u00f3vod\u00e1k, digit\u00e1lis tanrendre t\u00e9rnek \u00e1t az \u00e1ltal\u00e1nos iskol\u00e1k is. Az esti kij\u00e1r\u00e1si korl\u00e1toz\u00e1s tov\u00e1bbra is \u00e9rv\u00e9nyben marad. A maszk visel\u00e9se szabadt\u00e9ren mindenhol k\u00f6telez\u0151. A munkav\u00e9gz\u00e9s lehets\u00e9ges, de ahol lehet otthoni munkav\u00e9gz\u00e9st javaslunk, k\u00fcl\u00f6n\u00f6s tekintettel a kisgyermekes sz\u00fcl\u0151k eset\u00e9ben.<br \/>\n<div class=\"ads-in-post1\"><div id=\"gazdasagportal.hu_fullbanner_wideboard\"><\/div>\r\n<\/div>\n    A szabadt\u00e9ri sporttev\u00e9kenys\u00e9g lehets\u00e9ges, ahol tarthat\u00f3 a m\u00e1sf\u00e9l m\u00e9teres t\u00e1vols\u00e1g, megengedett az igazolt sportol\u00f3k edz\u00e9se, a meccsek kiz\u00e1r\u00f3lag z\u00e1rt kapuk m\u00f6g\u00f6tt lehetnek. A parkok, arbor\u00e9tumok nyitva lehetnek. Szigor\u00edtj\u00e1k a hat\u00e1r\u00e1tl\u00e9p\u00e9st, a tranzit- \u00e9s teherforgalmat tov\u00e1bbra sem korl\u00e1tozz\u00e1k.<br \/>\n    Azokra a szektorokra is kiterjesztik a b\u00e9rt\u00e1mogat\u00e1st, amelyeknek most be kell z\u00e1rniuk. A r\u00e9szletszab\u00e1lyokat tartalmaz\u00f3 korm\u00e1nyrendelet v\u00e1rhat\u00f3an p\u00e9nteken jelenik meg.<br \/>\n    A korm\u00e1ny meghosszabb\u00edtotta a jelenleg hat\u00e1lyban l\u00e9v\u0151 v\u00e9delmi int\u00e9zked\u00e9seket. A korm\u00e1ny \u00e1ll\u00e1spontja, hogy &#8211; ha majd a j\u00e1rv\u00e1ny\u00fcgyi helyzet lehet\u0151v\u00e9 teszi -, csak fokozatosan \u00e9s felel\u0151sen lehet feloldani a korl\u00e1toz\u00e1sokat &#8211; k\u00f6z\u00f6lt\u00e9k, hozz\u00e1t\u00e9ve: az \u00fajraind\u00edt\u00e1sr\u00f3l tov\u00e1bbra is v\u00e1rj\u00e1k az emberek v\u00e9lem\u00e9ny\u00e9t &#8222;az online nemzeti konzult\u00e1ci\u00f3n&#8221;.<br \/>\n    Este 8 \u00e9s reggel 5 \u00f3ra k\u00f6z\u00f6tt kij\u00e1r\u00e1si tilalom van, ez al\u00f3l csak igazolt munkav\u00e9gz\u00e9ssel lehet mentes\u00fclni.<br \/>\n    A maszkvisel\u00e9ssel \u00e9s t\u00e1vols\u00e1gtart\u00e1ssal kapcsolatos szab\u00e1lyok is \u00e9rv\u00e9nyesek, azzal, hogy a 10 ezer lakos\u00fan\u00e1l nagyobb telep\u00fcl\u00e9sek egyes k\u00f6zter\u00fcletein a maszkvisel\u00e9s k\u00f6telez\u0151. Sporttev\u00e9kenys\u00e9g alatt, valamint parkokban, z\u00f6ldter\u00fcleteken a maszk visel\u00e9se tov\u00e1bbra sem k\u00f6telez\u0151.<br \/>\n<div class=\"ads-in-post2\"><script async src=\"https:\/\/pagead2.googlesyndication.com\/pagead\/js\/adsbygoogle.js\"><\/script>\r\n<ins class=\"adsbygoogle\"\r\n     style=\"display:block\"\r\n     data-ad-format=\"fluid\"\r\n     data-ad-layout-key=\"-6t+ed+2i-1n-4w\"\r\n     data-ad-client=\"ca-pub-1959107119989764\"\r\n     data-ad-slot=\"4008251320\"><\/ins>\r\n<script>\r\n     (adsbygoogle = window.adsbygoogle || []).push({});\r\n<\/script><\/div>\n    A k\u00f3rh\u00e1zakban \u00e9s az id\u0151sotthonokban v\u00e1ltozatlanul l\u00e1togat\u00e1si tilalom van.<br \/>\n    Az \u00fczletek &#8211; a gy\u00f3gyszert\u00e1rak \u00e9s a benzinkutak kiv\u00e9tel\u00e9vel &#8211; este 7 \u00f3r\u00e1ig maradhatnak nyitva. A rendeletben nem eml\u00edtett szolg\u00e1ltat\u00f3k \u00e9s szolg\u00e1ltat\u00e1sok (p\u00e9ld\u00e1ul fodr\u00e1sz, massz\u0151r, szem\u00e9lyi edz\u0151) a szokott rendben m\u0171k\u00f6dhetnek a kij\u00e1r\u00e1si tilalom szab\u00e1lyai mellett.<br \/>\n    Minden gy\u00fclekez\u00e9s tilos. Az \u00e9ttermekben vend\u00e9g csak az \u00e9tel elvitele c\u00e9lj\u00e1b\u00f3l tart\u00f3zkodhat. A sz\u00e1llod\u00e1k turist\u00e1kat nem fogadhatnak, csak \u00fczleti, gazdas\u00e1gi vagy oktat\u00e1si c\u00e9lb\u00f3l \u00e9rkez\u0151 vend\u00e9geket. Mindennem\u0171 rendezv\u00e9ny megtart\u00e1sa tilos, ide \u00e9rtve a kultur\u00e1lis esem\u00e9nyeket. A sportm\u00e9rk\u0151z\u00e9seket z\u00e1rt kapuk m\u00f6g\u00f6tt kell megtartani. A szabadid\u0151s l\u00e9tes\u00edtm\u00e9nyek haszn\u00e1lata tilos, bele\u00e9rtve a fitnesztermeket, fedett uszod\u00e1kat, m\u00fazeumokat, k\u00f6nyvt\u00e1rakat, mozikat, \u00e1llatkerteket, korcsolyap\u00e1ly\u00e1kat.<br \/>\n    Mag\u00e1n- \u00e9s csal\u00e1di rendezv\u00e9nyek (p\u00e9ld\u00e1ul sz\u00fclet\u00e9snap) &#8211; nem sz\u00e1m\u00edtva a 14 \u00e9v alattiakat &#8211; maximum 10 ember r\u00e9szv\u00e9tel\u00e9vel tarthat\u00f3k meg. Temet\u00e9sen legfeljebb 50-en lehetnek. Esk\u00fcv\u0151k lakodalom n\u00e9lk\u00fcl tarthat\u00f3k meg.<br \/>\n    A k\u00f6zter\u00fcleti parkol\u00e1s ingyenes. A kereskedelmi c\u00e9l\u00fa P+R, parkol\u00f3h\u00e1z, parkol\u00f3gar\u00e1zs, z\u00e1rt felsz\u00edni parkol\u00f3 \u00e9s nem z\u00e1rt felsz\u00edni parkol\u00f3 d\u00edjfizet\u00e9s n\u00e9lk\u00fcl vehet\u0151 ig\u00e9nybe este 7-t\u0151l reggel 7 \u00f3r\u00e1ig.<br \/>\n    A k\u00f6z\u00f6ss\u00e9gi k\u00f6zleked\u00e9st d\u00edjmentesen haszn\u00e1lhatj\u00e1k az eg\u00e9szs\u00e9g\u00fcgyi dolgoz\u00f3k mellett a v\u00e9dekez\u00e9sben igazoltan r\u00e9szt vev\u0151 szoci\u00e1lis dolgoz\u00f3k, rend\u0151r\u00f6k, katon\u00e1k \u00e9s k\u00f6zszolg\u00e1lati tisztvisel\u0151k is.<br \/>\n<div class=\"ads-in-post1\"><div id=\"gazdasagportal.hu_fullbanner_wideboard\"><\/div>\r\n<\/div>\n    A rend\u0151rs\u00e9g szigor\u00faan ellen\u0151rzi a szab\u00e1lyok betart\u00e1s\u00e1t, p\u00e9nzb\u00edrs\u00e1got szabhat ki, \u00e9s azokat a helyeket, ahol nem tartj\u00e1k be az el\u0151\u00edr\u00e1sokat, bez\u00e1rja. A katon\u00e1k az orsz\u00e1g t\u00f6bb v\u00e1ros\u00e1ban t\u00e1mogatj\u00e1k a rend\u0151r\u00f6k munk\u00e1j\u00e1t \u00e9s a k\u00f3rh\u00e1zban tehermentes\u00edtik az eg\u00e9szs\u00e9g\u00fcgyi dolgoz\u00f3kat.<br \/>\n    Az oldal t\u00e9rk\u00e9pe szerint eddig Budapesten (85 273) \u00e9s Pest megy\u00e9ben (58 861) regisztr\u00e1lt\u00e1k a legt\u00f6bb fert\u0151z\u00f6ttet. Ezt k\u00f6veti Borsod-Aba\u00faj-Zempl\u00e9n (25 856), Gy\u0151r-Moson-Sopron (25 677) \u00e9s Hajd\u00fa-Bihar megye (25 117). A fert\u0151z\u00e9sben legkev\u00e9sb\u00e9 \u00e9rintett megye Tolna (10 083).(MTI)<\/p>\n","protected":false},"excerpt":{"rendered":"<p>Meghalt 143, t\u00f6bbs\u00e9g\u00e9ben id\u0151s, kr\u00f3nikus beteg, \u00e9s \u00fajabb 6369 magyar \u00e1llampolg\u00e1rn\u00e1l mutatt\u00e1k ki a koronav\u00edrus-fert\u0151z\u00e9st &#8211; k\u00f6z\u00f6lte a koronavirus.gov.hu p\u00e9nteken.<\/p>\n","protected":false},"author":1001007,"featured_media":0,"comment_status":"closed","ping_status":"open","sticky":false,"template":"","format":"standard","meta":[],"categories":[4,427],"tags":[],"_links":{"self":[{"href":"https:\/\/gazdasagportal.hu\/index.php\/wp-json\/wp\/v2\/posts\/133665"}],"collection":[{"href":"https:\/\/gazdasagportal.hu\/index.php\/wp-json\/wp\/v2\/posts"}],"about":[{"href":"https:\/\/gazdasagportal.hu\/index.php\/wp-json\/wp\/v2\/types\/post"}],"author":[{"embeddable":true,"href":"https:\/\/gazdasagportal.hu\/index.php\/wp-json\/wp\/v2\/users\/1001007"}],"replies":[{"embeddable":true,"href":"https:\/\/gazdasagportal.hu\/index.php\/wp-json\/wp\/v2\/comments?post=133665"}],"version-history":[{"count":1,"href":"https:\/\/gazdasagportal.hu\/index.php\/wp-json\/wp\/v2\/posts\/133665\/revisions"}],"predecessor-version":[{"id":133666,"href":"https:\/\/gazdasagportal.hu\/index.php\/wp-json\/wp\/v2\/posts\/133665\/revisions\/133666"}],"wp:attachment":[{"href":"https:\/\/gazdasagportal.hu\/index.php\/wp-json\/wp\/v2\/media?parent=133665"}],"wp:term":[{"taxonomy":"category","embeddable":true,"href":"https:\/\/gazdasagportal.hu\/index.php\/wp-json\/wp\/v2\/categories?post=133665"},{"taxonomy":"post_tag","embeddable":true,"href":"https:\/\/gazdasagportal.hu\/index.php\/wp-json\/wp\/v2\/tags?post=133665"}],"curies":[{"name":"wp","href":"https:\/\/api.w.org\/{rel}","templated":true}]}}