{"id":133649,"date":"2021-03-04T17:08:00","date_gmt":"2021-03-04T16:08:00","guid":{"rendered":"http:\/\/gazdasagportal.hu\/?p=133649"},"modified":"2021-03-04T17:08:00","modified_gmt":"2021-03-04T16:08:00","slug":"vartnal-kevesbe-nott-az-elso-alkalommal-munkanelkuli-segelyt-kerok-szama-az-egyesult-allamokban","status":"publish","type":"post","link":"https:\/\/gazdasagportal.hu\/index.php\/vartnal-kevesbe-nott-az-elso-alkalommal-munkanelkuli-segelyt-kerok-szama-az-egyesult-allamokban\/","title":{"rendered":"V\u00e1rtn\u00e1l kev\u00e9sb\u00e9 n\u0151tt az els\u0151 alkalommal munkan\u00e9lk\u00fcli seg\u00e9lyt k\u00e9r\u0151k sz\u00e1ma az Egyes\u00fclt \u00c1llamokban"},"content":{"rendered":"<p><strong>Elemz\u0151k \u00e1ltal v\u00e1rtn\u00e1l szer\u00e9nyebben n\u0151tt az els\u0151 alkalommal munkan\u00e9lk\u00fcli seg\u00e9lyt k\u00e9r\u0151k sz\u00e1ma az Egyes\u00fclt \u00c1llamokban a m\u00falt h\u00e9ten.<\/strong><!--more--><\/p>\n<div class=\"ads-in-post1\"><div id=\"gazdasagportal.hu_fullbanner_wideboard\"><\/div>\r\n<\/div>\n<p>    A washingtoni munka\u00fcgyi miniszt\u00e9rium cs\u00fct\u00f6rt\u00f6k\u00f6n azt k\u00f6z\u00f6lte, hogy a szezon\u00e1lisan kiigaz\u00edtott adatok szerint az els\u0151 alkalommal munkan\u00e9lk\u00fcli seg\u00e9ly\u00e9rt folyamod\u00f3k sz\u00e1ma 745 ezer volt a febru\u00e1r 27-\u00e9vel z\u00e1rult h\u00e9ten, ami 9 ezerrel t\u00f6bb az egy h\u00e9ttel kor\u00e1bbi 736 ezern\u00e9l.<br \/>\n    Elemz\u0151k enn\u00e9l valamivel nagyobb n\u00f6veked\u00e9st, 750 ezres sz\u00e1mot v\u00e1rtak.<br \/>\n    A seg\u00e9lyk\u00e9relmek sz\u00e1m\u00e1t m\u00e9r\u0151 n\u00e9gyhetes mozg\u00f3\u00e1tlag &#8211; amely seg\u00edt kisz\u0171rni az ideiglenes, egyszeri hat\u00e1sokat &#8211; 16 ezer 750-nel, 790 ezer 750-re cs\u00f6kkent a m\u00falt h\u00e9ten.<br \/>\n    A tart\u00f3san munkan\u00e9lk\u00fcli seg\u00e9lyt k\u00e9r\u0151k sz\u00e1ma a febru\u00e1r 20-val v\u00e9gz\u0151d\u00f6tt h\u00e9ten 124 ezerrel, 4 milli\u00f3 295 ezerre s\u00fcllyedt. Elemz\u0151k gyeng\u00e9bb adatra, 4 milli\u00f3 300 ezerre sz\u00e1m\u00edtottak.<br \/>\n    A tart\u00f3san munkan\u00e9lk\u00fcli seg\u00e9lyt k\u00e9r\u0151k sz\u00e1m\u00e1t m\u00e9r\u0151 n\u00e9gyhetes mozg\u00f3\u00e1tlag 99 ezerrel, 4 milli\u00f3 448 ezerre esett.(MTI)<\/p>\n","protected":false},"excerpt":{"rendered":"<p>Elemz\u0151k \u00e1ltal v\u00e1rtn\u00e1l szer\u00e9nyebben n\u0151tt az els\u0151 alkalommal munkan\u00e9lk\u00fcli seg\u00e9lyt k\u00e9r\u0151k sz\u00e1ma az Egyes\u00fclt \u00c1llamokban a m\u00falt h\u00e9ten.<\/p>\n","protected":false},"author":1001006,"featured_media":0,"comment_status":"closed","ping_status":"open","sticky":false,"template":"","format":"standard","meta":[],"categories":[13,246],"tags":[],"_links":{"self":[{"href":"https:\/\/gazdasagportal.hu\/index.php\/wp-json\/wp\/v2\/posts\/133649"}],"collection":[{"href":"https:\/\/gazdasagportal.hu\/index.php\/wp-json\/wp\/v2\/posts"}],"about":[{"href":"https:\/\/gazdasagportal.hu\/index.php\/wp-json\/wp\/v2\/types\/post"}],"author":[{"embeddable":true,"href":"https:\/\/gazdasagportal.hu\/index.php\/wp-json\/wp\/v2\/users\/1001006"}],"replies":[{"embeddable":true,"href":"https:\/\/gazdasagportal.hu\/index.php\/wp-json\/wp\/v2\/comments?post=133649"}],"version-history":[{"count":1,"href":"https:\/\/gazdasagportal.hu\/index.php\/wp-json\/wp\/v2\/posts\/133649\/revisions"}],"predecessor-version":[{"id":133650,"href":"https:\/\/gazdasagportal.hu\/index.php\/wp-json\/wp\/v2\/posts\/133649\/revisions\/133650"}],"wp:attachment":[{"href":"https:\/\/gazdasagportal.hu\/index.php\/wp-json\/wp\/v2\/media?parent=133649"}],"wp:term":[{"taxonomy":"category","embeddable":true,"href":"https:\/\/gazdasagportal.hu\/index.php\/wp-json\/wp\/v2\/categories?post=133649"},{"taxonomy":"post_tag","embeddable":true,"href":"https:\/\/gazdasagportal.hu\/index.php\/wp-json\/wp\/v2\/tags?post=133649"}],"curies":[{"name":"wp","href":"https:\/\/api.w.org\/{rel}","templated":true}]}}