{"id":133555,"date":"2021-03-01T13:42:45","date_gmt":"2021-03-01T12:42:45","guid":{"rendered":"http:\/\/gazdasagportal.hu\/?p=133555"},"modified":"2021-03-01T13:42:45","modified_gmt":"2021-03-01T12:42:45","slug":"javult-az-uzleti-hangulat-a-nemet-autoiparban-februarban","status":"publish","type":"post","link":"https:\/\/gazdasagportal.hu\/index.php\/javult-az-uzleti-hangulat-a-nemet-autoiparban-februarban\/","title":{"rendered":"Javult az \u00fczleti hangulat a n\u00e9met aut\u00f3iparban febru\u00e1rban"},"content":{"rendered":"<p><strong>Javult az \u00fczleti hangulat febru\u00e1rban a n\u00e9met aut\u00f3iparban a m\u00fcncheni egyetem ifo gazdas\u00e1gkutat\u00f3 int\u00e9zet\u00e9nek havi rendszeres felm\u00e9r\u00e9s\u00e9ben.<\/strong><\/p>\n<p>Az MTI-hez h\u00e9tf\u0151n eljuttatott felm\u00e9r\u00e9s\u00e9ben az ifo gazdas\u00e1gkutat\u00f3 int\u00e9zet (ifo Institut &#8211; Leibniz-Institut f\u00fcr Wirtschaftsforschung an der Universit\u00e4t M\u00fcnchen e.V.) az aut\u00f3ipari \u00fczleti hangulatindex m\u00ednusz 2,3 pontra emelked\u00e9s\u00e9t mutatta ki a janu\u00e1ri m\u00ednusz 7,7 pontr\u00f3l.<br \/>\nA febru\u00e1ri viszonylag alacsony \u00e9rt\u00e9k alapj\u00e1n teh\u00e1t a helyzet\u00e9t negat\u00edvan meg\u00edt\u00e9l\u0151 v\u00e1llalatok sz\u00e1ma m\u00e1r nagyj\u00e1b\u00f3l megegyezik a helyzet\u00e9t pozit\u00edvan \u00e9rt\u00e9kel\u0151 v\u00e1llalatok\u00e9val.<br \/>\nFebru\u00e1rban a kereslet viszont el\u00e9g gyatr\u00e1n alakult, a vonatkoz\u00f3 indik\u00e1tor m\u00ednusz 3,6 pontra cs\u00f6kkent a janu\u00e1ri plusz 10,6 pontr\u00f3l. A megrendel\u00e9s\u00e1llom\u00e1ny ennek megfelel\u0151en csak szer\u00e9ny m\u00e9rt\u00e9kben gyarapodott. A k\u00e9szterm\u00e9k \u00e1llom\u00e1ny valamelyest felduzzadt, a janu\u00e1rin\u00e1l lass\u00fabb \u00fctemben \u00fcr\u00fclt, \u00edgy az indik\u00e1tor m\u00ednusz 9,1 pontra ment le febru\u00e1rban az el\u0151z\u0151 havi plusz 5,1 pontr\u00f3l.<br \/>\n<div class=\"ads-in-post2\"><script async src=\"https:\/\/pagead2.googlesyndication.com\/pagead\/js\/adsbygoogle.js\"><\/script>\r\n<ins class=\"adsbygoogle\"\r\n     style=\"display:block\"\r\n     data-ad-format=\"fluid\"\r\n     data-ad-layout-key=\"-6t+ed+2i-1n-4w\"\r\n     data-ad-client=\"ca-pub-1959107119989764\"\r\n     data-ad-slot=\"4008251320\"><\/ins>\r\n<script>\r\n     (adsbygoogle = window.adsbygoogle || []).push({});\r\n<\/script><\/div>\nA kil\u00e1t\u00e1sok meg\u00edt\u00e9l\u00e9se viszont jelent\u0151sen javult az aut\u00f3ipari v\u00e1llalati vezet\u0151k k\u00f6r\u00e9ben. &#8222;Jelenleg m\u00e9g a t\u00e9l k\u00f6zep\u00e9re jellemz\u0151 pang\u00e1s van az aut\u00f3iparban, de m\u00e1r bizakod\u00e1ssal tekintenek a tavaszi fellend\u00fcl\u00e9s el\u00e9&#8221; &#8211; mutatott r\u00e1 Klaus Wohlrabe az ifo felm\u00e9r\u00e9st vezet\u0151 szak\u00e9rt\u0151je. A v\u00e1rakoz\u00e1sok indik\u00e1tora a janu\u00e1rhoz k\u00e9pest 15,1 ponttal plusz 37,0 pontra ment fel.<br \/>\nMegkezd\u0151d\u00f6tt a termel\u00e9s felfuttat\u00e1sa, a mutat\u00f3sz\u00e1m a janu\u00e1ri m\u00ednusz 0,5 pontr\u00f3l plusz 35,5 pontra emelkedett febru\u00e1rban. &#8222;A nemzetk\u00f6zi piaci kil\u00e1t\u00e1sok nagy rem\u00e9nyekkel t\u00f6ltik el az aut\u00f3ipari c\u00e9geket&#8221; &#8211; mondta Wohlrabe. Mindazon\u00e1ltal az aut\u00f3ipari c\u00e9geknek tov\u00e1bbra sem lesz sz\u00fcks\u00e9g\u00fck t\u00f6bb alkalmazottra, s\u0151t, foglalkoztat\u00e1si terveik l\u00e9tsz\u00e1mcs\u00f6kkent\u00e9st vet\u00edtenek el\u0151re.<br \/>\n<a title=\"Hely megnyit\u00e1sa\" href=\"https:\/\/www.ifo.de\/node\/61942\" target=\"_blank\" rel=\"noopener noreferrer\">https:\/\/www.ifo.de\/node\/61942<\/a><\/p>\n<p>(MTI)<\/p><div id=\"gazda-184689884\" class=\"gazda-tartalomban gazda-entity-placement\"><script async src=\"https:\/\/pagead2.googlesyndication.com\/pagead\/js\/adsbygoogle.js\"><\/script>\r\n<ins class=\"adsbygoogle\"\r\n     style=\"display:block\"\r\n     data-ad-format=\"fluid\"\r\n     data-ad-layout-key=\"-6t+ed+2i-1n-4w\"\r\n     data-ad-client=\"ca-pub-1959107119989764\"\r\n     data-ad-slot=\"4008251320\"><\/ins>\r\n<script>\r\n     (adsbygoogle = window.adsbygoogle || []).push({});\r\n<\/script><\/div>\n","protected":false},"excerpt":{"rendered":"<p>Javult az \u00fczleti hangulat febru\u00e1rban a n\u00e9met aut\u00f3iparban a m\u00fcncheni egyetem ifo gazdas\u00e1gkutat\u00f3 int\u00e9zet\u00e9nek havi rendszeres felm\u00e9r\u00e9s\u00e9ben. Az MTI-hez h\u00e9tf\u0151n eljuttatott felm\u00e9r\u00e9s\u00e9ben az ifo gazdas\u00e1gkutat\u00f3 int\u00e9zet (ifo Institut &#8211; Leibniz-Institut f\u00fcr Wirtschaftsforschung an der Universit\u00e4t M\u00fcnchen e.V.) az aut\u00f3ipari \u00fczleti hangulatindex m\u00ednusz 2,3 pontra emelked\u00e9s\u00e9t mutatta ki a janu\u00e1ri m\u00ednusz 7,7 pontr\u00f3l. A febru\u00e1ri viszonylag &#8230;<\/p>\n","protected":false},"author":1001006,"featured_media":0,"comment_status":"closed","ping_status":"open","sticky":false,"template":"","format":"standard","meta":[],"categories":[12,246],"tags":[],"_links":{"self":[{"href":"https:\/\/gazdasagportal.hu\/index.php\/wp-json\/wp\/v2\/posts\/133555"}],"collection":[{"href":"https:\/\/gazdasagportal.hu\/index.php\/wp-json\/wp\/v2\/posts"}],"about":[{"href":"https:\/\/gazdasagportal.hu\/index.php\/wp-json\/wp\/v2\/types\/post"}],"author":[{"embeddable":true,"href":"https:\/\/gazdasagportal.hu\/index.php\/wp-json\/wp\/v2\/users\/1001006"}],"replies":[{"embeddable":true,"href":"https:\/\/gazdasagportal.hu\/index.php\/wp-json\/wp\/v2\/comments?post=133555"}],"version-history":[{"count":1,"href":"https:\/\/gazdasagportal.hu\/index.php\/wp-json\/wp\/v2\/posts\/133555\/revisions"}],"predecessor-version":[{"id":133556,"href":"https:\/\/gazdasagportal.hu\/index.php\/wp-json\/wp\/v2\/posts\/133555\/revisions\/133556"}],"wp:attachment":[{"href":"https:\/\/gazdasagportal.hu\/index.php\/wp-json\/wp\/v2\/media?parent=133555"}],"wp:term":[{"taxonomy":"category","embeddable":true,"href":"https:\/\/gazdasagportal.hu\/index.php\/wp-json\/wp\/v2\/categories?post=133555"},{"taxonomy":"post_tag","embeddable":true,"href":"https:\/\/gazdasagportal.hu\/index.php\/wp-json\/wp\/v2\/tags?post=133555"}],"curies":[{"name":"wp","href":"https:\/\/api.w.org\/{rel}","templated":true}]}}