{"id":133553,"date":"2021-03-01T12:45:33","date_gmt":"2021-03-01T11:45:33","guid":{"rendered":"http:\/\/gazdasagportal.hu\/?p=133553"},"modified":"2021-03-01T12:45:33","modified_gmt":"2021-03-01T11:45:33","slug":"varga-mihaly-tavaly-a-negyedik-negyedevben-4093-milliard-forintnyi-fejlesztes-valosult-meg-magyarorszagon","status":"publish","type":"post","link":"https:\/\/gazdasagportal.hu\/index.php\/varga-mihaly-tavaly-a-negyedik-negyedevben-4093-milliard-forintnyi-fejlesztes-valosult-meg-magyarorszagon\/","title":{"rendered":"Varga Mih\u00e1ly: tavaly a negyedik negyed\u00e9vben 4093 milli\u00e1rd forintnyi fejleszt\u00e9s val\u00f3sult meg Magyarorsz\u00e1gon"},"content":{"rendered":"<p><strong>Tavaly a negyedik negyed\u00e9vben 4093 milli\u00e1rd forintnyi fejleszt\u00e9s val\u00f3sult meg Magyarorsz\u00e1gon, 4,8 sz\u00e1zal\u00e9kkal t\u00f6bb mint az el\u0151z\u0151 negyed\u00e9vben &#8211; k\u00f6z\u00f6lte a p\u00e9nz\u00fcgyminiszter h\u00e9tf\u0151n a Facebookra felt\u00f6lt\u00f6tt posztj\u00e1ban.<\/strong><!--more--><\/p>\n<div class=\"ads-in-post1\"><div id=\"gazdasagportal.hu_fullbanner_wideboard\"><\/div>\r\n<\/div>\n<p>    Varga Mih\u00e1ly hozz\u00e1tette, az er\u0151s\u00f6d\u0151 teljes\u00edtm\u00e9ny els\u0151sorban a k\u00f6lts\u00e9gvet\u00e9s \u00e9s a csal\u00e1dok n\u00f6vekv\u0151 beruh\u00e1z\u00e1sainak k\u00f6sz\u00f6nhet\u0151.<br \/>\n    P\u00e9ldak\u00e9nt az ingatlan\u00fcgyleteket, a k\u00f6zigazgat\u00e1st, az oktat\u00e1st \u00e9s az eg\u00e9szs\u00e9g\u00fcgyet eml\u00edtette, ugyanis ezeken a ter\u00fcleteken 24 sz\u00e1zal\u00e9kos, illetve 21, 20 \u00e9s 23 sz\u00e1zal\u00e9kos n\u00f6veked\u00e9st tapasztaltak.<br \/>\n    Azzal sz\u00e1molnak, hogy 2021-ben tov\u00e1bb er\u0151s\u00f6dhetnek a beruh\u00e1z\u00e1sok &#8211; \u00edrta a t\u00e1rcavezet\u0151, aki szerint ezt seg\u00edtik a korm\u00e1ny beruh\u00e1z\u00e1s t\u00e1mogat\u00f3 int\u00e9zked\u00e9sei, a folyamatban l\u00e9v\u0151 kapacit\u00e1sb\u0151v\u00edt\u00e9sek, az ad\u00f3cs\u00f6kkent\u00e9sek \u00e9s a tart\u00f3san az Eur\u00f3pai Uni\u00f3 \u00e9lmez\u0151ny\u00e9ben szerepl\u0151 beruh\u00e1z\u00e1si r\u00e1ta.(MTI)<\/p>\n","protected":false},"excerpt":{"rendered":"<p>Tavaly a negyedik negyed\u00e9vben 4093 milli\u00e1rd forintnyi fejleszt\u00e9s val\u00f3sult meg Magyarorsz\u00e1gon, 4,8 sz\u00e1zal\u00e9kkal t\u00f6bb mint az el\u0151z\u0151 negyed\u00e9vben &#8211; k\u00f6z\u00f6lte a p\u00e9nz\u00fcgyminiszter h\u00e9tf\u0151n a Facebookra felt\u00f6lt\u00f6tt posztj\u00e1ban.<\/p>\n","protected":false},"author":1001007,"featured_media":0,"comment_status":"closed","ping_status":"open","sticky":false,"template":"","format":"standard","meta":[],"categories":[19],"tags":[],"_links":{"self":[{"href":"https:\/\/gazdasagportal.hu\/index.php\/wp-json\/wp\/v2\/posts\/133553"}],"collection":[{"href":"https:\/\/gazdasagportal.hu\/index.php\/wp-json\/wp\/v2\/posts"}],"about":[{"href":"https:\/\/gazdasagportal.hu\/index.php\/wp-json\/wp\/v2\/types\/post"}],"author":[{"embeddable":true,"href":"https:\/\/gazdasagportal.hu\/index.php\/wp-json\/wp\/v2\/users\/1001007"}],"replies":[{"embeddable":true,"href":"https:\/\/gazdasagportal.hu\/index.php\/wp-json\/wp\/v2\/comments?post=133553"}],"version-history":[{"count":1,"href":"https:\/\/gazdasagportal.hu\/index.php\/wp-json\/wp\/v2\/posts\/133553\/revisions"}],"predecessor-version":[{"id":133554,"href":"https:\/\/gazdasagportal.hu\/index.php\/wp-json\/wp\/v2\/posts\/133553\/revisions\/133554"}],"wp:attachment":[{"href":"https:\/\/gazdasagportal.hu\/index.php\/wp-json\/wp\/v2\/media?parent=133553"}],"wp:term":[{"taxonomy":"category","embeddable":true,"href":"https:\/\/gazdasagportal.hu\/index.php\/wp-json\/wp\/v2\/categories?post=133553"},{"taxonomy":"post_tag","embeddable":true,"href":"https:\/\/gazdasagportal.hu\/index.php\/wp-json\/wp\/v2\/tags?post=133553"}],"curies":[{"name":"wp","href":"https:\/\/api.w.org\/{rel}","templated":true}]}}