{"id":133531,"date":"2021-02-28T10:53:11","date_gmt":"2021-02-28T09:53:11","guid":{"rendered":"http:\/\/gazdasagportal.hu\/?p=133531"},"modified":"2021-02-28T10:53:11","modified_gmt":"2021-02-28T09:53:11","slug":"hetfotol-ujra-lehet-palyazni-az-elektromos-kerekparok-vasarlasanak-tamogatasara","status":"publish","type":"post","link":"https:\/\/gazdasagportal.hu\/index.php\/hetfotol-ujra-lehet-palyazni-az-elektromos-kerekparok-vasarlasanak-tamogatasara\/","title":{"rendered":"H\u00e9tf\u0151t\u0151l \u00fajra lehet p\u00e1ly\u00e1zni az elektromos ker\u00e9kp\u00e1rok v\u00e1s\u00e1rl\u00e1s\u00e1nak t\u00e1mogat\u00e1s\u00e1ra"},"content":{"rendered":"<p><strong>H\u00e9tf\u0151t\u0151l negyedik alkalommal ny\u00edlik meg az Innov\u00e1ci\u00f3s \u00e9s Technol\u00f3giai Miniszt\u00e9rium (ITM) elektromobilit\u00e1st \u00f6szt\u00f6nz\u0151 p\u00e1ly\u00e1zata, amely eddig m\u00e1r t\u00f6bb mint 2200 elektromos ker\u00e9kp\u00e1r kedvezm\u00e9nyes megv\u00e1s\u00e1rl\u00e1s\u00e1t seg\u00edtette, hozz\u00e1j\u00e1rulva ezzel a Kl\u00edma- \u00e9s Term\u00e9szetv\u00e9delmi Akci\u00f3tervben meghat\u00e1rozott c\u00e9lok el\u00e9r\u00e9s\u00e9hez &#8211; jelentette be Steiner Attila k\u00f6rforg\u00e1sos gazdas\u00e1g fejleszt\u00e9s\u00e9\u00e9rt, energia- \u00e9s kl\u00edmapolitik\u00e1\u00e9rt felel\u0151s \u00e1llamtitk\u00e1r az ITM vas\u00e1rnap az MTI-hez eljuttatott k\u00f6zlem\u00e9nye szerint.<\/strong><!--more--><\/p>\n<div class=\"ads-in-post1\"><div id=\"gazdasagportal.hu_fullbanner_wideboard\"><\/div>\r\n<\/div>\n<p>    Eml\u00e9keztetett: a ki\u00edr\u00e1s c\u00e9lja &#8211; a k\u00f6rnyezet v\u00e9delme mellett &#8211; a munkav\u00e1llal\u00f3k aut\u00f3haszn\u00e1lat\u00e1nak cs\u00f6kkent\u00e9se, a ker\u00e9kp\u00e1ros k\u00f6zleked\u00e9s \u00f6szt\u00f6nz\u00e9se, \u00e9s ez\u00e1ltal a magyar csal\u00e1dok eg\u00e9szs\u00e9g\u00e9nek jav\u00edt\u00e1sa. A p\u00e1ly\u00e1zat n\u00e9pszer\u0171s\u00e9ge t\u00f6retlen, az els\u0151 h\u00e1rom k\u00f6rben mintegy 2214 darab ker\u00e9kp\u00e1r v\u00e1s\u00e1rl\u00e1s\u00e1ra \u00edt\u00e9ltek meg t\u00e1mogat\u00e1st, \u00f6sszesen 238 milli\u00f3 forint \u00e9rt\u00e9kben, melyb\u0151l 236 milli\u00f3 forint eset\u00e9ben m\u00e1r a t\u00e1mogat\u00e1si okiratot is ki\u00e1ll\u00edtott\u00e1k.<br \/>\n    Azt \u00edrt\u00e1k: az 1 milli\u00e1rd forint keret\u00f6sszeggel meghirdetett ki\u00edr\u00e1s negyedik szakasz\u00e1ban m\u00e1rcius 1. \u00e9s 5. k\u00f6z\u00f6tt lehet beny\u00fajtani a p\u00e1ly\u00e1zatokat, amelyekr\u0151l az IFKA K\u00f6zhaszn\u00fa Nonprofit Kft. a beny\u00fajt\u00e1si szakasz lez\u00e1r\u00e1s\u00e1t k\u00f6vet\u0151en 20 munkanapon bel\u00fcl d\u00f6nt. Amennyiben egy p\u00e1ly\u00e1zat t\u00e1mogat\u00e1sban r\u00e9szes\u00fcl, a d\u00f6nt\u00e9st\u0151l sz\u00e1m\u00edtott 10 munkanapon bel\u00fcl a p\u00e1ly\u00e1zati port\u00e1lon kereszt\u00fcl el\u00e9rhet\u0151v\u00e9 v\u00e1lik a v\u00e1s\u00e1rl\u00e1shoz sz\u00fcks\u00e9ges t\u00e1mogat\u00e1si okirat.<br \/>\n    Az elektromos r\u00e1seg\u00edt\u00e9s\u0171 ker\u00e9kp\u00e1rokhoz ez\u00fattal is mag\u00e1nszem\u00e9lyek juthatnak hozz\u00e1 kedvezm\u00e9nyesen. P\u00e1ly\u00e1zatot legal\u00e1bb h\u00e1rom h\u00f3napos folyamatos munkaviszonnyal, megb\u00edz\u00e1si jogviszonnyal vagy v\u00e1llalkoz\u00f3i j\u00f6vedelemmel rendelkez\u0151k ny\u00fajthatnak be, szem\u00e9lyenk\u00e9nt maximum egy bicikli t\u00e1mogat\u00e1s\u00e1ra.<br \/>\n<div class=\"ads-in-post2\"><script async src=\"https:\/\/pagead2.googlesyndication.com\/pagead\/js\/adsbygoogle.js\"><\/script>\r\n<ins class=\"adsbygoogle\"\r\n     style=\"display:block\"\r\n     data-ad-format=\"fluid\"\r\n     data-ad-layout-key=\"-6t+ed+2i-1n-4w\"\r\n     data-ad-client=\"ca-pub-1959107119989764\"\r\n     data-ad-slot=\"4008251320\"><\/ins>\r\n<script>\r\n     (adsbygoogle = window.adsbygoogle || []).push({});\r\n<\/script><\/div>\n A t\u00e1mogat\u00e1s maxim\u00e1lis m\u00e9rt\u00e9ke a ped\u00e1lszenzoros r\u00e1seg\u00edt\u00e9s\u0171 ker\u00e9kp\u00e1rok eset\u00e9ben a maximum 400 ezer forintos elad\u00e1si \u00e1r 50 sz\u00e1zal\u00e9ka, de legfeljebb 90 ezer forint, a nyomat\u00e9kszenzoros ker\u00e9kp\u00e1rok eset\u00e9ben a maximum 900 ezer forintos elad\u00e1si \u00e1r 50 sz\u00e1zal\u00e9ka, de legfeljebb 150 ezer forint.<br \/>\n    A p\u00e1ly\u00e1zat \u00f6t\u00f6dik k\u00f6r\u00e9ben tervezetten \u00e1prilis 5. \u00e9s \u00e1prilis 9. k\u00f6z\u00f6tt lehet majd beny\u00fajtani a k\u00e9relmeket &#8211; \u00e1ll az ITM k\u00f6zlem\u00e9ny\u00e9ben.(MTI)<\/p>\n","protected":false},"excerpt":{"rendered":"<p>H\u00e9tf\u0151t\u0151l negyedik alkalommal ny\u00edlik meg az Innov\u00e1ci\u00f3s \u00e9s Technol\u00f3giai Miniszt\u00e9rium (ITM) elektromobilit\u00e1st \u00f6szt\u00f6nz\u0151 p\u00e1ly\u00e1zata, amely eddig m\u00e1r t\u00f6bb mint 2200 elektromos ker\u00e9kp\u00e1r kedvezm\u00e9nyes megv\u00e1s\u00e1rl\u00e1s\u00e1t seg\u00edtette, hozz\u00e1j\u00e1rulva ezzel a Kl\u00edma- \u00e9s Term\u00e9szetv\u00e9delmi Akci\u00f3tervben meghat\u00e1rozott c\u00e9lok el\u00e9r\u00e9s\u00e9hez &#8211; jelentette be Steiner Attila k\u00f6rforg\u00e1sos gazdas\u00e1g fejleszt\u00e9s\u00e9\u00e9rt, energia- \u00e9s kl\u00edmapolitik\u00e1\u00e9rt felel\u0151s \u00e1llamtitk\u00e1r az ITM vas\u00e1rnap az MTI-hez eljuttatott k\u00f6zlem\u00e9nye &#8230;<\/p>\n","protected":false},"author":1001006,"featured_media":0,"comment_status":"closed","ping_status":"open","sticky":false,"template":"","format":"standard","meta":[],"categories":[4],"tags":[],"_links":{"self":[{"href":"https:\/\/gazdasagportal.hu\/index.php\/wp-json\/wp\/v2\/posts\/133531"}],"collection":[{"href":"https:\/\/gazdasagportal.hu\/index.php\/wp-json\/wp\/v2\/posts"}],"about":[{"href":"https:\/\/gazdasagportal.hu\/index.php\/wp-json\/wp\/v2\/types\/post"}],"author":[{"embeddable":true,"href":"https:\/\/gazdasagportal.hu\/index.php\/wp-json\/wp\/v2\/users\/1001006"}],"replies":[{"embeddable":true,"href":"https:\/\/gazdasagportal.hu\/index.php\/wp-json\/wp\/v2\/comments?post=133531"}],"version-history":[{"count":1,"href":"https:\/\/gazdasagportal.hu\/index.php\/wp-json\/wp\/v2\/posts\/133531\/revisions"}],"predecessor-version":[{"id":133532,"href":"https:\/\/gazdasagportal.hu\/index.php\/wp-json\/wp\/v2\/posts\/133531\/revisions\/133532"}],"wp:attachment":[{"href":"https:\/\/gazdasagportal.hu\/index.php\/wp-json\/wp\/v2\/media?parent=133531"}],"wp:term":[{"taxonomy":"category","embeddable":true,"href":"https:\/\/gazdasagportal.hu\/index.php\/wp-json\/wp\/v2\/categories?post=133531"},{"taxonomy":"post_tag","embeddable":true,"href":"https:\/\/gazdasagportal.hu\/index.php\/wp-json\/wp\/v2\/tags?post=133531"}],"curies":[{"name":"wp","href":"https:\/\/api.w.org\/{rel}","templated":true}]}}