{"id":133359,"date":"2021-02-22T11:52:09","date_gmt":"2021-02-22T10:52:09","guid":{"rendered":"http:\/\/gazdasagportal.hu\/?p=133359"},"modified":"2021-02-22T11:52:09","modified_gmt":"2021-02-22T10:52:09","slug":"bolti-dolgozok-mar-allohely-sincs","status":"publish","type":"post","link":"https:\/\/gazdasagportal.hu\/index.php\/bolti-dolgozok-mar-allohely-sincs\/","title":{"rendered":"Bolti dolgoz\u00f3k: m\u00e1r \u00e1ll\u00f3hely sincs"},"content":{"rendered":"<p style=\"font-weight: 400;\"><strong>A l\u00e9tsz\u00e1mhi\u00e1nynak annyi, az \u00e9lelmiszeres boltok felt\u00f6lt\u00f6tt\u00e9k a l\u00e9tsz\u00e1mot, az iparcikkesek pedig z\u00e1rnak be. A j\u00e1rv\u00e1nykorl\u00e1toz\u00e1sok miatt is olvadt a munkaer\u0151hi\u00e1ny, a 19 \u00f3r\u00e1s z\u00e1r\u00e1s legal\u00e1bb egy m\u0171szak \u00fczemid\u0151t faraghat le. Tov\u00e1bb esett a foglalkoztatottak sz\u00e1ma, a negyedik negyed\u00e9vben is. Szakmunk\u00e1sb\u00f3l is kevesebben dolgoznak a boltokban, de ennek a technol\u00f3giav\u00e1lt\u00e1s, a digitaliz\u00e1ci\u00f3s technika az oka. \u00d6nkiszolg\u00e1l\u00f3 p\u00e9nzt\u00e1rhoz sem kell szakk\u00e9pzetts\u00e9g, nagy baj is lenne<\/strong><strong>.<\/strong><strong><!--more--><\/p>\n<div class=\"ads-in-post1\"><div id=\"gazdasagportal.hu_fullbanner_wideboard\"><\/div>\r\n<\/div>\n<p><\/strong><\/p>\n<p style=\"font-weight: 400;\">A friss foglalkoztatotti statisztik\u00e1b\u00f3l kit\u0171nik, hogy 2020 negyedik negyed\u00e9v\u00e9ben is esett a foglalkoztatottak, ezen bel\u00fcl pedig az alkalmazottak sz\u00e1ma a boltokban. De hosszabb t\u00e1von is cs\u00f6kkent a l\u00e9tsz\u00e1m.<\/p>\n<p style=\"font-weight: 400;\">A 19 \u00f3r\u00e1s z\u00e1r\u00e1s egy m\u0171szak k\u00f6r\u00fcli \u00fczemid\u0151t farag le az \u00e9rintett boltos k\u00f6rben (els\u0151sorban a napicikkes boltokban, nagy szak\u00e1ruh\u00e1zakban \u00e9s a pl\u00e1z\u00e1kban).<\/p><div id=\"gazda-937387252\" class=\"gazda-tartalomban gazda-entity-placement\"><script async src=\"https:\/\/pagead2.googlesyndication.com\/pagead\/js\/adsbygoogle.js\"><\/script>\r\n<ins class=\"adsbygoogle\"\r\n     style=\"display:block\"\r\n     data-ad-format=\"fluid\"\r\n     data-ad-layout-key=\"-6t+ed+2i-1n-4w\"\r\n     data-ad-client=\"ca-pub-1959107119989764\"\r\n     data-ad-slot=\"4008251320\"><\/ins>\r\n<script>\r\n     (adsbygoogle = window.adsbygoogle || []).push({});\r\n<\/script><\/div>\n<p style=\"font-weight: 400;\">Sok iparcikkes boltos (\u0151ket csak a pl\u00e1z\u00e1kban \u00e9rintette a 19 \u00f3r\u00e1s z\u00e1r\u00e1s) megpr\u00f3b\u00e1lta kih\u00fazni kar\u00e1csonyig, a nagyobb aj\u00e1nd\u00e9kv\u00e1s\u00e1rl\u00e1s rem\u00e9ny\u00e9ben, de a v\u00e1s\u00e1rl\u00f3k nagyon \u00f3vatosak voltak. A kisebb aj\u00e1nd\u00e9kv\u00e1s\u00e1rl\u00e1s pedig szertefoszlatta az utols\u00f3 rem\u00e9nyeket is, folytat\u00f3dott a boltbez\u00e1r\u00e1s, ami m\u00e9g a felkapottabb pl\u00e1z\u00e1kban is szembet\u0171n\u0151. Ez lefel\u00e9 nyomta a foglalkoztat\u00e1s m\u00e9rleg\u00e9t.<\/p>\n<p style=\"font-weight: 400;\">Az \u00e9lelmiszer, napicikk boltok sok dolgozott \u00e1tvettek a bez\u00e1r\u00e1sra k\u00e9nyszer\u00fclt vend\u00e9gl\u00e1t\u00e1sb\u00f3l, sz\u00e1llod\u00e1kb\u00f3l, r\u00e1ad\u00e1sul a kor\u00e1bban gyakori k\u00fclf\u00f6ldi munkav\u00e1llal\u00e1s is ellehetetlen\u00fclt a boltos dolgoz\u00f3k sz\u00e1m\u00e1ra, hiszen ott is korl\u00e1tozt\u00e1k a m\u0171k\u00f6d\u00e9s\u00fcket. Ez viszont felfel\u00e9 tolta a foglakoztat\u00e1si m\u00e9rleget.<\/p>\n<p style=\"font-weight: 400;\"><strong>Boltos szakmunk\u00e1s: az \u00f6nkiszolg\u00e1l\u00e1s, a digitaliz\u00e1ci\u00f3 \u00e9s a j\u00e1rv\u00e1ny is nyomja \u0151ket<\/strong><\/p>\n<div class=\"ads-in-post2\"><script async src=\"https:\/\/pagead2.googlesyndication.com\/pagead\/js\/adsbygoogle.js\"><\/script>\r\n<ins class=\"adsbygoogle\"\r\n     style=\"display:block\"\r\n     data-ad-format=\"fluid\"\r\n     data-ad-layout-key=\"-6t+ed+2i-1n-4w\"\r\n     data-ad-client=\"ca-pub-1959107119989764\"\r\n     data-ad-slot=\"4008251320\"><\/ins>\r\n<script>\r\n     (adsbygoogle = window.adsbygoogle || []).push({});\r\n<\/script><\/div>\n<p style=\"font-weight: 400;\">A boltos alkalmazottakon bel\u00fcl a legk\u00e9nyesebb ter\u00fclet a szakk\u00e9pzett bolti dolgoz\u00f3k k\u00f6re. A foglalkoztatotti statisztik\u00e1b\u00f3l kih\u00e1mozhat\u00f3, hogy a k\u00f6z\u00e9pfok\u00fa szakmai v\u00e9gzetts\u00e9ggel rendelkez\u0151k sz\u00e1ma (akiknek \u00e9retts\u00e9gij\u00fck nincs, csak szakmai v\u00e9gzetts\u00e9g\u00fck) a 2018 \u00e9vi 108 ezerr\u0151l 2019-ben 99 ezerre, 2020-ban pedig 91 ezerre, \u00f6sszesen 17 ezerrel cs\u00f6kkent.<\/p>\n<p style=\"font-weight: 400;\">Ennek h\u00e1tter\u00e9ben egyr\u00e9szt a szakmai v\u00e9gzetts\u00e9g\u0171 dolgoz\u00f3kat m\u00e1r nem ig\u00e9nyl\u0151 \u00f6nkiszolg\u00e1l\u00f3 rendszer t\u00e9rh\u00f3d\u00edt\u00e1sa h\u00faz\u00f3dik meg (amibe p\u00e9ld\u00e1ul a diszkont, vagy \u00e9ppen egy csemegepult n\u00e9lk\u00fcl dolgoz\u00f3 falusi kisbolt is beletartozhat). Az \u00f6nkiszolg\u00e1l\u00f3 boltban szakelad\u00f3 nincs,\u00a0 csak p\u00e9nzt\u00e1ros \u00e9s \u00e1rufelt\u00f6lt\u0151. \u00c9s a nagyot nyomul\u00f3 web\u00e1ruh\u00e1zak h\u00e1tter\u00e9ben sem sz\u00fcks\u00e9ges a szakelad\u00f3 (m\u00e1s orsz\u00e1gokban sem). Az \u00e1rut ki kell rakni a polcra, vagy \u00f6sszev\u00e1logatni egy pakkba kisz\u00e1ll\u00edt\u00e1sra, a p\u00e9nzt\u00e1rg\u00e9pek pedig ma m\u00e1r mindent tudnak \u00e9s kisz\u00e1molnak.<\/p>\n<p style=\"font-weight: 400;\">Ja, ha valaki a p\u00e9nzt\u00e1rosnak is szakk\u00e9pes\u00edt\u00e9st szeretne, akkor\u00a0 mit csin\u00e1ljon a v\u00e1s\u00e1rl\u00f3 az \u00f6nkiszolg\u00e1l\u00f3 kassz\u00e1val. Eb\u0151l is l\u00e1tszik, hogy a digitaliz\u00e1ci\u00f3 letarolja a hagyom\u00e1nyos boltokat is. A csemegepultok is szorulni fognak, mivel egyre n\u00e9pszer\u0171bb a gy\u00e1ri csomagol\u00e1s, j\u00e1rv\u00e1nyid\u0151szakban ez pedig nem is v\u00e9letlen. A &#8222;lehet-e k\u00e9t dek\u00e1val t\u00f6bb, vagy kevesebb&#8221; maszkban, amikor a v\u00e1s\u00e1rl\u00f3 miel\u0151bb szabadulna a boltb\u00f3l, nem a legn\u00e9pszer\u0171bb m\u0171sorsz\u00e1m, vallj\u00e1k boltos k\u00f6r\u00f6kben. Persze, van olyan v\u00e1s\u00e1rl\u00f3 is, aki sorban \u00e1ll, hiszen m\u00e1shova a korl\u00e1toz\u00e1sok k\u00f6zepette nem mehet.<\/p>\n<div class=\"ads-in-post1\"><div id=\"gazdasagportal.hu_fullbanner_wideboard\"><\/div>\r\n<\/div>\n<p style=\"font-weight: 400;\">A negyed\u00e9ves foglakoztat\u00e1si statisztika a j\u00e1rv\u00e1nyhull\u00e1mokat t\u00fckr\u00f6zi pontosan:<\/p>\n<table style=\"font-weight: 400;\" width=\"490\">\n<tbody>\n<tr>\n<td rowspan=\"2\" width=\"140\">&nbsp;<\/td>\n<td colspan=\"4\" width=\"226\"><strong>2020<\/strong><\/td>\n<\/tr>\n<tr>\n<td width=\"76\"><strong>I.\u00a0<\/strong><strong>negyed\u00e9v<\/strong><\/td>\n<td width=\"76\"><strong>II.\u00a0<\/strong><strong>negyed\u00e9v<\/strong><\/td>\n<td width=\"48\"><strong>III.\u00a0<\/strong><strong>negyed\u00e9v<\/strong><\/td>\n<td width=\"26\"><strong>IV.\u00a0<\/strong><strong>negyed\u00e9v<\/strong><\/td>\n<\/tr>\n<tr>\n<td width=\"140\"><strong>foglalkoztatott<\/strong><\/td>\n<td width=\"76\"><strong>\u00a0362<\/strong><\/td>\n<td width=\"76\"><strong>339 \u2193<\/strong><\/td>\n<td width=\"48\"><strong>358 \u2191<\/strong><\/td>\n<td width=\"26\"><strong>\u00a0349 \u2193<\/strong><\/td>\n<\/tr>\n<tr>\n<td colspan=\"5\" width=\"412\"><strong>foglalkoztatottakb\u00f3l<\/strong><\/td>\n<\/tr>\n<tr>\n<td width=\"140\"><strong>alkalmazott<\/strong><\/td>\n<td width=\"76\"><strong>308<\/strong><\/td>\n<td width=\"76\"><strong>285\u00a0\u2193<\/strong><\/td>\n<td width=\"48\"><strong>303\u00a0\u2191<\/strong><\/td>\n<td width=\"26\"><strong>293\u00a0\u2193<\/strong><\/td>\n<\/tr>\n<tr>\n<td colspan=\"5\" width=\"412\">KSH, foglalkoztatottak \u00e9s ezen bel\u00fcl az alkalmazottak sz\u00e1ma,<\/p>\n<p><strong>\u00e9rt\u00e9k: ezer f\u0151<\/strong><\/td>\n<\/tr>\n<\/tbody>\n<\/table>\n<div class=\"ads-in-post1\"><div id=\"gazdasagportal.hu_fullbanner_wideboard\"><\/div>\r\n<\/div>\n<p style=\"font-weight: 400;\">Az elm\u00falt \u00e9vekben fokozatosan cs\u00f6kkent a boltos vil\u00e1gban a foglalkoztatottak \u00e9s ezen bel\u00fcl az alkalmazottak sz\u00e1ma. 2020-ban a j\u00e1rv\u00e1ny miatti k\u00e9nyszer\u0171 korl\u00e1toz\u00e1sok \u00e9s az iparcikkes piac zuhan\u00e1sa ellen\u00e9re az\u00e9rt nem esett nagyobbat a l\u00e9tsz\u00e1m, mert k\u00f6zben\u00a0a napicikkes boltok, mint jelezt\u00fck, felt\u00f6lt\u00f6tt\u00e9k a l\u00e9tsz\u00e1mot:<\/p>\n<table style=\"font-weight: 400;\" width=\"460\">\n<tbody>\n<tr>\n<td width=\"76\">&nbsp;<\/td>\n<td width=\"76\"><strong>2016<\/strong><\/td>\n<td width=\"76\"><strong>2017<\/strong><\/td>\n<td width=\"76\"><strong>2018<\/strong><\/p>\n<p>&nbsp;<\/td>\n<td width=\"50\"><strong>2019<\/strong><\/p>\n<p>&nbsp;<\/td>\n<td width=\"46\"><strong>2020<\/strong><\/td>\n<\/tr>\n<tr>\n<td width=\"140\"><strong>foglalkoztatott<\/strong><\/td>\n<td width=\"76\"><strong>368<\/strong><\/td>\n<td width=\"76\"><strong>\u00a0368<\/strong><\/td>\n<td width=\"76\"><strong>361<\/strong><\/td>\n<td width=\"50\"><strong>355<\/strong><\/td>\n<td width=\"46\"><strong>352\u00a0<\/strong><\/td>\n<\/tr>\n<tr>\n<td colspan=\"6\" width=\"388\"><strong>foglalkoztatottakb\u00f3l<\/strong><\/td>\n<\/tr>\n<tr>\n<td width=\"140\"><strong>alkalmazott<\/strong><\/td>\n<td width=\"76\"><strong>314<\/strong><\/td>\n<td width=\"76\"><strong>319<\/strong><\/td>\n<td width=\"76\"><strong>315<\/strong><\/td>\n<td width=\"50\"><strong>309<\/strong><\/td>\n<td width=\"46\"><strong>297\u00a0<\/strong><\/td>\n<\/tr>\n<tr>\n<td colspan=\"6\" width=\"388\">KSH, foglalkoztatottak \u00e9s ezen bel\u00fcl az alkalmazottak sz\u00e1ma,\u00a0<strong>\u00e9rt\u00e9k: ezer f\u0151<\/strong><\/p>\n<p>&nbsp;<\/td>\n<\/tr>\n<\/tbody>\n<\/table>\n<p style=\"font-weight: 400;\">(<a href=\"http:\/\/blokkk.com\/\" data-saferedirecturl=\"https:\/\/www.google.com\/url?q=http:\/\/blokkk.com&amp;source=gmail&amp;ust=1614077434160000&amp;usg=AFQjCNHHUQZiP7IU6rZjRbWkgMDtqvRZPg\" target=\"_blank\" rel=\"noopener\">blokkk.com<\/a>)<\/p>\n","protected":false},"excerpt":{"rendered":"<p>A l\u00e9tsz\u00e1mhi\u00e1nynak annyi, az \u00e9lelmiszeres boltok felt\u00f6lt\u00f6tt\u00e9k a l\u00e9tsz\u00e1mot, az iparcikkesek pedig z\u00e1rnak be. A j\u00e1rv\u00e1nykorl\u00e1toz\u00e1sok miatt is olvadt a munkaer\u0151hi\u00e1ny, a 19 \u00f3r\u00e1s z\u00e1r\u00e1s legal\u00e1bb egy m\u0171szak \u00fczemid\u0151t faraghat le. Tov\u00e1bb esett a foglalkoztatottak sz\u00e1ma, a negyedik negyed\u00e9vben is. Szakmunk\u00e1sb\u00f3l is kevesebben dolgoznak a boltokban, de ennek a technol\u00f3giav\u00e1lt\u00e1s, a digitaliz\u00e1ci\u00f3s technika az oka. &#8230;<\/p>\n","protected":false},"author":1001007,"featured_media":0,"comment_status":"closed","ping_status":"open","sticky":false,"template":"","format":"standard","meta":[],"categories":[19],"tags":[],"_links":{"self":[{"href":"https:\/\/gazdasagportal.hu\/index.php\/wp-json\/wp\/v2\/posts\/133359"}],"collection":[{"href":"https:\/\/gazdasagportal.hu\/index.php\/wp-json\/wp\/v2\/posts"}],"about":[{"href":"https:\/\/gazdasagportal.hu\/index.php\/wp-json\/wp\/v2\/types\/post"}],"author":[{"embeddable":true,"href":"https:\/\/gazdasagportal.hu\/index.php\/wp-json\/wp\/v2\/users\/1001007"}],"replies":[{"embeddable":true,"href":"https:\/\/gazdasagportal.hu\/index.php\/wp-json\/wp\/v2\/comments?post=133359"}],"version-history":[{"count":1,"href":"https:\/\/gazdasagportal.hu\/index.php\/wp-json\/wp\/v2\/posts\/133359\/revisions"}],"predecessor-version":[{"id":133360,"href":"https:\/\/gazdasagportal.hu\/index.php\/wp-json\/wp\/v2\/posts\/133359\/revisions\/133360"}],"wp:attachment":[{"href":"https:\/\/gazdasagportal.hu\/index.php\/wp-json\/wp\/v2\/media?parent=133359"}],"wp:term":[{"taxonomy":"category","embeddable":true,"href":"https:\/\/gazdasagportal.hu\/index.php\/wp-json\/wp\/v2\/categories?post=133359"},{"taxonomy":"post_tag","embeddable":true,"href":"https:\/\/gazdasagportal.hu\/index.php\/wp-json\/wp\/v2\/tags?post=133359"}],"curies":[{"name":"wp","href":"https:\/\/api.w.org\/{rel}","templated":true}]}}