{"id":133345,"date":"2021-02-21T16:28:02","date_gmt":"2021-02-21T15:28:02","guid":{"rendered":"http:\/\/gazdasagportal.hu\/?p=133345"},"modified":"2021-02-21T16:28:02","modified_gmt":"2021-02-21T15:28:02","slug":"nem-varhato-telies-ido-a-meteorologiai-tel-utolso-heteben","status":"publish","type":"post","link":"https:\/\/gazdasagportal.hu\/index.php\/nem-varhato-telies-ido-a-meteorologiai-tel-utolso-heteben\/","title":{"rendered":"Nem v\u00e1rhat\u00f3 t\u00e9lies id\u0151 a meteorol\u00f3giai t\u00e9l utols\u00f3 het\u00e9ben"},"content":{"rendered":"<p><strong>Nem v\u00e1rhat\u00f3 t\u00e9lies id\u0151 a meteorol\u00f3giai t\u00e9l utols\u00f3 het\u00e9ben. Sz\u00e1mottev\u0151 csapad\u00e9k helyett naps\u00fct\u00e9s v\u00e1rhat\u00f3, de sokszor lesz s\u0171r\u0171 k\u00f6d. Hajnalban m\u00e9g el\u0151fordulhatnak m\u00ednuszok, de napk\u00f6zben n\u00e9hol ak\u00e1r 18 fok is lehet &#8211; der\u00fcl ki az Orsz\u00e1gos Meteorol\u00f3giai Szolg\u00e1lat orsz\u00e1gos, k\u00f6z\u00e9pt\u00e1v\u00fa el\u0151rejelz\u00e9s\u00e9b\u0151l, amelyet vas\u00e1rnap juttattak el az MTI-hez.<\/strong><!--more--><\/p>\n<div class=\"ads-in-post1\"><div id=\"gazdasagportal.hu_fullbanner_wideboard\"><\/div>\r\n<\/div>\n<p>    H\u00e9tf\u0151n reggel m\u00e9g t\u00f6bbfel\u00e9 lesz borult az \u00e9g, majd a nap folyam\u00e1n fokozatosan cs\u00f6kken a r\u00e9tegfelh\u0151zet kiterjed\u00e9se. Az orsz\u00e1g t\u00falnyom\u00f3 r\u00e9sz\u00e9ben t\u00f6bb \u00f3r\u00e1ra kis\u00fcthet a nap, de az \u00e9szaki megy\u00e9kben n\u00e9hol er\u0151sen felh\u0151s, borult maradhat az \u00e9g. Sz\u00e1mottev\u0151 csapad\u00e9k nem v\u00e1rhat\u00f3. A Dun\u00e1nt\u00falon t\u00f6bbfel\u00e9 meg\u00e9l\u00e9nk\u00fcl, a d\u00e9lnyugati hat\u00e1r k\u00f6zel\u00e9ben n\u00e9hol id\u0151nk\u00e9nt meger\u0151s\u00f6dik a sz\u00e9l. A leghidegebb \u00f3r\u00e1kban m\u00ednusz 3 \u00e9s plusz 4 Celsius-fok k\u00f6z\u00f6tt alakul a h\u0151m\u00e9rs\u00e9klet. A cs\u00facs\u00e9rt\u00e9kek \u00e1ltal\u00e1ban 9 \u00e9s 16 fok k\u00f6z\u00f6tt v\u00e1rhat\u00f3k, de a tart\u00f3sabban borult, p\u00e1r\u00e1s, k\u00f6d\u00f6s t\u00e1jakon hidegebb, ugyanakkor a Dr\u00e1va ment\u00e9n p\u00e1r fokkal enyh\u00e9bb lehet az id\u0151.<br \/>\n    Keddre virrad\u00f3ra \u00e9s d\u00e9lel\u0151tt is sokfel\u00e9 sz\u00e1m\u00edtani lehet k\u00f6dre, de ez napk\u00f6zben feloszlik \u00e9s az orsz\u00e1g nagyobb r\u00e9sz\u00e9n hosszabb-r\u00f6videbb id\u0151re kis\u00fcthet a nap. Este ism\u00e9t t\u00f6bbfel\u00e9 k\u00e9pz\u0151dik k\u00f6d. Sz\u00e1mottev\u0151 csapad\u00e9k nem val\u00f3sz\u00edn\u0171, de n\u00e9hol el\u0151fordulhat szit\u00e1l\u00e1s. A minimumh\u0151m\u00e9rs\u00e9klet m\u00ednusz 2 \u00e9s plusz 4 fok k\u00f6z\u00f6tt val\u00f3sz\u00edn\u0171. A maximumok a napos ter\u00fcleteken 11-17 fok k\u00f6z\u00f6tt v\u00e1rhat\u00f3k, de a tart\u00f3sabban felh\u0151s, k\u00f6d\u00f6s t\u00e1jakon hidegebb lesz.<br \/>\n<div class=\"ads-in-post2\"><script async src=\"https:\/\/pagead2.googlesyndication.com\/pagead\/js\/adsbygoogle.js\"><\/script>\r\n<ins class=\"adsbygoogle\"\r\n     style=\"display:block\"\r\n     data-ad-format=\"fluid\"\r\n     data-ad-layout-key=\"-6t+ed+2i-1n-4w\"\r\n     data-ad-client=\"ca-pub-1959107119989764\"\r\n     data-ad-slot=\"4008251320\"><\/ins>\r\n<script>\r\n     (adsbygoogle = window.adsbygoogle || []).push({});\r\n<\/script><\/div>\n    Szerd\u00e1n az orsz\u00e1g nagy r\u00e9sz\u00e9n viszont naps\u00fct\u00e9s v\u00e1rhat\u00f3, de n\u00e9h\u00e1ny helyen m\u00e9g d\u00e9lut\u00e1n is p\u00e1r\u00e1s, k\u00f6d\u00f6s marad az id\u0151. Sz\u00e1mottev\u0151 csapad\u00e9k nem val\u00f3sz\u00edn\u0171, de elsz\u00f3rtan el\u0151fordulhat szit\u00e1l\u00e1s. A legalacsonyabb h\u0151m\u00e9rs\u00e9klet m\u00ednusz 2 \u00e9s plusz 4, a legmagasabb h\u0151m\u00e9rs\u00e9klet a naposabb t\u00e1jakon 12-18 fok k\u00f6z\u00f6tt v\u00e1rhat\u00f3, a tart\u00f3san felh\u0151s, p\u00e1r\u00e1s, k\u00f6d\u00f6s vid\u00e9keken azonban hidegebb marad az id\u0151.<br \/>\n    Cs\u00fct\u00f6rt\u00f6k\u00f6n ism\u00e9t nagyr\u00e9sz er\u0151sen felh\u0151s vagy borult, p\u00e1r\u00e1s, k\u00f6d\u00f6s id\u0151re lehet sz\u00e1m\u00edtani. Keleten, \u00e9szakkeleten tart\u00f3san is ilyen maradhat az id\u0151, hosszabb id\u0151re ink\u00e1bb nyugaton s\u00fcthet ki a nap. Sz\u00e1mottev\u0151 csapad\u00e9k nem val\u00f3sz\u00edn\u0171, de elsz\u00f3rtan el\u0151fordulhat szit\u00e1l\u00e1s. A minimumh\u0151m\u00e9rs\u00e9klet m\u00ednusz 1 \u00e9s plusz 6, a maximumh\u0151m\u00e9rs\u00e9klet a napos t\u00e1jakon 12-18 fok k\u00f6z\u00f6tt v\u00e1rhat\u00f3, de a tart\u00f3sabban felh\u0151s, k\u00f6d\u00f6s vid\u00e9keken enn\u00e9l hidegebb id\u0151re van kil\u00e1t\u00e1s.<br \/>\n<div class=\"ads-in-post2\"><script async src=\"https:\/\/pagead2.googlesyndication.com\/pagead\/js\/adsbygoogle.js\"><\/script>\r\n<ins class=\"adsbygoogle\"\r\n     style=\"display:block\"\r\n     data-ad-format=\"fluid\"\r\n     data-ad-layout-key=\"-6t+ed+2i-1n-4w\"\r\n     data-ad-client=\"ca-pub-1959107119989764\"\r\n     data-ad-slot=\"4008251320\"><\/ins>\r\n<script>\r\n     (adsbygoogle = window.adsbygoogle || []).push({});\r\n<\/script><\/div>\n    P\u00e9nteken napos \u00e9s r\u00e9tegfelh\u0151s, p\u00e1r\u00e1s, helyenk\u00e9nt k\u00f6d\u00f6s ter\u00fcletek egyar\u00e1nt v\u00e1rhat\u00f3k. Est\u00e9t\u0151l ism\u00e9t terjeszkedik a k\u00f6d, illetve a r\u00e9tegfelh\u0151zet. Sz\u00e1mottev\u0151 csapad\u00e9k nem val\u00f3sz\u00edn\u0171, de elsz\u00f3rtan el\u0151fordulhat szit\u00e1l\u00e1s. A leghidegebb \u00f3r\u00e1kban 0 \u00e9s plusz 5 fok k\u00f6z\u00f6tt alakul a h\u0151m\u00e9rs\u00e9klet. Napk\u00f6zben a napos helyeken 11-17 fokig melegszik a leveg\u0151, a tart\u00f3sabban k\u00f6d\u00f6s, felh\u0151s t\u00e1jakon azonban hidegebb lesz.<br \/>\n    Szombatra virrad\u00f3ra t\u00falnyom\u00f3an borult, p\u00e1r\u00e1s, t\u00f6bbfel\u00e9 k\u00f6d\u00f6s id\u0151 v\u00e1rhat\u00f3. Napk\u00f6zben a k\u00f6dfoltok megsz\u0171nnek. Az orsz\u00e1g nagy r\u00e9sz\u00e9n hosszabb-r\u00f6videbb id\u0151re kis\u00fcthet a nap, de elsz\u00f3rtan el\u0151fordulhat z\u00e1pores\u0151. A sz\u00e9l meg\u00e9l\u00e9nk\u00fcl, sokfel\u00e9 meg is er\u0151s\u00f6dik. A legalacsonyabb h\u0151m\u00e9rs\u00e9klet 0 \u00e9s plusz 6, a legmagasabb h\u0151m\u00e9rs\u00e9klet 7-15 fok k\u00f6z\u00f6tt alakul.<br \/>\n<div class=\"ads-in-post1\"><div id=\"gazdasagportal.hu_fullbanner_wideboard\"><\/div>\r\n<\/div>\n    Vas\u00e1rnap v\u00e1ltoz\u00f3an felh\u0151s lesz az \u00e9g, de hosszabb-r\u00f6videbb id\u0151re kis\u00fct a nap. Sz\u00e1mottev\u0151 csapad\u00e9k nem val\u00f3sz\u00edn\u0171. Hajnalban \u00e1ltal\u00e1ban m\u00ednusz 2 \u00e9s plusz 3, a d\u00e9lut\u00e1ni \u00f3r\u00e1kban pedig t\u00f6bbnyire 6-11 fokot m\u00e9rhetnek &#8211; olvashat\u00f3 az el\u0151rejelz\u00e9sben.(MTI)<\/p>\n","protected":false},"excerpt":{"rendered":"<p>Nem v\u00e1rhat\u00f3 t\u00e9lies id\u0151 a meteorol\u00f3giai t\u00e9l utols\u00f3 het\u00e9ben. Sz\u00e1mottev\u0151 csapad\u00e9k helyett naps\u00fct\u00e9s v\u00e1rhat\u00f3, de sokszor lesz s\u0171r\u0171 k\u00f6d. Hajnalban m\u00e9g el\u0151fordulhatnak m\u00ednuszok, de napk\u00f6zben n\u00e9hol ak\u00e1r 18 fok is lehet &#8211; der\u00fcl ki az Orsz\u00e1gos Meteorol\u00f3giai Szolg\u00e1lat orsz\u00e1gos, k\u00f6z\u00e9pt\u00e1v\u00fa el\u0151rejelz\u00e9s\u00e9b\u0151l, amelyet vas\u00e1rnap juttattak el az MTI-hez.<\/p>\n","protected":false},"author":1001006,"featured_media":0,"comment_status":"closed","ping_status":"open","sticky":false,"template":"","format":"standard","meta":[],"categories":[4],"tags":[],"_links":{"self":[{"href":"https:\/\/gazdasagportal.hu\/index.php\/wp-json\/wp\/v2\/posts\/133345"}],"collection":[{"href":"https:\/\/gazdasagportal.hu\/index.php\/wp-json\/wp\/v2\/posts"}],"about":[{"href":"https:\/\/gazdasagportal.hu\/index.php\/wp-json\/wp\/v2\/types\/post"}],"author":[{"embeddable":true,"href":"https:\/\/gazdasagportal.hu\/index.php\/wp-json\/wp\/v2\/users\/1001006"}],"replies":[{"embeddable":true,"href":"https:\/\/gazdasagportal.hu\/index.php\/wp-json\/wp\/v2\/comments?post=133345"}],"version-history":[{"count":1,"href":"https:\/\/gazdasagportal.hu\/index.php\/wp-json\/wp\/v2\/posts\/133345\/revisions"}],"predecessor-version":[{"id":133346,"href":"https:\/\/gazdasagportal.hu\/index.php\/wp-json\/wp\/v2\/posts\/133345\/revisions\/133346"}],"wp:attachment":[{"href":"https:\/\/gazdasagportal.hu\/index.php\/wp-json\/wp\/v2\/media?parent=133345"}],"wp:term":[{"taxonomy":"category","embeddable":true,"href":"https:\/\/gazdasagportal.hu\/index.php\/wp-json\/wp\/v2\/categories?post=133345"},{"taxonomy":"post_tag","embeddable":true,"href":"https:\/\/gazdasagportal.hu\/index.php\/wp-json\/wp\/v2\/tags?post=133345"}],"curies":[{"name":"wp","href":"https:\/\/api.w.org\/{rel}","templated":true}]}}