{"id":133292,"date":"2021-02-18T17:58:30","date_gmt":"2021-02-18T16:58:30","guid":{"rendered":"http:\/\/gazdasagportal.hu\/?p=133292"},"modified":"2021-02-18T17:58:30","modified_gmt":"2021-02-18T16:58:30","slug":"tovabbra-is-csokken-a-svajci-orak-eladasa","status":"publish","type":"post","link":"https:\/\/gazdasagportal.hu\/index.php\/tovabbra-is-csokken-a-svajci-orak-eladasa\/","title":{"rendered":"Tov\u00e1bbra is cs\u00f6kken a sv\u00e1jci \u00f3r\u00e1k elad\u00e1sa"},"content":{"rendered":"<p><strong>Folytat\u00f3dott a sv\u00e1jci \u00f3ragy\u00e1rt\u00f3 \u00e1gazat elad\u00e1scs\u00f6kken\u00e9se janu\u00e1rban, amikor m\u00e1r a 12. egym\u00e1st k\u00f6vet\u0151 h\u00f3napban jegyeztek fel visszaes\u00e9st az \u00e9rt\u00e9kes\u00edt\u00e9sben.<\/strong><!--more--><\/p>\n<div class=\"ads-in-post1\"><div id=\"gazdasagportal.hu_fullbanner_wideboard\"><\/div>\r\n<\/div>\n<p>    A sv\u00e1jci \u00f3raipari sz\u00f6vets\u00e9g (FHS) honlapj\u00e1n szerepl\u0151 adatok szerint janu\u00e1rban a teljes \u00f3raexport \u00e9rt\u00e9ke \u00e9ves \u00f6sszevet\u00e9sben 11 sz\u00e1zal\u00e9kkal 1 milli\u00e1rd 593 milli\u00f3 frankra cs\u00f6kkent. Ezen bel\u00fcl a kar\u00f3r\u00e1k kivitel\u00e9b\u0151l sz\u00e1rmaz\u00f3 bev\u00e9tel 10,6 sz\u00e1zal\u00e9kkal, 1 milli\u00e1rd 522 milli\u00f3 frankra esett 2020 janu\u00e1rral \u00f6sszevetve.<br \/>\n    Az eladott kar\u00f3r\u00e1k darabsz\u00e1m\u00e1ban a legnagyobb visszaes\u00e9st a 200 frank alattiakn\u00e1l regisztr\u00e1lt\u00e1k janu\u00e1rban, 42,5 sz\u00e1zal\u00e9kot, 2019 janu\u00e1rral \u00f6sszevetve. Ebben a kateg\u00f3ri\u00e1ban volt a legnagyobb a bev\u00e9telcs\u00f6kken\u00e9s is, 30,5 sz\u00e1zal\u00e9k.<br \/>\n    A legkisebb visszaes\u00e9st a fels\u0151kateg\u00f3ri\u00e1s, 3 ezer frank feletti \u00f3r\u00e1kn\u00e1l m\u00e9rt\u00e9k, az eladott darabsz\u00e1m 6,8 sz\u00e1zal\u00e9kkal esett, az elad\u00e1sukb\u00f3l sz\u00e1rmaz\u00f3 bev\u00e9tel pedig 4,1 sz\u00e1zal\u00e9kkal apadt.<br \/>\n    Janu\u00e1rban K\u00edna volt a sv\u00e1jci \u00f3r\u00e1k legfontosabb felvev\u0151 piaca 16 sz\u00e1zal\u00e9kos piaci r\u00e9szesed\u00e9ssel, a sv\u00e1jci kivitel \u00e9rt\u00e9ke 58,2 sz\u00e1zal\u00e9kkal, 255 milli\u00f3 frankra ugrott.<br \/>\n<div class=\"ads-in-post2\"><script async src=\"https:\/\/pagead2.googlesyndication.com\/pagead\/js\/adsbygoogle.js\"><\/script>\r\n<ins class=\"adsbygoogle\"\r\n     style=\"display:block\"\r\n     data-ad-format=\"fluid\"\r\n     data-ad-layout-key=\"-6t+ed+2i-1n-4w\"\r\n     data-ad-client=\"ca-pub-1959107119989764\"\r\n     data-ad-slot=\"4008251320\"><\/ins>\r\n<script>\r\n     (adsbygoogle = window.adsbygoogle || []).push({});\r\n<\/script><\/div>\n    A sv\u00e1jci \u00f3r\u00e1k m\u00e1sodik legnagyobb piaca janu\u00e1rban az Egyes\u00fclt \u00c1llamok lett, 11,5 sz\u00e1zal\u00e9kos r\u00e9szesed\u00e9ssel, a sv\u00e1jci export 11 sz\u00e1zal\u00e9kkal, 183,3 milli\u00f3 frankra cs\u00f6kkent.<br \/>\n    A harmadik helyre 10,6 sz\u00e1zal\u00e9kos r\u00e9szesed\u00e9ssel Hongkong l\u00e9pett, a m\u00falt h\u00f3napban ide export\u00e1lt sv\u00e1jci \u00f3r\u00e1k \u00e9rt\u00e9ke 169,3 milli\u00f3 frankot tett ki, 8,5 sz\u00e1zal\u00e9kkal kevesebbet az egy \u00e9vvel kor\u00e1bbin\u00e1l.<br \/>\n    A negyedik legjelent\u0151sebb, 6,7 sz\u00e1zal\u00e9kos piaci r\u00e9szesed\u00e9st felmutat\u00f3 Jap\u00e1nban a sv\u00e1jci \u00f3r\u00e1k elad\u00e1sa 20,9 sz\u00e1zal\u00e9kkal, 106,2 milli\u00f3 frankra esett.<br \/>\n    A 6,6 sz\u00e1zal\u00e9kos piaci r\u00e9szesed\u00e9s\u0171 Szingap\u00farban az \u00e9rt\u00e9kes\u00edt\u00e9s 1,6 sz\u00e1zal\u00e9kkal, 105,9 milli\u00f3 frankra s\u00fcllyedt.<br \/>\n    A janu\u00e1rban sorrendben hatodik, 5 sz\u00e1zal\u00e9kos piaci r\u00e9szesed\u00e9s\u0171 Nagy-Britanni\u00e1ban az \u00e9rt\u00e9kes\u00edt\u00e9s 20,2 sz\u00e1zal\u00e9kkal, 80 milli\u00f3 frankra m\u00e9rs\u00e9kl\u0151d\u00f6tt.<br \/>\n    Janu\u00e1rban ebbe a hat orsz\u00e1gba ir\u00e1nyult a sv\u00e1jci \u00f3raexport 56,5 sz\u00e1zal\u00e9ka, az elad\u00e1sb\u00f3l sz\u00e1rmaz\u00f3 egy\u00fcttes bev\u00e9tel 0,6 sz\u00e1zal\u00e9kkal, 899,7 milli\u00f3 frankra emelkedett.<br \/>\n<div class=\"ads-in-post2\"><script async src=\"https:\/\/pagead2.googlesyndication.com\/pagead\/js\/adsbygoogle.js\"><\/script>\r\n<ins class=\"adsbygoogle\"\r\n     style=\"display:block\"\r\n     data-ad-format=\"fluid\"\r\n     data-ad-layout-key=\"-6t+ed+2i-1n-4w\"\r\n     data-ad-client=\"ca-pub-1959107119989764\"\r\n     data-ad-slot=\"4008251320\"><\/ins>\r\n<script>\r\n     (adsbygoogle = window.adsbygoogle || []).push({});\r\n<\/script><\/div>\n    Tavaly 16 milli\u00e1rd 984 milli\u00f3 frank \u00e9rt\u00e9kben adtak el k\u00fclf\u00f6ld\u00f6n sv\u00e1jci \u00f3r\u00e1kat, ami 21,8 sz\u00e1zal\u00e9kkal elmarad a 2019. \u00e9vit\u0151l, amikor m\u00e9g 2,4 sz\u00e1zal\u00e9kos emelked\u00e9st regisztr\u00e1ltak az el\u0151z\u0151, 2018. \u00e9vihez k\u00e9pest.(MTI)<\/p>\n","protected":false},"excerpt":{"rendered":"<p>Folytat\u00f3dott a sv\u00e1jci \u00f3ragy\u00e1rt\u00f3 \u00e1gazat elad\u00e1scs\u00f6kken\u00e9se janu\u00e1rban, amikor m\u00e1r a 12. egym\u00e1st k\u00f6vet\u0151 h\u00f3napban jegyeztek fel visszaes\u00e9st az \u00e9rt\u00e9kes\u00edt\u00e9sben.<\/p>\n","protected":false},"author":1001006,"featured_media":0,"comment_status":"closed","ping_status":"open","sticky":false,"template":"","format":"standard","meta":[],"categories":[19],"tags":[],"_links":{"self":[{"href":"https:\/\/gazdasagportal.hu\/index.php\/wp-json\/wp\/v2\/posts\/133292"}],"collection":[{"href":"https:\/\/gazdasagportal.hu\/index.php\/wp-json\/wp\/v2\/posts"}],"about":[{"href":"https:\/\/gazdasagportal.hu\/index.php\/wp-json\/wp\/v2\/types\/post"}],"author":[{"embeddable":true,"href":"https:\/\/gazdasagportal.hu\/index.php\/wp-json\/wp\/v2\/users\/1001006"}],"replies":[{"embeddable":true,"href":"https:\/\/gazdasagportal.hu\/index.php\/wp-json\/wp\/v2\/comments?post=133292"}],"version-history":[{"count":1,"href":"https:\/\/gazdasagportal.hu\/index.php\/wp-json\/wp\/v2\/posts\/133292\/revisions"}],"predecessor-version":[{"id":133293,"href":"https:\/\/gazdasagportal.hu\/index.php\/wp-json\/wp\/v2\/posts\/133292\/revisions\/133293"}],"wp:attachment":[{"href":"https:\/\/gazdasagportal.hu\/index.php\/wp-json\/wp\/v2\/media?parent=133292"}],"wp:term":[{"taxonomy":"category","embeddable":true,"href":"https:\/\/gazdasagportal.hu\/index.php\/wp-json\/wp\/v2\/categories?post=133292"},{"taxonomy":"post_tag","embeddable":true,"href":"https:\/\/gazdasagportal.hu\/index.php\/wp-json\/wp\/v2\/tags?post=133292"}],"curies":[{"name":"wp","href":"https:\/\/api.w.org\/{rel}","templated":true}]}}