{"id":133275,"date":"2021-02-18T08:41:32","date_gmt":"2021-02-18T07:41:32","guid":{"rendered":"http:\/\/gazdasagportal.hu\/?p=133275"},"modified":"2021-02-18T08:41:32","modified_gmt":"2021-02-18T07:41:32","slug":"tozsdenyitas-elott-iranykeresessel-kezdhet-a-tozsde-2","status":"publish","type":"post","link":"https:\/\/gazdasagportal.hu\/index.php\/tozsdenyitas-elott-iranykeresessel-kezdhet-a-tozsde-2\/","title":{"rendered":"T\u0151zsdenyit\u00e1s el\u0151tt &#8211; Ir\u00e1nykeres\u00e9ssel kezdhet a t\u0151zsde"},"content":{"rendered":"<p><strong>A szerdai cs\u00f6kken\u00e9s ut\u00e1n ir\u00e1nykeres\u00e9ssel kezdhet a Budapesti \u00c9rt\u00e9kt\u0151zsde (B\u00c9T) cs\u00fct\u00f6rt\u00f6k\u00f6n &#8211; \u00edrta az MTI-nek k\u00fcld\u00f6tt el\u0151rejelz\u00e9s\u00e9ben az Equilor Befektet\u00e9si Zrt. elemz\u0151je.<\/strong><!--more--><\/p>\n<div class=\"ads-in-post1\"><div id=\"gazdasagportal.hu_fullbanner_wideboard\"><\/div>\r\n<\/div>\n<p>    J\u00f3zsa Bence az OTP eset\u00e9ben a 13 500 forintos, a Mol \u00e1rfolyam\u00e1ban a 2200 forintos szintet tartja fontos t\u00e1masznak. Szerd\u00e1n mindk\u00e9t vezet\u0151 r\u00e9szv\u00e9ny gyeng\u00fcl\u00e9ssel z\u00e1rt.<br \/>\n    A Magyar Telekom ugyanakkor tov\u00e1bb er\u0151s\u00f6dhet, ak\u00e1r a 420 forintos szintet is c\u00e9lba veheti &#8211; tette hozz\u00e1.<br \/>\n    A B\u00c9T r\u00e9szv\u00e9nyindexe, a BUX 525,50 pontos, 1,17 sz\u00e1zal\u00e9kos cs\u00f6kken\u00e9ssel, 44 416,15 ponton z\u00e1rt szerd\u00e1n. A r\u00e9szv\u00e9nypiac forgalma 15,9 milli\u00e1rd forint volt.<br \/>\n    A Mol r\u00e9szv\u00e9nyeinek \u00e1rfolyama 50 forinttal, 2,18 sz\u00e1zal\u00e9kkal 2240 forintra cs\u00f6kkent, 2,3 milli\u00e1rd forintos forgalomban.<br \/>\n    Az OTP-r\u00e9szv\u00e9nyek \u00e1ra 10 forinttal, 0,07 sz\u00e1zal\u00e9kkal 13 590 forintra esett, forgalmuk 9,5 milli\u00e1rd forintot tett ki.<br \/>\n<div class=\"ads-in-post2\"><script async src=\"https:\/\/pagead2.googlesyndication.com\/pagead\/js\/adsbygoogle.js\"><\/script>\r\n<ins class=\"adsbygoogle\"\r\n     style=\"display:block\"\r\n     data-ad-format=\"fluid\"\r\n     data-ad-layout-key=\"-6t+ed+2i-1n-4w\"\r\n     data-ad-client=\"ca-pub-1959107119989764\"\r\n     data-ad-slot=\"4008251320\"><\/ins>\r\n<script>\r\n     (adsbygoogle = window.adsbygoogle || []).push({});\r\n<\/script><\/div>\n    A Magyar Telekom \u00e1rfolyama nem v\u00e1ltozott, 408 forinton z\u00e1rt a pap\u00edr, forgalma 264,4 milli\u00f3 forint volt.<br \/>\n    A Richter-pap\u00edrok \u00e1rfolyama 215 forinttal, 2,39 sz\u00e1zal\u00e9kkal 8765 forintra gyeng\u00fclt, a r\u00e9szv\u00e9nyek forgalma 3,6 milli\u00e1rd forintot \u00e9rt el.(MTI)<\/p>\n","protected":false},"excerpt":{"rendered":"<p>A szerdai cs\u00f6kken\u00e9s ut\u00e1n ir\u00e1nykeres\u00e9ssel kezdhet a Budapesti \u00c9rt\u00e9kt\u0151zsde (B\u00c9T) cs\u00fct\u00f6rt\u00f6k\u00f6n &#8211; \u00edrta az MTI-nek k\u00fcld\u00f6tt el\u0151rejelz\u00e9s\u00e9ben az Equilor Befektet\u00e9si Zrt. elemz\u0151je.<\/p>\n","protected":false},"author":1001006,"featured_media":0,"comment_status":"closed","ping_status":"open","sticky":false,"template":"","format":"standard","meta":[],"categories":[7],"tags":[],"_links":{"self":[{"href":"https:\/\/gazdasagportal.hu\/index.php\/wp-json\/wp\/v2\/posts\/133275"}],"collection":[{"href":"https:\/\/gazdasagportal.hu\/index.php\/wp-json\/wp\/v2\/posts"}],"about":[{"href":"https:\/\/gazdasagportal.hu\/index.php\/wp-json\/wp\/v2\/types\/post"}],"author":[{"embeddable":true,"href":"https:\/\/gazdasagportal.hu\/index.php\/wp-json\/wp\/v2\/users\/1001006"}],"replies":[{"embeddable":true,"href":"https:\/\/gazdasagportal.hu\/index.php\/wp-json\/wp\/v2\/comments?post=133275"}],"version-history":[{"count":1,"href":"https:\/\/gazdasagportal.hu\/index.php\/wp-json\/wp\/v2\/posts\/133275\/revisions"}],"predecessor-version":[{"id":133276,"href":"https:\/\/gazdasagportal.hu\/index.php\/wp-json\/wp\/v2\/posts\/133275\/revisions\/133276"}],"wp:attachment":[{"href":"https:\/\/gazdasagportal.hu\/index.php\/wp-json\/wp\/v2\/media?parent=133275"}],"wp:term":[{"taxonomy":"category","embeddable":true,"href":"https:\/\/gazdasagportal.hu\/index.php\/wp-json\/wp\/v2\/categories?post=133275"},{"taxonomy":"post_tag","embeddable":true,"href":"https:\/\/gazdasagportal.hu\/index.php\/wp-json\/wp\/v2\/tags?post=133275"}],"curies":[{"name":"wp","href":"https:\/\/api.w.org\/{rel}","templated":true}]}}