{"id":133256,"date":"2021-02-17T11:44:03","date_gmt":"2021-02-17T10:44:03","guid":{"rendered":"http:\/\/gazdasagportal.hu\/?p=133256"},"modified":"2021-02-17T11:44:03","modified_gmt":"2021-02-17T10:44:03","slug":"uzleti-hangulat-koronavirus-idejen-ovatos-optimizmus","status":"publish","type":"post","link":"https:\/\/gazdasagportal.hu\/index.php\/uzleti-hangulat-koronavirus-idejen-ovatos-optimizmus\/","title":{"rendered":"\u00dczleti hangulat koronav\u00edrus idej\u00e9n: \u00f3vatos optimizmus"},"content":{"rendered":"<p style=\"font-weight: 400;\"><strong>Vil\u00e1gszerte gyorsan maguk m\u00f6g\u00f6tt hagyt\u00e1k a j\u00e1rv\u00e1ny kirobban\u00e1sa ut\u00e1ni v\u00e1ls\u00e1g\u00fczemm\u00f3dot a v\u00e1llalatok \u2013 legal\u00e1bbis ez der\u00fcl ki a Mazars \u00e1ltal k\u00e9sz\u00edtett reprezentat\u00edv, glob\u00e1lis felm\u00e9r\u00e9sb\u0151l. A pand\u00e9mia s\u00falyoss\u00e1ga ellen\u00e9re a c\u00e9gvezet\u0151k meglep\u0151en optimist\u00e1k a k\u00f6vetkez\u0151 \u00e9vek \u00fczleti lehet\u0151s\u00e9geit illet\u0151en \u00e9s gyorsan k\u00e9zbe vett\u00e9k a kezdem\u00e9nyez\u00e9st. A felm\u00e9r\u00e9s szerint a n\u0151i c\u00e9gvezet\u0151k bizakod\u00f3bbak a j\u00f6v\u0151t tekintve, \u00e9s sokszor f\u00e9rfi koll\u00e9g\u00e1ikat megel\u0151zve, m\u00e1r tavaly ny\u00e1ron a v\u00e1llalatok k\u00f6z\u00e9pt\u00e1v\u00fa n\u00f6veked\u00e9s\u00e9re \u00f6sszpontos\u00edtottak. A k\u00f6vetkez\u0151 \u00e9vekben a gazdas\u00e1g \u00e9s a technol\u00f3gia fejl\u0151d\u00e9si trendjei alak\u00edtj\u00e1k majd az \u00fczleti kil\u00e1t\u00e1sokat, amire a v\u00e1llalatvezet\u0151k jelent\u0151s \u00e1talak\u00edt\u00e1sokkal k\u00e9sz\u00fclnek. Les\u00fajt\u00f3 viszont a k\u00e9p, ami a kl\u00edmav\u00e1ltoz\u00e1s meg\u00edt\u00e9l\u00e9s\u00e9t illeti: a v\u00e1llalatok 80 sz\u00e1zal\u00e9ka nem sz\u00e1mol ebb\u0151l fakad\u00f3 probl\u00e9m\u00e1kkal. A k\u00e9rd\u00e9s bagatelliz\u00e1l\u00e1sa K\u00f6z\u00e9p-Kelet-Eur\u00f3p\u00e1ban jelenik meg a legl\u00e1tv\u00e1nyosabban.<\/strong><\/p>\n<p><!--more--><\/p>\n<div class=\"ads-in-post1\"><div id=\"gazdasagportal.hu_fullbanner_wideboard\"><\/div>\r\n<\/div>\n<p style=\"font-weight: 400;\">\u00a0A Mazars glob\u00e1lis \u00fczleti hangulatot szond\u00e1z\u00f3 tavalyi felm\u00e9r\u00e9s\u00e9b\u0151l az der\u00fcl ki, hogy a k\u00f6zv\u00e9leked\u00e9ssel ellent\u00e9tben\u00a0<strong>2020 nem minden szektorban alakult kedvez\u0151tlen\u00fcl a v\u00e1llalkoz\u00e1sok sz\u00e1m\u00e1ra<\/strong>, \u00e9s a neh\u00e9z k\u00f6r\u00fclm\u00e9nyek ellen\u00e9re lehet\u0151s\u00e9gekb\u0151l tov\u00e1bbra sincs hi\u00e1ny\u00a0<strong>a megk\u00e9rdezett t\u00f6bb mint 500 c\u00e9gvezet\u0151 szerint<\/strong>. A felm\u00e9r\u00e9s meglep\u0151 eredm\u00e9nye, hogy\u00a0<strong>a v\u00e1llalatok t\u00f6bbs\u00e9ge nem tart a COVID\u201319-j\u00e1rv\u00e1ny negat\u00edv hat\u00e1sait\u00f3l<\/strong>. A c\u00e9gek jellemz\u0151en optimist\u00e1n l\u00e1tj\u00e1k a j\u00f6v\u0151t,\u00a0<strong>t\u00f6bbs\u00e9g\u00fck (71 sz\u00e1zal\u00e9k) pedig 2021-ben m\u00e1r \u00e1rbev\u00e9tel-n\u00f6veked\u00e9sre sz\u00e1m\u00edt.<\/strong><\/p>\n<p style=\"font-weight: 400;\">\u00a0A\u00a0<em>C-suite barometer<\/em>\u00a0<strong>az aut\u00f3ipar, a technol\u00f3giai \u00e9s telekommunik\u00e1ci\u00f3s szektor, illetve a p\u00e9nz\u00fcgyi szolg\u00e1ltat\u00f3k topmenedzsereit<\/strong>\u00a0faggatta \u00f6t kontinensen, eredetileg azzal a c\u00e9llal, hogy t\u00e1vlatos k\u00e9pet ny\u00fajtson a v\u00e1llalatvezet\u0151k gondolkod\u00e1s\u00e1r\u00f3l. Id\u0151k\u00f6zben azonban minden progn\u00f3zist bor\u00edtott a koronav\u00edrus, \u00edgy a\u00a0<strong>2020 harmadik negyed\u00e9v\u00e9ben v\u00e9gzett kutat\u00e1s<\/strong>nak k\u00f6sz\u00f6nhet\u0151en pillanatk\u00e9pet kaptunk arr\u00f3l,\u00a0<strong>mik\u00e9nt reag\u00e1lnak a nemzetk\u00f6zi \u00fczleti \u00e9let vezet\u0151i egy sz\u00e1z \u00e9ve nem tapasztalt vil\u00e1gj\u00e1rv\u00e1nyra.<\/strong><\/p><div id=\"gazda-3406620066\" class=\"gazda-tartalomban gazda-entity-placement\"><script async src=\"https:\/\/pagead2.googlesyndication.com\/pagead\/js\/adsbygoogle.js\"><\/script>\r\n<ins class=\"adsbygoogle\"\r\n     style=\"display:block\"\r\n     data-ad-format=\"fluid\"\r\n     data-ad-layout-key=\"-6t+ed+2i-1n-4w\"\r\n     data-ad-client=\"ca-pub-1959107119989764\"\r\n     data-ad-slot=\"4008251320\"><\/ins>\r\n<script>\r\n     (adsbygoogle = window.adsbygoogle || []).push({});\r\n<\/script><\/div>\n<div class=\"ads-in-post2\"><script async src=\"https:\/\/pagead2.googlesyndication.com\/pagead\/js\/adsbygoogle.js\"><\/script>\r\n<ins class=\"adsbygoogle\"\r\n     style=\"display:block\"\r\n     data-ad-format=\"fluid\"\r\n     data-ad-layout-key=\"-6t+ed+2i-1n-4w\"\r\n     data-ad-client=\"ca-pub-1959107119989764\"\r\n     data-ad-slot=\"4008251320\"><\/ins>\r\n<script>\r\n     (adsbygoogle = window.adsbygoogle || []).push({});\r\n<\/script><\/div>\n<p style=\"font-weight: 400;\">\u00a0<em>\u201eSokunk sz\u00e1m\u00e1ra v\u00e1ratlan eredm\u00e9nyt hozott a felm\u00e9r\u00e9s, a v\u00e1laszad\u00f3kra ugyanis t\u00f6bbnyire az optimizmus \u00e9s a rugalmass\u00e1g volt jellemz\u0151. A c\u00e9gek t\u00f6bbs\u00e9ge, 58 sz\u00e1zal\u00e9ka 2020-ban is az el\u0151z\u0151 \u00e9vihez hasonl\u00f3 \u00e1rbev\u00e9telre sz\u00e1m\u00edtott, k\u00e9tharmaduk pedig 2021-re \u00e1rbev\u00e9tel-n\u00f6veked\u00e9st prognosztiz\u00e1lt. Ism\u00e9t kider\u00fclt, hogy egy v\u00e1llalkoz\u00e1s rugalmass\u00e1g\u00e1ba, ellen\u00e1ll\u00f3k\u00e9pess\u00e9g\u00e9be befektetni mindig j\u00f3 d\u00f6nt\u00e9s. Azok a v\u00e1llalatok, amelyek fontosnak tarj\u00e1k a fenntarthat\u00f3 n\u00f6veked\u00e9st \u00e9s tart\u00f3san sikeresek akarnak maradni, az el\u0151tt\u00fcnk \u00e1ll\u00f3 \u00e9vekben erre biztosan figyelni fognak\u201d<\/em>\u00a0\u2013\u00a0<strong>fogalmazott dr. H. Nagy D\u00e1niel, a Mazars ad\u00f3igazgat\u00f3ja.<\/strong><\/p>\n<p style=\"font-weight: 400;\">\u00a0<strong>A koronav\u00edrus-j\u00e1rv\u00e1ny els\u0151, tavaszi hull\u00e1ma idej\u00e9n a v\u00e1llalatok<\/strong>\u00a0az olyan\u00a0<strong>r\u00f6vid t\u00e1v\u00fa kih\u00edv\u00e1sokra koncentr\u00e1ltak<\/strong>, mint a finansz\u00edroz\u00e1s, a c\u00e9g j\u00f3 h\u00edrneve, valamint a c\u00e9g munkav\u00e1llal\u00f3it \u00e9rint\u0151 k\u00e9rd\u00e9sek.\u00a0<strong>Az \u00e9v k\u00f6zep\u00e9re azonban fordult a kocka<\/strong>, a v\u00e1llalatvezet\u0151k felvett\u00e9k a keszty\u0171t \u00e9s m\u00e1r 2021-re \u00e9s a k\u00f6vetkez\u0151 \u00e9vekre kezdtek tervezni. A strat\u00e9giaalkot\u00e1sban\u00a0<strong>egyre hangs\u00falyosabban jelentek meg az olyan t\u00e9m\u00e1k, mint a kutat\u00e1s-fejleszt\u00e9s, az \u00faj term\u00e9kek \u00e9s szolg\u00e1ltat\u00e1sok bevezet\u00e9se, illetve a fenntarthat\u00f3s\u00e1g<\/strong>. K\u00fcl\u00f6n\u00f6sen a nagyv\u00e1llalatokn\u00e1l ker\u00fcltek ezek a t\u00e9m\u00e1k a lista tetej\u00e9re 2020 m\u00e1sodik fel\u00e9ben. Ez a trend vil\u00e1gszerte jellemz\u0151 maradt, az afrikai v\u00e1llalatok kiv\u00e9tel\u00e9vel, ahol tov\u00e1bbra is a r\u00f6vid t\u00e1v\u00fa finansz\u00edroz\u00e1si gondok domin\u00e1lnak.<\/p>\n<div class=\"ads-in-post2\"><script async src=\"https:\/\/pagead2.googlesyndication.com\/pagead\/js\/adsbygoogle.js\"><\/script>\r\n<ins class=\"adsbygoogle\"\r\n     style=\"display:block\"\r\n     data-ad-format=\"fluid\"\r\n     data-ad-layout-key=\"-6t+ed+2i-1n-4w\"\r\n     data-ad-client=\"ca-pub-1959107119989764\"\r\n     data-ad-slot=\"4008251320\"><\/ins>\r\n<script>\r\n     (adsbygoogle = window.adsbygoogle || []).push({});\r\n<\/script><\/div>\n<p style=\"font-weight: 400;\">\u00a0A hossz\u00fa t\u00e1vra t\u00f6rt\u00e9n\u0151 tervez\u00e9s \u00e9s az ezzel \u00f6sszef\u00fcgg\u0151 befektet\u00e9sek el\u0151t\u00e9rbe ker\u00fcl\u00e9se\u00a0<strong>k\u00fcl\u00f6n\u00f6sen a n\u0151i c\u00e9gvezet\u0151kre volt jellemz\u0151<\/strong>. A tavalyi \u00e9v m\u00e1sodik fel\u00e9ben a n\u0151i v\u00e1llalatvezet\u0151k 65 sz\u00e1zal\u00e9ka helyezte \u00e1t a hangs\u00falyt a hossz\u00fa t\u00e1v\u00fa befektet\u00e9sekre, m\u00edg a f\u00e9rfiakn\u00e1l ez az ar\u00e1ny 59 sz\u00e1zal\u00e9k volt.<\/p>\n<p style=\"font-weight: 400;\">\u00a0<em>\u201eMeglepet\u00e9sk\u00e9nt \u00e9rt, hogy a v\u00e1laszad\u00f3k mennyire optimist\u00e1k \u00e9s bizakod\u00f3ak a j\u00f6v\u0151t illet\u0151en. \u00c9rdekes, hogy ez k\u00fcl\u00f6n\u00f6sen a n\u0151i c\u00e9gvezet\u0151kre jellemz\u0151. A k\u00fcl\u00f6nb\u00f6z\u0151 szektorokat term\u00e9szetesen sz\u00e1mos k\u00fcl\u00f6nbs\u00e9g jellemzi, de a m\u00e9dia \u00e1ltal sugallt k\u00e9p a j\u00e1rv\u00e1ny v\u00e1llalkoz\u00e1sokra gyakorolt hat\u00e1s\u00e1r\u00f3l igencsak fekete-feh\u00e9r. Felm\u00e9r\u00e9s\u00fcnkb\u0151l az der\u00fclt ki, hogy a val\u00f3s\u00e1g enn\u00e9l sokkal sz\u00ednesebb\u00a0<\/em><strong>\u2013 mondta el Mark Kennedy, a Mazars partnere.<\/strong><em>\u00a0F\u00e9ny der\u00fclt arra is, hogy a kl\u00edmav\u00e1ltoz\u00e1s az utols\u00f3 helyen szerepel a v\u00e1llalatok fontoss\u00e1gi list\u00e1j\u00e1n. Innen, Nyugat-Eur\u00f3p\u00e1b\u00f3l n\u00e9zve arra sz\u00e1m\u00edtottunk, hogy a vil\u00e1gj\u00e1rv\u00e1ny r\u00e1vil\u00e1g\u00edt a probl\u00e9ma s\u00faly\u00e1ra, \u00e9s a v\u00e1llalatvezet\u0151k akkor is komolyabban foglalkoznak majd a kl\u00edmak\u00e9rd\u00e9ssel, ha saj\u00e1t c\u00e9g\u00fcket nem \u00e9rinti k\u00f6zvetlen\u00fcl, illetve, ha \u00fagy \u00edt\u00e9lik meg, hogy m\u00e1r kell\u0151k\u00e9ppen felk\u00e9sz\u00fcltek r\u00e1.\u201d<\/em><\/p>\n<div class=\"ads-in-post1\"><div id=\"gazdasagportal.hu_fullbanner_wideboard\"><\/div>\r\n<\/div>\n<p style=\"font-weight: 400;\">\u00a0Ez azonban nem \u00edgy alakult, hiszen\u00a0<strong>a v\u00e1laszad\u00f3k mind\u00f6ssze 20 sz\u00e1zal\u00e9ka sorolta a kl\u00edmav\u00e1ltoz\u00e1st az \u00fczleti k\u00f6rnyezetet alak\u00edt\u00f3 legfontosabb trendek k\u00f6z\u00e9.<\/strong>\u00a0\u00dagy t\u0171nik, a szeml\u00e9letv\u00e1lt\u00e1s m\u00e9g v\u00e1rat mag\u00e1ra, ami\u00a0<strong>k\u00fcl\u00f6n\u00f6sen K\u00f6z\u00e9p-Kelet-Eur\u00f3pa orsz\u00e1gaiban<\/strong>\u00a0szembet\u0171n\u0151: a r\u00e9gi\u00f3 c\u00e9gvezet\u0151inek csup\u00e1n\u00a0<strong>10 sz\u00e1zal\u00e9ka<\/strong>\u00a0eml\u00edtette a kl\u00edmak\u00e9rd\u00e9st, ami messze a legalacsonyabb ar\u00e1ny a vil\u00e1gon. A felm\u00e9r\u00e9sb\u0151l az is kider\u00fclt, hogy b\u00e1r nem tartj\u00e1k priorit\u00e1snak a glob\u00e1lis kl\u00edmakatasztr\u00f3f\u00e1t, a c\u00e9gek magabiztosak abban, hogy kezelni tudj\u00e1k majd: nem kevesebb, mint 70 sz\u00e1zal\u00e9kuk nyilatkozott \u00fagy, hogy felk\u00e9sz\u00fcltnek \u00e9rzi r\u00e1 v\u00e1llalat\u00e1t.<\/p>\n<p style=\"font-weight: 400;\"><strong>Milyen trendek hat\u00e1rozz\u00e1k meg a k\u00f6vetkez\u0151 \u00e9veket?<\/strong><\/p>\n<p style=\"font-weight: 400;\">\u00a0Ami\u00a0<strong>a gazdas\u00e1gi \u00e9s technol\u00f3giai trendek szerep\u00e9t illeti,\u00a0<\/strong>a c\u00e9gek 58 sz\u00e1zal\u00e9ka arra sz\u00e1m\u00edt, hogy a gazdas\u00e1gi folyamatok alakul\u00e1sa fogja a legink\u00e1bb meghat\u00e1rozni az \u00fczleti k\u00f6rnyezetet. A topmenedzserek 49 sz\u00e1zal\u00e9ka eml\u00edtette meghat\u00e1roz\u00f3 t\u00e9nyez\u0151k\u00e9nt a technol\u00f3giai \u00e9s innov\u00e1ci\u00f3s trendeket, \u00e9s b\u00e1r a fejl\u0151d\u00e9s egyre nehezebben k\u00f6vethet\u0151 temp\u00f3ban zajlik,\u00a0<strong>szinte mindannyian (90 sz\u00e1zal\u00e9k) b\u00edznak abban, hogy v\u00e1llalatuk k\u00e9pes lesz megfelel\u0151en reag\u00e1lni a kih\u00edv\u00e1sokra.<\/strong><\/p>\n<p style=\"font-weight: 400;\">\u00a0<strong>A pand\u00e9mia ellen\u00e9re a k\u00f6zeg\u00e9szs\u00e9g\u00fcgyi kock\u00e1zatok csak a harmadik helyre ker\u00fcltek<\/strong>\u00a0a rangsorban. A megk\u00e9rdezett v\u00e1llalatok negyede nyilatkozott \u00fagy, nem biztos benne, hogy kezelni tudja az ezzel j\u00e1r\u00f3 neh\u00e9zs\u00e9geket. Eml\u00edt\u00e9sre m\u00e9lt\u00f3, hogy\u00a0<strong>a kedvez\u0151tlen t\u00e1rsadalmi \u00e9s politikai v\u00e1ltoz\u00e1sokt\u00f3l a K\u00f6z\u00e9p-Kelet-Eur\u00f3p\u00e1ban m\u0171k\u00f6d\u0151 v\u00e1llalatok tartanak legink\u00e1bb,<\/strong>\u00a0minden m\u00e1sodik (<strong>46 sz\u00e1zal\u00e9k<\/strong>) megk\u00e9rdezett c\u00e9gvezet\u0151 eml\u00edtette ezt meghat\u00e1roz\u00f3 k\u00f6r\u00fclm\u00e9nyk\u00e9nt a r\u00e9gi\u00f3ban. Ilyen magas ar\u00e1ny m\u00e9g megk\u00f6zel\u00edt\u0151leg sem jellemz\u0151 a t\u00f6bbi r\u00e9gi\u00f3ra, kontinens\u00fcnk nyugati fel\u00e9n ez a sz\u00e1m 28 sz\u00e1zal\u00e9k, ami meglep\u0151 m\u00f3don azonos \u00e9rt\u00e9ket mutat Afrik\u00e1val.<\/p>\n<p style=\"font-weight: 400;\">\u00a0<strong>A g\u00e9pj\u00e1rm\u0171iparban \u00e9s a feldolgoz\u00f3iparban hossz\u00fa t\u00e1von a fenntarthat\u00f3s\u00e1g<\/strong>\u00a0k\u00e9rd\u00e9se v\u00e1lt meghat\u00e1roz\u00f3v\u00e1. Vil\u00e1gosan mutatja ezt a trendet a fosszilis \u00fczemanyagokt\u00f3l val\u00f3 fokozatos, a teljes ipar\u00e1gra jellemz\u0151 elt\u00e1volod\u00e1s, mik\u00f6zben egyre t\u00f6bb orsz\u00e1g d\u00f6nt \u00fagy, hogy k\u00e9t \u00e9vtizeden bel\u00fcl teljesen megtiltja a fosszilis \u00fczemanyag\u00fa aut\u00f3k forgalmaz\u00e1s\u00e1t. A p\u00e9nz\u00fcgyi szolg\u00e1ltat\u00f3k szint\u00e9n hossz\u00fa t\u00e1v\u00fa befektet\u00e9snek tekintik a fenntarthat\u00f3s\u00e1got.<\/p>\n<div class=\"ads-in-post1\"><div id=\"gazdasagportal.hu_fullbanner_wideboard\"><\/div>\r\n<\/div>\n<p style=\"font-weight: 400;\"><strong>Halv\u00e1nyul\u00f3 optimizmus?<\/strong><\/p>\n<p style=\"font-weight: 400;\">\u00a0\u00c1rnyalja a k\u00e9pet ugyanakkor, hogy\u00a0<strong>2020 v\u00e9g\u00e9n a Mazars megism\u00e9telte a felm\u00e9r\u00e9st,\u00a0<\/strong>ez\u00fattal kisebb k\u00f6rben \u00e9s jellemz\u0151en Nyugat-Eur\u00f3p\u00e1ra f\u00f3kusz\u00e1lva. A c\u00e9gvezet\u0151k hangulata id\u0151k\u00f6zben n\u00e9mileg bor\u00fasabbra fordult.<\/p>\n<p style=\"font-weight: 400;\"><em>\u00a0<\/em><em>\u201eArra voltunk k\u00edv\u00e1ncsiak, hogy az \u0151sszel ism\u00e9t s\u00falyosabbra fordul\u00f3 j\u00e1rv\u00e1nyhelyzet \u00e9s a korl\u00e1toz\u00e1sok mennyiben v\u00e1ltoztatt\u00e1k meg a v\u00e1llalatok hangulat\u00e1t. A k\u00e9p r\u00e9szben s\u00f6t\u00e9tebbnek l\u00e1tszik, emelkedett azoknak a c\u00e9geknek a sz\u00e1ma, amik 2021-ben \u00e1rbev\u00e9tel-cs\u00f6kken\u00e9st\u0151l tartanak. A hossz\u00fa t\u00e1v\u00fa tervez\u00e9s is h\u00e1tt\u00e9rbe szorult n\u00e9mileg, feler\u0151s\u00f6d\u00f6tt azonban a digitaliz\u00e1ci\u00f3 szerepe, egyre t\u00f6bb v\u00e1llalkoz\u00e1s hajland\u00f3 komolyabb befektet\u00e9sekre a t\u00e9ren\u201d\u00a0<\/em><strong>\u2013 tette hozz\u00e1 dr. H. Nagy D\u00e1niel.<\/strong><\/p>\n<p style=\"font-weight: 400;\">\u00a0Ipar\u00e1gt\u00f3l f\u00fcggetlen\u00fcl a v\u00e1llalatok szerte a vil\u00e1gon igyekeznek\u00a0<strong>felk\u00e9sz\u00fclni a k\u00f6vetkez\u0151 \u00e9vekben elker\u00fclhetetlen technol\u00f3giai \u00e9s m\u0171k\u00f6d\u00e9si \u00e1talakul\u00e1sokra<\/strong>. \u00c1ltal\u00e1nosan jellemz\u0151, hogy a c\u00e9gvezet\u0151k t\u00f6bb ter\u00fcleten is komoly \u00e1talakul\u00e1sra sz\u00e1m\u00edtanak, ez\u00e9rt a v\u00e1llalatukn\u00e1l is jelent\u0151s \u00e1talak\u00edt\u00e1sokat terveznek a k\u00f6vetkez\u0151 3-5 \u00e9vben.<\/p>\n<div class=\"ads-in-post2\"><script async src=\"https:\/\/pagead2.googlesyndication.com\/pagead\/js\/adsbygoogle.js\"><\/script>\r\n<ins class=\"adsbygoogle\"\r\n     style=\"display:block\"\r\n     data-ad-format=\"fluid\"\r\n     data-ad-layout-key=\"-6t+ed+2i-1n-4w\"\r\n     data-ad-client=\"ca-pub-1959107119989764\"\r\n     data-ad-slot=\"4008251320\"><\/ins>\r\n<script>\r\n     (adsbygoogle = window.adsbygoogle || []).push({});\r\n<\/script><\/div>\n<p style=\"font-weight: 400;\"><strong>Mazars:<\/strong><\/p>\n<p style=\"font-weight: 400;\">A Mazars olyan nemzetk\u00f6zi, integr\u00e1lt \u00e9s f\u00fcggetlen szervezet, amely a k\u00f6nyvvizsg\u00e1lat, a sz\u00e1mvitel, valamint az ad\u00f3-, p\u00e9nz\u00fcgyi, jogi* \u00e9s \u00fczleti tan\u00e1csad\u00e1s ter\u00fclet\u00e9n ny\u00fajt szolg\u00e1ltat\u00e1sokat \u00fcgyfeleinek. A Mazars a vil\u00e1g t\u00f6bb mint 90 orsz\u00e1g\u00e1ban van jelen: 42 000\u00a0szakember tud\u00e1s\u00e1ra t\u00e1maszkodva \u2013 26 000 f\u0151 az integr\u00e1lt partners\u00e9gben \u00e9s 16 000 f\u0151 a Mazars North America Alliance keret\u00e9ben \u2013 seg\u00edti \u00fcgyfeleit fejl\u0151d\u00e9s\u00fck minden szakasz\u00e1ban.<\/p>\n<p style=\"font-weight: 400;\">A Magyarorsz\u00e1gon 1991 \u00f3ta jelen l\u00e9v\u0151 Mazars az egyik vezet\u0151 hazai k\u00f6nyvvizsg\u00e1l\u00f3 \u00e9s tan\u00e1csad\u00f3 v\u00e1llalat. 150 magasan k\u00e9pzett \u00e9s elk\u00f6telezett szakemberrel teljes k\u00f6r\u0171 szolg\u00e1ltat\u00e1st ny\u00fajt \u00fcgyfeleinek valamennyi \u00e1gazatban. A p\u00e9nz\u00fcgyi \u00e9s a banki szektorban ugyan\u00fagy, mint az iparban \u00e9s a szolg\u00e1ltat\u00e1sok ter\u00fclet\u00e9n. \u00dcgyf\u00e9lportf\u00f3li\u00f3j\u00e1ban a t\u0151zsd\u00e9n jegyzett, nemzetk\u00f6zi nagyv\u00e1llalatok hazai le\u00e1nyv\u00e1llalatai mellett megtal\u00e1lhat\u00f3k a magyar kis- \u00e9s k\u00f6z\u00e9pv\u00e1llalatok is.<\/p>\n<p style=\"font-weight: 400;\">*Ahol ezt a helyi szab\u00e1lyoz\u00e1s lehet\u0151v\u00e9 teszi.<\/p>\n<p style=\"font-weight: 400;\"><a href=\"http:\/\/www.mazars.hu\/\" data-saferedirecturl=\"https:\/\/www.google.com\/url?q=http:\/\/www.mazars.hu&amp;source=gmail&amp;ust=1613641757175000&amp;usg=AFQjCNGOPRmOScunV7ujZjesdrd7l6sEXw\" target=\"_blank\" rel=\"noopener\">www.mazars.hu<\/a><\/p>\n","protected":false},"excerpt":{"rendered":"<p>Vil\u00e1gszerte gyorsan maguk m\u00f6g\u00f6tt hagyt\u00e1k a j\u00e1rv\u00e1ny kirobban\u00e1sa ut\u00e1ni v\u00e1ls\u00e1g\u00fczemm\u00f3dot a v\u00e1llalatok \u2013 legal\u00e1bbis ez der\u00fcl ki a Mazars \u00e1ltal k\u00e9sz\u00edtett reprezentat\u00edv, glob\u00e1lis felm\u00e9r\u00e9sb\u0151l. A pand\u00e9mia s\u00falyoss\u00e1ga ellen\u00e9re a c\u00e9gvezet\u0151k meglep\u0151en optimist\u00e1k a k\u00f6vetkez\u0151 \u00e9vek \u00fczleti lehet\u0151s\u00e9geit illet\u0151en \u00e9s gyorsan k\u00e9zbe vett\u00e9k a kezdem\u00e9nyez\u00e9st. A felm\u00e9r\u00e9s szerint a n\u0151i c\u00e9gvezet\u0151k bizakod\u00f3bbak a j\u00f6v\u0151t tekintve, \u00e9s &#8230;<\/p>\n","protected":false},"author":1001007,"featured_media":0,"comment_status":"closed","ping_status":"open","sticky":false,"template":"","format":"standard","meta":[],"categories":[19],"tags":[],"_links":{"self":[{"href":"https:\/\/gazdasagportal.hu\/index.php\/wp-json\/wp\/v2\/posts\/133256"}],"collection":[{"href":"https:\/\/gazdasagportal.hu\/index.php\/wp-json\/wp\/v2\/posts"}],"about":[{"href":"https:\/\/gazdasagportal.hu\/index.php\/wp-json\/wp\/v2\/types\/post"}],"author":[{"embeddable":true,"href":"https:\/\/gazdasagportal.hu\/index.php\/wp-json\/wp\/v2\/users\/1001007"}],"replies":[{"embeddable":true,"href":"https:\/\/gazdasagportal.hu\/index.php\/wp-json\/wp\/v2\/comments?post=133256"}],"version-history":[{"count":1,"href":"https:\/\/gazdasagportal.hu\/index.php\/wp-json\/wp\/v2\/posts\/133256\/revisions"}],"predecessor-version":[{"id":133257,"href":"https:\/\/gazdasagportal.hu\/index.php\/wp-json\/wp\/v2\/posts\/133256\/revisions\/133257"}],"wp:attachment":[{"href":"https:\/\/gazdasagportal.hu\/index.php\/wp-json\/wp\/v2\/media?parent=133256"}],"wp:term":[{"taxonomy":"category","embeddable":true,"href":"https:\/\/gazdasagportal.hu\/index.php\/wp-json\/wp\/v2\/categories?post=133256"},{"taxonomy":"post_tag","embeddable":true,"href":"https:\/\/gazdasagportal.hu\/index.php\/wp-json\/wp\/v2\/tags?post=133256"}],"curies":[{"name":"wp","href":"https:\/\/api.w.org\/{rel}","templated":true}]}}