{"id":133231,"date":"2021-02-16T11:08:37","date_gmt":"2021-02-16T10:08:37","guid":{"rendered":"http:\/\/gazdasagportal.hu\/?p=133231"},"modified":"2021-02-16T11:08:37","modified_gmt":"2021-02-16T10:08:37","slug":"sikeres-evet-zart-az-erste-melto-lakhatast-tamogato-programja","status":"publish","type":"post","link":"https:\/\/gazdasagportal.hu\/index.php\/sikeres-evet-zart-az-erste-melto-lakhatast-tamogato-programja\/","title":{"rendered":"Sikeres \u00e9vet z\u00e1rt az Erste m\u00e9lt\u00f3 lakhat\u00e1st t\u00e1mogat\u00f3 programja"},"content":{"rendered":"<p><strong>Huszonhat csal\u00e1d, t\u00f6bb mint 130 ember lakhat\u00e1si gondjain enyh\u00edtett az Erste Social Housing programj\u00e1nak seg\u00edts\u00e9g\u00e9vel a Habitat for Humanity Magyarorsz\u00e1g \u00e9s az Utc\u00e1r\u00f3l Lak\u00e1sba! Egyes\u00fclet az elm\u00falt \u00e9vben. A lakhat\u00e1si szeg\u00e9nys\u00e9g enyh\u00edt\u00e9s\u00e9t c\u00e9lz\u00f3, bizony\u00edtott magyar civil projektek felkarol\u00e1sa mellett az Erste Social Banking a j\u00e1rv\u00e1nyhelyzet alatt is sz\u00e9les\u00edteni tudta tev\u00e9kenys\u00e9gi k\u00f6r\u00e9t: nem csak t\u00e1mogat\u00e1sokkal, de azzal is, hogy kedvez\u0151 felt\u00e9telekkel hiteleket \u00e9s sz\u00e1mlavezet\u00e9si lehet\u0151s\u00e9get k\u00edn\u00e1lt a t\u00e1rsadalmilag hasznos v\u00e1llalkoz\u00e1soknak.<\/strong><!--more--><\/p>\n<div class=\"ads-in-post1\"><div id=\"gazdasagportal.hu_fullbanner_wideboard\"><\/div>\r\n<\/div>\n<p>A j\u00e1rv\u00e1nyhelyzet okozta neh\u00e9zs\u00e9gek ellen\u00e9re sikeres \u00e9vet z\u00e1rt az Erste Social Banking. A bank m\u00e9lt\u00f3 lakhat\u00e1st t\u00e1mogat\u00f3 programja a strat\u00e9giai partnereik\u00e9nt m\u0171k\u00f6d\u0151 k\u00e9t civil szervezet, a Habitat for Humanity Magyarorsz\u00e1g \u00e9s az Utc\u00e1r\u00f3l Lak\u00e1sba! Egyes\u00fclet seg\u00edts\u00e9g\u00e9vel orsz\u00e1gszerte 26 csal\u00e1d, \u00f6sszesen t\u00f6bb mint 130 ember lakhat\u00e1si kih\u00edv\u00e1sain seg\u00edtett. A bank tavaly ind\u00edtotta \u00fatj\u00e1ra a programot a magyar t\u00e1rsadalom egyik leg\u00e9get\u0151bb probl\u00e9m\u00e1j\u00e1ra, a lakhat\u00e1si szeg\u00e9nys\u00e9g terjed\u00e9s\u00e9re reag\u00e1lva.<\/p>\n<p>Magyarorsz\u00e1gon mintegy 2-3 milli\u00f3 embert \u00e9rint valamilyen form\u00e1ban a lak\u00e1sszeg\u00e9nys\u00e9g: ennyien \u00e9lnek lakhat\u00e1s \u00e9s fed\u00e9l n\u00e9lk\u00fcl, illetve megfizethet\u0151s\u00e9gi, lak\u00e1smin\u0151s\u00e9gi \u00e9s energiahat\u00e9konys\u00e1gi, ter\u00fcleti vagy jogi szempontb\u00f3l az \u00e1tlagosn\u00e1l rosszabb, kiszolg\u00e1ltatottabb helyzetben. \u201eA bankok hitelt adnak a lakhat\u00e1sra, az Erste azonban enn\u00e9l tov\u00e1bb k\u00edv\u00e1nt menni, \u00e9s hitet szeretett volna adni csal\u00e1doknak arra, hogy min\u0151s\u00e9gibb \u00e9letet is lehet \u00e9lni\u201d \u2013 mondta Szalay Orsolya, a Erste Bank Hungary Social Banking ter\u00fclet\u00e9nek vezet\u0151je. Kiemelte: az Erste Bank alap\u00edt\u00e1s\u00e1nak c\u00e9lja k\u00e9tsz\u00e1z \u00e9ve az volt, hogy az egyh\u00e1zk\u00f6z\u00f6ss\u00e9g legszeg\u00e9nyebb tagjainak seg\u00edtsen a j\u00f3l\u00e9t megteremt\u00e9s\u00e9ben, vagyis a takar\u00e9koskod\u00e1sban. Ez a c\u00e9l ma is v\u00e1ltozatlan, hiszen a bank \u2013 imm\u00e1r r\u00e9gi\u00f3s szinten \u2013 k\u00edv\u00e1n r\u00e9szt venni a j\u00f3l\u00e9t kiterjeszt\u00e9s\u00e9ben, jelentsen ez p\u00e9nz\u00fcgyi tan\u00e1csad\u00e1st, eduk\u00e1ci\u00f3t vagy k\u00f6zvetlen seg\u00edts\u00e9gny\u00fajt\u00e1st.<\/p><div id=\"gazda-3845298273\" class=\"gazda-tartalomban gazda-entity-placement\"><script async src=\"https:\/\/pagead2.googlesyndication.com\/pagead\/js\/adsbygoogle.js\"><\/script>\r\n<ins class=\"adsbygoogle\"\r\n     style=\"display:block\"\r\n     data-ad-format=\"fluid\"\r\n     data-ad-layout-key=\"-6t+ed+2i-1n-4w\"\r\n     data-ad-client=\"ca-pub-1959107119989764\"\r\n     data-ad-slot=\"4008251320\"><\/ins>\r\n<script>\r\n     (adsbygoogle = window.adsbygoogle || []).push({});\r\n<\/script><\/div>\n<div class=\"ads-in-post2\"><script async src=\"https:\/\/pagead2.googlesyndication.com\/pagead\/js\/adsbygoogle.js\"><\/script>\r\n<ins class=\"adsbygoogle\"\r\n     style=\"display:block\"\r\n     data-ad-format=\"fluid\"\r\n     data-ad-layout-key=\"-6t+ed+2i-1n-4w\"\r\n     data-ad-client=\"ca-pub-1959107119989764\"\r\n     data-ad-slot=\"4008251320\"><\/ins>\r\n<script>\r\n     (adsbygoogle = window.adsbygoogle || []).push({});\r\n<\/script><\/div>\nAz Erste Csoport elk\u00f6telezett azok t\u00e1mogat\u00e1sa mellett, akikben csak kevesen hisznek, \u00e9s seg\u00edteni szeretne ezeknek az embereknek a gazdas\u00e1gi fejl\u0151d\u00e9sben \u00e9s a p\u00e9nz\u00fcgyi szolg\u00e1ltat\u00e1sokhoz val\u00f3 hozz\u00e1f\u00e9r\u00e9sben. Ez\u00e9rt a p\u00e9nzint\u00e9zet a Social Banking programj\u00e1nak keret\u00e9ben olyan szervezeteknek, alap\u00edtv\u00e1nyoknak ny\u00fajt seg\u00edts\u00e9get, akiket a kereskedelmi bankok puszt\u00e1n \u00fczleti megfontol\u00e1sb\u00f3l nem tekinten\u00e9nek c\u00e9lk\u00f6z\u00f6ns\u00e9g\u00fcknek. A bank nem csak p\u00e9nzt, t\u00e1mogat\u00e1st ad. A civil szervezeteknek, t\u00e1rsadalmilag hasznos v\u00e1llalkoz\u00e1soknak kedvez\u0151 sz\u00e1mlavezet\u00e9si csomagot, valamint megfizethet\u0151, uni\u00f3s garanci\u00e1val rendelkez\u0151 hitelt is k\u00edn\u00e1l. A bank tavaly ezen a ter\u00fcleten rendk\u00edv\u00fcli n\u00f6veked\u00e9st tapasztalt, mintegy 40 szervezetnek foly\u00f3s\u00edtotta az EU-garant\u00e1lt (EASI) hitelt, \u00e9s imm\u00e1ron t\u00f6bb mint 240-nek vezeti a sz\u00e1ml\u00e1j\u00e1t. A seg\u00edts\u00e9gny\u00fajt\u00e1s azonban nem csak p\u00e9nzbeli: olyan eduk\u00e1ci\u00f3s programok, strat\u00e9giai \u00e9s p\u00e9nz\u00fcgyi k\u00e9pz\u00e9sek ny\u00fajt\u00e1sa is a c\u00e9l, amelyekkel az \u00e9rintett szervezetek nemcsak id\u0151szakosan jav\u00edthatnak a m\u0171k\u00f6d\u00e9s\u00fck\u00f6n, hanem hossz\u00fat\u00e1von seg\u00edthet nekik a fennmarad\u00e1sukhoz sz\u00fcks\u00e9ges profitot el\u0151\u00e1ll\u00edtani.<\/p>\n<div class=\"ads-in-post1\"><div id=\"gazdasagportal.hu_fullbanner_wideboard\"><\/div>\r\n<\/div>\nA Social Housing program keret\u00e9ben ez\u00e9rt a k\u00e9t egy\u00fcttm\u0171k\u00f6d\u0151 partnerrel az Erste k\u00f6z\u00f6sen alak\u00edtott ki projekteket a fenntarthat\u00f3s\u00e1g jegy\u00e9ben. A Habitat for Humanity Magyarorsz\u00e1g T\u00c1MASZ programja azoknak a f\u0151k\u00e9nt t\u00f6bbgyermekes csal\u00e1doknak seg\u00edt, akikn\u00e9l a lak\u00e1s \u00e1llapota lehetetlenn\u00e9 teszi, hogy otthonk\u00e9nt lehessen azt haszn\u00e1lni, vagy valamilyen v\u00e1ratlan esem\u00e9ny miatt kis \u00e9rt\u00e9k\u0171, gyors seg\u00edts\u00e9gre van sz\u00fcks\u00e9g\u00fck. Az Utc\u00e1r\u00f3l Lak\u00e1sba! Egyes\u00fclet pedig Szoci\u00e1lis Lak\u00e1s\u00fcgyn\u00f6ks\u00e9g\u00e9vel \u00fcresen \u00e1ll\u00f3, vagy hosszabb t\u00e1vra felaj\u00e1nlott lak\u00e1sokat \u2013 megfelel\u0151 garanci\u00e1k mellett \u2013 szoci\u00e1lis b\u00e9rlak\u00e1sk\u00e9nt ad b\u00e9rbe r\u00e1szorul\u00f3knak.<\/p>\n<p>A t\u00e1mogat\u00e1si programok az id\u00e9n is folytat\u00f3dnak.<\/p>\n","protected":false},"excerpt":{"rendered":"<p>Huszonhat csal\u00e1d, t\u00f6bb mint 130 ember lakhat\u00e1si gondjain enyh\u00edtett az Erste Social Housing programj\u00e1nak seg\u00edts\u00e9g\u00e9vel a Habitat for Humanity Magyarorsz\u00e1g \u00e9s az Utc\u00e1r\u00f3l Lak\u00e1sba! Egyes\u00fclet az elm\u00falt \u00e9vben. A lakhat\u00e1si szeg\u00e9nys\u00e9g enyh\u00edt\u00e9s\u00e9t c\u00e9lz\u00f3, bizony\u00edtott magyar civil projektek felkarol\u00e1sa mellett az Erste Social Banking a j\u00e1rv\u00e1nyhelyzet alatt is sz\u00e9les\u00edteni tudta tev\u00e9kenys\u00e9gi k\u00f6r\u00e9t: nem csak t\u00e1mogat\u00e1sokkal, de &#8230;<\/p>\n","protected":false},"author":1001007,"featured_media":0,"comment_status":"closed","ping_status":"open","sticky":false,"template":"","format":"standard","meta":[],"categories":[19],"tags":[],"_links":{"self":[{"href":"https:\/\/gazdasagportal.hu\/index.php\/wp-json\/wp\/v2\/posts\/133231"}],"collection":[{"href":"https:\/\/gazdasagportal.hu\/index.php\/wp-json\/wp\/v2\/posts"}],"about":[{"href":"https:\/\/gazdasagportal.hu\/index.php\/wp-json\/wp\/v2\/types\/post"}],"author":[{"embeddable":true,"href":"https:\/\/gazdasagportal.hu\/index.php\/wp-json\/wp\/v2\/users\/1001007"}],"replies":[{"embeddable":true,"href":"https:\/\/gazdasagportal.hu\/index.php\/wp-json\/wp\/v2\/comments?post=133231"}],"version-history":[{"count":1,"href":"https:\/\/gazdasagportal.hu\/index.php\/wp-json\/wp\/v2\/posts\/133231\/revisions"}],"predecessor-version":[{"id":133232,"href":"https:\/\/gazdasagportal.hu\/index.php\/wp-json\/wp\/v2\/posts\/133231\/revisions\/133232"}],"wp:attachment":[{"href":"https:\/\/gazdasagportal.hu\/index.php\/wp-json\/wp\/v2\/media?parent=133231"}],"wp:term":[{"taxonomy":"category","embeddable":true,"href":"https:\/\/gazdasagportal.hu\/index.php\/wp-json\/wp\/v2\/categories?post=133231"},{"taxonomy":"post_tag","embeddable":true,"href":"https:\/\/gazdasagportal.hu\/index.php\/wp-json\/wp\/v2\/tags?post=133231"}],"curies":[{"name":"wp","href":"https:\/\/api.w.org\/{rel}","templated":true}]}}