{"id":133203,"date":"2021-02-14T15:50:47","date_gmt":"2021-02-14T14:50:47","guid":{"rendered":"http:\/\/gazdasagportal.hu\/?p=133203"},"modified":"2021-02-14T15:50:47","modified_gmt":"2021-02-14T14:50:47","slug":"fokozatos-enyhules-varhato-a-jovo-heten","status":"publish","type":"post","link":"https:\/\/gazdasagportal.hu\/index.php\/fokozatos-enyhules-varhato-a-jovo-heten\/","title":{"rendered":"Fokozatos enyh\u00fcl\u00e9s v\u00e1rhat\u00f3 a j\u00f6v\u0151 h\u00e9ten"},"content":{"rendered":"<p><strong>A h\u00e9t elej\u00e9n m\u00e9g m\u00ednuszok lesznek jellemz\u0151ek, de fokozatosan m\u00e9rs\u00e9kl\u0151dik a hideg. A h\u00e9t m\u00e1sodik fel\u00e9ben egyre t\u00f6bbfel\u00e9 m\u00e9rhetnek majd plusz 10 fok k\u00f6zeli \u00e9rt\u00e9keket &#8211; der\u00fcl ki az Orsz\u00e1gos Meteorol\u00f3giai Szolg\u00e1lat orsz\u00e1gos, k\u00f6z\u00e9pt\u00e1v\u00fa el\u0151rejelz\u00e9s\u00e9b\u0151l, amelyet vas\u00e1rnap juttattak el az MTI-hez.<\/strong><!--more--><\/p>\n<div class=\"ads-in-post1\"><div id=\"gazdasagportal.hu_fullbanner_wideboard\"><\/div>\r\n<\/div>\n<p>    H\u00e9tf\u0151n t\u00f6bbnyire der\u00fclt vagy gyeng\u00e9n felh\u0151s, napos id\u0151re lehet sz\u00e1m\u00edtani, de keleten d\u00e9lut\u00e1nig egy-egy h\u00f3z\u00e1por is lehet. A l\u00e9gmozg\u00e1s t\u00f6bb helyen \u00e9l\u00e9nk, n\u00e9hol id\u0151nk\u00e9nt er\u0151s lesz. A leghidegebb \u00f3r\u00e1kban m\u00ednusz 12 \u00e9s m\u00ednusz 5 fok k\u00f6z\u00f6tt alakul a h\u0151m\u00e9rs\u00e9klet, de a havas, der\u00fclt, sz\u00e9lv\u00e9dett ter\u00fcleteken ak\u00e1r m\u00ednusz 20 fokig is leh\u0171lhet a leveg\u0151. Az extr\u00e9m hideg vesz\u00e9lye miatt h\u00e9tf\u0151re Borsod-Aba\u00faj-Zempl\u00e9n \u00e9s N\u00f3gr\u00e1d megy\u00e9re adtak ki els\u0151fok\u00fa figyelmeztet\u00e9st. Napk\u00f6zben m\u00ednusz 3 \u00e9s plusz 4 fok k\u00f6z\u00f6tt lesznek a cs\u00facs\u00e9rt\u00e9kek.<br \/>\n    Kedden a legt\u00f6bb naps\u00fct\u00e9s az orsz\u00e1g keleti fel\u00e9ben v\u00e1rhat\u00f3, nyugaton ink\u00e1bb az er\u0151sen felh\u0151s \u00e9g lesz a jellemz\u0151. Nagyj\u00e1b\u00f3l d\u00e9lig fordulhat el\u0151 csapad\u00e9k, f\u0151leg a Dun\u00e1nt\u00falon: elsz\u00f3rt jelleggel h\u00f3sz\u00e1lling\u00f3z\u00e1s, gyenge havaz\u00e1s. A minimumh\u0151m\u00e9rs\u00e9klet \u00e1ltal\u00e1ban m\u00ednusz 10 \u00e9s m\u00ednusz 3 fok k\u00f6z\u00f6tt val\u00f3sz\u00edn\u0171, de a der\u00fclt, sz\u00e9lv\u00e9dett, havas t\u00e1jakon m\u00ednusz 17 fokig is leh\u0171lhet a leveg\u0151. A nappali maximumok m\u00ednusz 2 \u00e9s plusz 5 fok k\u00f6z\u00f6tt alakulnak.<br \/>\n    Szerd\u00e1n napk\u00f6zben elsz\u00f3rt jelleggel v\u00e1rhat\u00f3 csapad\u00e9k: t\u00f6bbnyire gyenge es\u0151, de reggel \u00e9szakon \u00e1tmeneti \u00f3nos es\u0151, \u00e9szakkeleten pedig h\u00f3sz\u00e1lling\u00f3z\u00e1s, kisebb havaz\u00e1s is el\u0151fordulhat. Hajnalban \u00e1ltal\u00e1ban m\u00ednusz 8 \u00e9s m\u00ednusz 1, a kezdetben der\u00fclt, havas r\u00e9szeken viszont m\u00ednusz 15 \u00e9s m\u00ednusz 9 fok k\u00f6z\u00f6tt lesz a h\u0151m\u00e9rs\u00e9klet. Kora d\u00e9lut\u00e1n t\u00f6bbnyire plusz 4-9 fokig melegszik fel a leveg\u0151, de az \u00c9szaki-k\u00f6z\u00e9phegys\u00e9gben csup\u00e1n 0 \u00e9s plusz 4 fok k\u00f6z\u00f6tti \u00e9rt\u00e9keket m\u00e9rhetnek.<br \/>\n<div class=\"ads-in-post2\"><script async src=\"https:\/\/pagead2.googlesyndication.com\/pagead\/js\/adsbygoogle.js\"><\/script>\r\n<ins class=\"adsbygoogle\"\r\n     style=\"display:block\"\r\n     data-ad-format=\"fluid\"\r\n     data-ad-layout-key=\"-6t+ed+2i-1n-4w\"\r\n     data-ad-client=\"ca-pub-1959107119989764\"\r\n     data-ad-slot=\"4008251320\"><\/ins>\r\n<script>\r\n     (adsbygoogle = window.adsbygoogle || []).push({});\r\n<\/script><\/div>\n    Cs\u00fct\u00f6rt\u00f6k\u00f6n t\u00falnyom\u00f3an napos id\u0151 lesz, de az \u00e9szakkeleti hat\u00e1r k\u00f6zel\u00e9ben lehetnek \u00e1tmenetileg er\u0151sen felh\u0151s ter\u00fcletek \u00e9s arrafel\u00e9 gyenge es\u0151 el\u0151fordulhat. A legalacsonyabb h\u0151m\u00e9rs\u00e9klet \u00e1ltal\u00e1ban m\u00ednusz 5 \u00e9s plusz 2 fok, m\u00edg a der\u00fclt, havas helyeken m\u00ednusz 10 \u00e9s m\u00ednusz 6 fok k\u00f6z\u00f6tt val\u00f3sz\u00edn\u0171. Kora d\u00e9lut\u00e1n t\u00f6bbnyire plusz 5-10 fokig emelkedik a h\u0151m\u00e9rs\u00e9klet, az \u00c9szaki-k\u00f6z\u00e9phegys\u00e9gben ugyanakkor csak plusz 2-4 fok v\u00e1rhat\u00f3.<br \/>\n    P\u00e9nteken er\u0151sen megn\u00f6vekszik a felh\u0151zet, naps\u00fct\u00e9s f\u0151leg a Tisz\u00e1nt\u00falon lehet. Elsz\u00f3rt jelleggel fordulhat el\u0151 csapad\u00e9k: \u00e9szakkeleten vegyes halmaz\u00e1llapot, m\u00e1sutt ink\u00e1bb az es\u0151 lesz a jellemz\u0151. A minimumok nyugaton m\u00ednusz 4 \u00e9s plusz 1, keleten \u00e1ltal\u00e1ban m\u00ednusz 10 \u00e9s m\u00ednusz 5 fok k\u00f6z\u00f6tt alakulnak, de a der\u00fclt, sz\u00e9lv\u00e9dett, havas t\u00e1jakon m\u00ednusz 15 fok is lehet. Kora d\u00e9lut\u00e1n 0 \u00e9s plusz 8 fok k\u00f6z\u00f6tti \u00e9rt\u00e9kek v\u00e1rhat\u00f3k.<br \/>\n<div class=\"ads-in-post2\"><script async src=\"https:\/\/pagead2.googlesyndication.com\/pagead\/js\/adsbygoogle.js\"><\/script>\r\n<ins class=\"adsbygoogle\"\r\n     style=\"display:block\"\r\n     data-ad-format=\"fluid\"\r\n     data-ad-layout-key=\"-6t+ed+2i-1n-4w\"\r\n     data-ad-client=\"ca-pub-1959107119989764\"\r\n     data-ad-slot=\"4008251320\"><\/ins>\r\n<script>\r\n     (adsbygoogle = window.adsbygoogle || []).push({});\r\n<\/script><\/div>\n    Szombaton csak csek\u00e9ly es\u00e9llyel fordulhat el\u0151 jelent\u00e9ktelen csapad\u00e9k. Hajnalban m\u00ednusz 7 \u00e9s plusz 2, napk\u00f6zben plusz 2 \u00e9s 9 fok k\u00f6z\u00f6tt alakul a h\u0151m\u00e9rs\u00e9klet.<br \/>\n    Vas\u00e1rnap t\u00f6bb\u00f3r\u00e1s naps\u00fct\u00e9s val\u00f3sz\u00edn\u0171 csapad\u00e9k n\u00e9lk\u00fcl. A h\u0151m\u00e9rs\u00e9klet hajnalban m\u00ednusz 5 \u00e9s plusz 1, napk\u00f6zben plusz 4 \u00e9s 10 fok k\u00f6z\u00f6tt lesz &#8211; olvashat\u00f3 az el\u0151rejelz\u00e9sben.(MTI)<\/p>\n","protected":false},"excerpt":{"rendered":"<p>A h\u00e9t elej\u00e9n m\u00e9g m\u00ednuszok lesznek jellemz\u0151ek, de fokozatosan m\u00e9rs\u00e9kl\u0151dik a hideg. A h\u00e9t m\u00e1sodik fel\u00e9ben egyre t\u00f6bbfel\u00e9 m\u00e9rhetnek majd plusz 10 fok k\u00f6zeli \u00e9rt\u00e9keket &#8211; der\u00fcl ki az Orsz\u00e1gos Meteorol\u00f3giai Szolg\u00e1lat orsz\u00e1gos, k\u00f6z\u00e9pt\u00e1v\u00fa el\u0151rejelz\u00e9s\u00e9b\u0151l, amelyet vas\u00e1rnap juttattak el az MTI-hez.<\/p>\n","protected":false},"author":1001006,"featured_media":0,"comment_status":"closed","ping_status":"open","sticky":false,"template":"","format":"standard","meta":[],"categories":[4],"tags":[],"_links":{"self":[{"href":"https:\/\/gazdasagportal.hu\/index.php\/wp-json\/wp\/v2\/posts\/133203"}],"collection":[{"href":"https:\/\/gazdasagportal.hu\/index.php\/wp-json\/wp\/v2\/posts"}],"about":[{"href":"https:\/\/gazdasagportal.hu\/index.php\/wp-json\/wp\/v2\/types\/post"}],"author":[{"embeddable":true,"href":"https:\/\/gazdasagportal.hu\/index.php\/wp-json\/wp\/v2\/users\/1001006"}],"replies":[{"embeddable":true,"href":"https:\/\/gazdasagportal.hu\/index.php\/wp-json\/wp\/v2\/comments?post=133203"}],"version-history":[{"count":1,"href":"https:\/\/gazdasagportal.hu\/index.php\/wp-json\/wp\/v2\/posts\/133203\/revisions"}],"predecessor-version":[{"id":133204,"href":"https:\/\/gazdasagportal.hu\/index.php\/wp-json\/wp\/v2\/posts\/133203\/revisions\/133204"}],"wp:attachment":[{"href":"https:\/\/gazdasagportal.hu\/index.php\/wp-json\/wp\/v2\/media?parent=133203"}],"wp:term":[{"taxonomy":"category","embeddable":true,"href":"https:\/\/gazdasagportal.hu\/index.php\/wp-json\/wp\/v2\/categories?post=133203"},{"taxonomy":"post_tag","embeddable":true,"href":"https:\/\/gazdasagportal.hu\/index.php\/wp-json\/wp\/v2\/tags?post=133203"}],"curies":[{"name":"wp","href":"https:\/\/api.w.org\/{rel}","templated":true}]}}