{"id":133178,"date":"2021-02-13T07:51:43","date_gmt":"2021-02-13T06:51:43","guid":{"rendered":"http:\/\/gazdasagportal.hu\/?p=133178"},"modified":"2021-02-13T07:51:43","modified_gmt":"2021-02-13T06:51:43","slug":"hitelminosites-stabil-kilatassal-megerositette-a-magyar-allamados-osztalyzatot-a-fitch-ratings-es-a-standard-poors","status":"publish","type":"post","link":"https:\/\/gazdasagportal.hu\/index.php\/hitelminosites-stabil-kilatassal-megerositette-a-magyar-allamados-osztalyzatot-a-fitch-ratings-es-a-standard-poors\/","title":{"rendered":"Hitelmin\u0151s\u00edt\u00e9s &#8211; Stabil kil\u00e1t\u00e1ssal meger\u0151s\u00edtette a magyar \u00e1llamad\u00f3s-oszt\u00e1lyzatot a Fitch Ratings \u00e9s a Standard &#038; Poor&#8217;s"},"content":{"rendered":"<p><strong>V\u00e1ltozatlan stabil kil\u00e1t\u00e1ssal meger\u0151s\u00edtette p\u00e9nteken Magyarorsz\u00e1g \u00e1llamad\u00f3s-oszt\u00e1lyzat\u00e1t a Fitch Ratings \u00e9s a Standard &#038; Poor&#8217;s.<\/strong><!--more--><\/p>\n<div class=\"ads-in-post1\"><div id=\"gazdasagportal.hu_fullbanner_wideboard\"><\/div>\r\n<\/div>\n<p>    A k\u00e9t nemzetk\u00f6zi hitelmin\u0151s\u00edt\u0151 egyar\u00e1nt befektet\u00e9si aj\u00e1nl\u00e1s\u00fa, &#8222;BBB&#8221; szint\u0171 besorol\u00e1ssal tartja nyilv\u00e1n a hossz\u00fa futam\u00fa szuver\u00e9n magyar forint- \u00e9s devizaad\u00f3ss\u00e1got.<br \/>\n    Az S&#038;P a r\u00f6vid lej\u00e1rat\u00fa magyar ad\u00f3ss\u00e1gk\u00f6telezetts\u00e9gekre k\u00fcl\u00f6n &#8222;A-2&#8221; min\u0151s\u00edt\u00e9st tart \u00e9rv\u00e9nyben.<br \/>\n    A Standard &#038; Poor&#8217;s p\u00e9nz\u00fcgyi szolg\u00e1ltat\u00f3 csoport glob\u00e1lis min\u0151s\u00edt\u0151 r\u00e9szlege (S&#038;P Global Ratings) a p\u00e9ntek \u00e9jjel Londonban bejelentett meger\u0151s\u00edt\u00e9si d\u00f6nt\u00e9s r\u00e9szletes kifejt\u00e9s\u00e9ben kiemelte: v\u00e1rakoz\u00e1sa szerint a magyar hazai \u00f6sszterm\u00e9k (GDP) az id\u00e9n 4,6 sz\u00e1zal\u00e9kkal n\u00f6vekszik.<br \/>\n    Az S&#038;P k\u00f6z\u00f6lte: becsl\u00e9se szerint a magyar gazdas\u00e1g teljes\u00edtm\u00e9nye tavaly a koronav\u00edrus-j\u00e1rv\u00e1ny okozta v\u00e1ls\u00e1g miatt 6,3 sz\u00e1zal\u00e9kkal cs\u00f6kkent re\u00e1l\u00e9rt\u00e9ken.<br \/>\n    A Fitch Ratings valamivel der\u0171l\u00e1t\u00f3bb el\u0151rejelz\u00e9se szerint a magyar GDP-\u00e9rt\u00e9k az id\u00e9n 4,9 sz\u00e1zal\u00e9kkal, j\u00f6v\u0151re 5,5 sz\u00e1zal\u00e9kkal b\u0151v\u00fcl.<br \/>\n    A Fitch szerint a magyar gazdas\u00e1g n\u00f6veked\u00e9s\u00e9nek f\u0151 hajt\u00f3er\u0151i k\u00f6z\u00f6tt lesznek az Eur\u00f3pai Uni\u00f3 foly\u00f3s\u00edt\u00e1sai, k\u00f6zt\u00fck a koronav\u00edrus-j\u00e1rv\u00e1ny gazdas\u00e1gi hat\u00e1sainak enyh\u00edt\u00e9s\u00e9t c\u00e9lz\u00f3, Next Generation EU (NGEU) n\u00e9ven meghirdetett 750 milli\u00e1rd eur\u00f3s helyre\u00e1ll\u00edt\u00e1si alapb\u00f3l \u00e9rkez\u0151 finansz\u00edroz\u00e1sok.<br \/>\n    A c\u00e9g v\u00e1rakoz\u00e1sa szerint Magyarorsz\u00e1g az NGEU-alapb\u00f3l 7,2 milli\u00e1rd eur\u00f3 juttat\u00e1sban \u00e9s tov\u00e1bbi 10 milli\u00e1rd eur\u00f3 hitelben r\u00e9szes\u00fclhet.<br \/>\n<div class=\"ads-in-post2\"><script async src=\"https:\/\/pagead2.googlesyndication.com\/pagead\/js\/adsbygoogle.js\"><\/script>\r\n<ins class=\"adsbygoogle\"\r\n     style=\"display:block\"\r\n     data-ad-format=\"fluid\"\r\n     data-ad-layout-key=\"-6t+ed+2i-1n-4w\"\r\n     data-ad-client=\"ca-pub-1959107119989764\"\r\n     data-ad-slot=\"4008251320\"><\/ins>\r\n<script>\r\n     (adsbygoogle = window.adsbygoogle || []).push({});\r\n<\/script><\/div>\n    A Fitch Ratings londoni elemz\u0151i szerint az NGEU-juttat\u00e1sok 60 sz\u00e1zal\u00e9k\u00e1t Magyarorsz\u00e1g val\u00f3sz\u00edn\u0171leg 2022-ben h\u00edvja le, \u00e9s ez abban az \u00e9vben 0,8-szeres szorz\u00f3val gyors\u00edtja majd a beruh\u00e1z\u00e1sok \u00e9rt\u00e9k\u00e9nek n\u00f6veked\u00e9s\u00e9t.<br \/>\n    A Fitch k\u00f6z\u00f6lte: becsl\u00e9se szerint a hazai \u00f6sszterm\u00e9khez m\u00e9rt magyar \u00e1llamh\u00e1ztart\u00e1si hi\u00e1ny a koronav\u00edrus-j\u00e1rv\u00e1ny okozta gazdas\u00e1gi v\u00e1ls\u00e1g k\u00f6rnyezet\u00e9ben tavaly 8,9 sz\u00e1zal\u00e9kra n\u0151tt.<br \/>\n    A hitelmin\u0151s\u00edt\u0151 hangs\u00falyozza, hogy a besorol\u00e1si list\u00e1j\u00e1n ugyancsak &#8222;BBB&#8221; min\u0151s\u00edt\u00e9ssel szerepl\u0151 t\u00e1rs\u00e1llamok \u00e1llamh\u00e1ztart\u00e1si deficitjeinek medi\u00e1nszintje tavaly 5,3 sz\u00e1zal\u00e9k.<br \/>\n    J\u00f3llehet a Magyarorsz\u00e1gon \u00e9letbe l\u00e9ptetett k\u00f6lts\u00e9gvet\u00e9si, makroprudenci\u00e1lis \u00e9s monet\u00e1ris v\u00e1ls\u00e1genyh\u00edt\u0151 int\u00e9zked\u00e9sek egy\u00fctt el\u00e9rhett\u00e9k a GDP-\u00e9rt\u00e9k 30 sz\u00e1zal\u00e9k\u00e1t, e v\u00e1laszl\u00e9p\u00e9sek k\u00f6zvetlen k\u00f6lts\u00e9gvet\u00e9si hat\u00e1sa azonban a hazai \u00f6sszterm\u00e9k ar\u00e1ny\u00e1ban m\u00e9rve csak 0,9 sz\u00e1zal\u00e9kpont volt a bev\u00e9teli oldalon \u00e9s 9,3 sz\u00e1zal\u00e9kpont a kiad\u00e1si oldalon a Fitch Ratings sz\u00e1m\u00edt\u00e1sai szerint &#8211; \u00e1ll a hitelmin\u0151s\u00edt\u0151 p\u00e9nteki londoni elemz\u00e9s\u00e9ben.<br \/>\n    A c\u00e9g k\u00f6z\u00f6lte: becsl\u00e9se szerint a magyar hazai \u00f6sszterm\u00e9k tavaly 6,2 sz\u00e1zal\u00e9kkal zuhant.<br \/>\n    A Fitch kiemeli ugyanakkor, hogy az \u00e1ltala &#8222;BBB&#8221; besorol\u00e1ssal nyilv\u00e1ntartott szuver\u00e9n ad\u00f3sok gazdas\u00e1gi visszaes\u00e9s\u00e9nek medi\u00e1n\u00fcteme enn\u00e9l nagyobb, val\u00f3sz\u00edn\u0171leg 6,9 sz\u00e1zal\u00e9k volt 2020-ban.<br \/>\n    A hitelmin\u0151s\u00edt\u0151 becsl\u00e9se szerint a GDP-ar\u00e1nyos magyar \u00e1llamad\u00f3ss\u00e1g-r\u00e1ta tavaly 18,5 sz\u00e1zal\u00e9kkal 84 sz\u00e1zal\u00e9kra emelkedett.<br \/>\n    A Fitch hangs\u00falyozza ugyanakkor, hogy a magyar gazdas\u00e1g finansz\u00edroz\u00e1si kond\u00edci\u00f3i kedvez\u0151k voltak 2020-ban, \u00e9s ezt a hosszabb lej\u00e1ratokat c\u00e9lz\u00f3 jegybanki mennyis\u00e9gi enyh\u00edt\u00e9si program, valamint az er\u0151teljes hazai \u00e9s k\u00fcls\u0151 kereslet is seg\u00edtette.<br \/>\n    A magyar k\u00f6zad\u00f3ss\u00e1g szerkezete is javult a legut\u00f3bbi \u00e9vekben: az ad\u00f3ss\u00e1g\u00e1llom\u00e1ny devizah\u00e1nyada 2016 \u00f3ta 10 sz\u00e1zal\u00e9kponttal valamivel 20 sz\u00e1zal\u00e9k al\u00e1 cs\u00f6kkent 2020 v\u00e9g\u00e9ig, j\u00f3llehet a &#8222;BBB&#8221; besorol\u00e1s\u00fa szuver\u00e9n ad\u00f3sokra jellemz\u0151 medi\u00e1n\u00e9rt\u00e9k 35,1 sz\u00e1zal\u00e9k &#8211; \u00e1ll a Fitch p\u00e9nteki elemz\u00e9s\u00e9ben.<br \/>\n<div class=\"ads-in-post2\"><script async src=\"https:\/\/pagead2.googlesyndication.com\/pagead\/js\/adsbygoogle.js\"><\/script>\r\n<ins class=\"adsbygoogle\"\r\n     style=\"display:block\"\r\n     data-ad-format=\"fluid\"\r\n     data-ad-layout-key=\"-6t+ed+2i-1n-4w\"\r\n     data-ad-client=\"ca-pub-1959107119989764\"\r\n     data-ad-slot=\"4008251320\"><\/ins>\r\n<script>\r\n     (adsbygoogle = window.adsbygoogle || []).push({});\r\n<\/script><\/div>\n    A Fitch \u00e9rt\u00e9kel\u00e9se szerint a magyar bankszektor likvid \u00e9s j\u00f3 t\u0151keell\u00e1totts\u00e1g\u00fa &#8211; a Tier 1 szint\u0171 megfelel\u00e9si mutat\u00f3 a tavalyi harmadik negyed\u00e9v v\u00e9g\u00e9n 18 sz\u00e1zal\u00e9k volt -, \u00e9s az eszk\u00f6zmin\u0151s\u00e9g is meglehet\u0151sen j\u00f3: a nem teljes\u00edt\u0151 kinnlev\u0151s\u00e9g-\u00e1llom\u00e1ny a teljes k\u00f6vetel\u00e9sportfoli\u00f3 3,2 sz\u00e1zal\u00e9ka.<br \/>\n    A Standard &#038; Poor&#8217;s az \u00e1ltala ugyancsak p\u00e9ntek \u00e9jjel Londonban bejelentett magyar ad\u00f3soszt\u00e1lyzati meger\u0151s\u00edt\u00e9s indokl\u00e1s\u00e1ban k\u00f6z\u00f6lte: a jelent\u0151s r\u00f6vid t\u00e1v\u00fa bizonytalans\u00e1gok ellen\u00e9re azzal sz\u00e1mol, hogy a magyar hazai \u00f6sszterm\u00e9k re\u00e1l\u00e9rt\u00e9ken sz\u00e1molva a j\u00f6v\u0151 \u00e9v k\u00f6zep\u00e9re \u00fajb\u00f3l el\u00e9ri a koronav\u00edrus-j\u00e1rv\u00e1ny el\u0151tti szintet.<br \/>\n    Az S&#038;P v\u00e1rakoz\u00e1sa szerint az idei \u00e9v k\u00f6zep\u00e9re Magyarorsz\u00e1gon teljesen feloldj\u00e1k a korl\u00e1toz\u00e1sokat, \u00e9s ezt a mag\u00e1nszektorbeli fogyaszt\u00e1s ugr\u00e1sszer\u0171 n\u00f6veked\u00e9se k\u00f6veti, tekintettel a h\u00e1ztart\u00e1sok magas megtakar\u00edt\u00e1si r\u00e1t\u00e1j\u00e1ra.<br \/>\n    A hitelmin\u0151s\u00edt\u0151 sz\u00e1m\u00edt\u00e1sai szerint a rendszerszint\u0171 banki bet\u00e9t\u00e1llom\u00e1ny \u00e9rt\u00e9ke tavaly csaknem 20 sz\u00e1zal\u00e9kkal emelkedett, mik\u00f6zben az \u00e1tlagos munkan\u00e9lk\u00fclis\u00e9gi r\u00e1ta alacsony &#8211; 4,3 sz\u00e1zal\u00e9k k\u00f6r\u00fcli &#8211; maradt 2020-ban.<br \/>\n    A c\u00e9g szerint a j\u00e1rv\u00e1ny hat\u00e1sa a k\u00f6z\u00e9pt\u00e1v\u00fa n\u00f6veked\u00e9si kil\u00e1t\u00e1sokra tov\u00e1bbra is bizonytalan.<br \/>\n    A Standard &#038; Poor&#8217;s k\u00f6z\u00f6lte: v\u00e1rakoz\u00e1sa az, hogy k\u00f6lts\u00e9gvet\u00e9si \u00f6szt\u00f6nz\u00e9s r\u00e9v\u00e9n a magyar gazdas\u00e1g n\u00f6veked\u00e9si \u00fcteme 2022 ut\u00e1n is 3 sz\u00e1zal\u00e9k k\u00f6zel\u00e9ben lesz, b\u00e1r hossz\u00fa t\u00e1von a n\u00f6veked\u00e9si kil\u00e1t\u00e1sokat szerkezeti kih\u00edv\u00e1sok terhelik. Ezek k\u00f6z\u00e9 sorolja a hitelmin\u0151s\u00edt\u0151 az \u00e1llami szektor sok gazdas\u00e1gi ter\u00fcleten megl\u00e9v\u0151 dominanci\u00e1j\u00e1t, a kis- \u00e9s k\u00f6zepes v\u00e1llalkoz\u00e1sok alacsony termel\u00e9kenys\u00e9g\u00e9t, a kedvez\u0151tlen demogr\u00e1fiai folyamatokat \u00e9s a szakk\u00e9pzett munkaer\u0151 kr\u00f3nikus hi\u00e1ny\u00e1t.<br \/>\n    Az S&#038;P hangs\u00falyozza ugyanakkor, hogy nem mutatkoznak finansz\u00edroz\u00e1si nyom\u00e1s jelei, annak ellen\u00e9re sem, hogy a c\u00e9g v\u00e1rakoz\u00e1sa szerint a magyar \u00e1llamad\u00f3ss\u00e1g-r\u00e1ta a k\u00f6vetkez\u0151 \u00e9vekben is a GDP-\u00e9rt\u00e9k 80 sz\u00e1zal\u00e9ka k\u00f6rny\u00e9k\u00e9n marad.<br \/>\n<div class=\"ads-in-post2\"><script async src=\"https:\/\/pagead2.googlesyndication.com\/pagead\/js\/adsbygoogle.js\"><\/script>\r\n<ins class=\"adsbygoogle\"\r\n     style=\"display:block\"\r\n     data-ad-format=\"fluid\"\r\n     data-ad-layout-key=\"-6t+ed+2i-1n-4w\"\r\n     data-ad-client=\"ca-pub-1959107119989764\"\r\n     data-ad-slot=\"4008251320\"><\/ins>\r\n<script>\r\n     (adsbygoogle = window.adsbygoogle || []).push({});\r\n<\/script><\/div>\n    A magyar gazdas\u00e1g k\u00fcls\u0151 profilja tov\u00e1bbra is j\u00f3r\u00e9szt az ad\u00f3smin\u0151s\u00e9gi meg\u00edt\u00e9l\u00e9s er\u0151ss\u00e9gei k\u00f6z\u00e9 tartozik, a k\u00fcls\u0151 egyens\u00falytalans\u00e1gok a j\u00e1rv\u00e1ny idej\u00e9n sem n\u0151ttek, \u00e9s a foly\u00f3m\u00e9rleg-egyenleg is val\u00f3sz\u00edn\u0171leg nagyj\u00e1b\u00f3l kiegyens\u00falyozott volt 2020-ban &#8211; hangs\u00falyozza a magyar oszt\u00e1lyzat p\u00e9nteki meger\u0151s\u00edt\u00e9s\u00e9hez f\u0171z\u00f6tt elemz\u00e9s\u00e9ben a Standard &#038; Poor&#8217;s.(MTI)<\/p>\n","protected":false},"excerpt":{"rendered":"<p>V\u00e1ltozatlan stabil kil\u00e1t\u00e1ssal meger\u0151s\u00edtette p\u00e9nteken Magyarorsz\u00e1g \u00e1llamad\u00f3s-oszt\u00e1lyzat\u00e1t a Fitch Ratings \u00e9s a Standard &#038; Poor&#8217;s.<\/p>\n","protected":false},"author":1001006,"featured_media":122810,"comment_status":"closed","ping_status":"open","sticky":false,"template":"","format":"standard","meta":[],"categories":[146,19],"tags":[],"_links":{"self":[{"href":"https:\/\/gazdasagportal.hu\/index.php\/wp-json\/wp\/v2\/posts\/133178"}],"collection":[{"href":"https:\/\/gazdasagportal.hu\/index.php\/wp-json\/wp\/v2\/posts"}],"about":[{"href":"https:\/\/gazdasagportal.hu\/index.php\/wp-json\/wp\/v2\/types\/post"}],"author":[{"embeddable":true,"href":"https:\/\/gazdasagportal.hu\/index.php\/wp-json\/wp\/v2\/users\/1001006"}],"replies":[{"embeddable":true,"href":"https:\/\/gazdasagportal.hu\/index.php\/wp-json\/wp\/v2\/comments?post=133178"}],"version-history":[{"count":1,"href":"https:\/\/gazdasagportal.hu\/index.php\/wp-json\/wp\/v2\/posts\/133178\/revisions"}],"predecessor-version":[{"id":133179,"href":"https:\/\/gazdasagportal.hu\/index.php\/wp-json\/wp\/v2\/posts\/133178\/revisions\/133179"}],"wp:featuredmedia":[{"embeddable":true,"href":"https:\/\/gazdasagportal.hu\/index.php\/wp-json\/wp\/v2\/media\/122810"}],"wp:attachment":[{"href":"https:\/\/gazdasagportal.hu\/index.php\/wp-json\/wp\/v2\/media?parent=133178"}],"wp:term":[{"taxonomy":"category","embeddable":true,"href":"https:\/\/gazdasagportal.hu\/index.php\/wp-json\/wp\/v2\/categories?post=133178"},{"taxonomy":"post_tag","embeddable":true,"href":"https:\/\/gazdasagportal.hu\/index.php\/wp-json\/wp\/v2\/tags?post=133178"}],"curies":[{"name":"wp","href":"https:\/\/api.w.org\/{rel}","templated":true}]}}