{"id":133168,"date":"2021-02-12T14:08:13","date_gmt":"2021-02-12T13:08:13","guid":{"rendered":"http:\/\/gazdasagportal.hu\/?p=133168"},"modified":"2021-02-12T14:08:13","modified_gmt":"2021-02-12T13:08:13","slug":"az-it-szektort-is-atrendezte-a-koronavirus-jarvany-a-szakemberek-akar-brutto-15-milliot-is-hazavihetnek-havonta","status":"publish","type":"post","link":"https:\/\/gazdasagportal.hu\/index.php\/az-it-szektort-is-atrendezte-a-koronavirus-jarvany-a-szakemberek-akar-brutto-15-milliot-is-hazavihetnek-havonta\/","title":{"rendered":"Az IT-szektort is \u00e1trendezte a koronav\u00edrus-j\u00e1rv\u00e1ny, a szakemberek ak\u00e1r brutt\u00f3 1,5 milli\u00f3t is hazavihetnek havonta"},"content":{"rendered":"<div><strong>A vil\u00e1gj\u00e1rv\u00e1ny okozta kih\u00edv\u00e1sok 2020-ban a v\u00e1llalatok nagy r\u00e9sz\u00e9t rosszul \u00e9rintett\u00e9k, hiszen legt\u00f6bbj\u00fcknek \u00faj megold\u00e1sokra volt sz\u00fcks\u00e9ge, sokaknak pedig teljesen \u00e1t kellett \u00e1llniuk az online m\u0171k\u00f6d\u00e9sre. Az IT-szektoron bel\u00fcl is jelent\u0151s v\u00e1ltoz\u00e1sok t\u00f6rt\u00e9ntek, a v\u00edrus azonban sok szempontb\u00f3l kedvez\u0151en hatott erre a ter\u00fcletre. A\u00a0<\/strong><strong>No Fluff Jobs<\/strong><strong>\u00a0\u00e1ll\u00e1sport\u00e1l leg\u00fajabb felm\u00e9r\u00e9s\u00e9ben azt vizsg\u00e1lta, mik\u00e9nt v\u00e1ltoztak a hazai piac trendjei \u00e9s tendenci\u00e1i a koronav\u00edrus hat\u00e1s\u00e1ra 2020 janu\u00e1rja \u00e9s decembere k\u00f6z\u00f6tt.<\/strong><\/div>\n<p><!--more--><\/p>\n<div class=\"ads-in-post1\"><div id=\"gazdasagportal.hu_fullbanner_wideboard\"><\/div>\r\n<\/div>\n<div><\/div>\n<div><strong>A v\u00edrus enyh\u00fcl\u00e9se lend\u00edtette fel a piacot<\/strong><\/div>\n<div><\/div>\n<div>A munkaer\u0151piacon a legnagyobb v\u00e1ltoz\u00e1st a t\u00e1vmunka \u00e9s az otthoni munkav\u00e9gz\u00e9s bevezet\u00e9se hozta, sok c\u00e9g sz\u00e1m\u00e1ra ez rendk\u00edv\u00fcl megterhel\u0151 feladat volt. A korl\u00e1toz\u00e1sok bevezet\u00e9se ut\u00e1n a toborz\u00e1si kedv jelent\u0151sen visszaesett, rengeteg c\u00e9g \u00e1ll\u00edtotta le egyik napr\u00f3l a m\u00e1sikra az \u00faj munkat\u00e1rsak felv\u00e9tel\u00e9t, k\u00e9nytelenek voltak elbocs\u00e1tani dolgoz\u00f3kat, ami jelent\u0151sen megnehez\u00edtette az IT-specialist\u00e1k elhelyezked\u00e9s\u00e9t 2020 els\u0151 fel\u00e9ben. \u00c9v k\u00f6zep\u00e9n, amikor enyh\u00fclt a j\u00e1rv\u00e1nyhelyzet, a tendencia v\u00e1ltozott, \u00e9s egyre t\u00f6bb c\u00e9g adott fel \u00e1ll\u00e1shirdet\u00e9seket, \u00edgy a jelentkez\u0151k sz\u00e1ma is n\u00f6vekedett. Az \u00e1ll\u00e1sport\u00e1lon a juniorok ir\u00e1nti kereslet visszaesett, a c\u00e9gek legink\u00e1bb mid \u00e9s senior fejleszt\u0151k jelentkez\u00e9s\u00e9t v\u00e1rt\u00e1k.<\/div>\n<div><\/div>\n<div><strong>H\u00e1nyan kopogtatnak az IT-szektor ajtaj\u00e1n?<\/strong><\/div>\n<div><\/div>\n<div>2020-ban k\u00e9z a k\u00e9zben j\u00e1rt a No Fluff Jobs \u00e1ll\u00e1sport\u00e1l haszn\u00e1lata \u00e9s a jelentkez\u0151k sz\u00e1m\u00e1nak n\u00f6veked\u00e9se. Sz\u00e1mos \u00e1ll\u00e1shirdet\u00e9s ker\u00fclt fel a port\u00e1lra, \u00edgy az el\u0151z\u0151 \u00e9vhez k\u00e9pest t\u00f6bb IT-szakember keresett lehet\u0151s\u00e9get az oldalon. Amikor a j\u00e1rv\u00e1ny el\u00e9rte Magyarorsz\u00e1got is, r\u00f6vid id\u0151n bel\u00fcl meredek n\u00f6veked\u00e9snek indult az \u00e1ll\u00e1skeres\u0151k sz\u00e1ma: j\u00faniusban m\u00e1r k\u00f6zel k\u00e9tszer annyi IT-szakember keresett \u00faj munkahelyet a port\u00e1lon, mint \u00e1prilisban, a jelentkez\u00e9sek sz\u00e1ma pedig folyamatosan n\u0151tt az \u00e9v v\u00e9g\u00e9ig. Okt\u00f3berben m\u00e1r h\u00e1romszor annyian szerettek volna elhelyezkedni a szf\u00e9r\u00e1ban, mint a v\u00edrus kirobban\u00e1sakor.<\/div>\n<div class=\"ads-in-post2\"><script async src=\"https:\/\/pagead2.googlesyndication.com\/pagead\/js\/adsbygoogle.js\"><\/script>\r\n<ins class=\"adsbygoogle\"\r\n     style=\"display:block\"\r\n     data-ad-format=\"fluid\"\r\n     data-ad-layout-key=\"-6t+ed+2i-1n-4w\"\r\n     data-ad-client=\"ca-pub-1959107119989764\"\r\n     data-ad-slot=\"4008251320\"><\/ins>\r\n<script>\r\n     (adsbygoogle = window.adsbygoogle || []).push({});\r\n<\/script><\/div>\n<div><\/div>\n<div><strong>A COVID az \u00e1ll\u00e1skeres\u00e9si szempontokat is megv\u00e1ltoztatta<\/strong><\/div>\n<div><\/div>\n<div>A vil\u00e1gj\u00e1rv\u00e1ny hat\u00e1s\u00e1ra a munkaer\u0151piacon feler\u0151s\u00f6d\u00f6tt a stabilit\u00e1s ir\u00e1nti v\u00e1gy, a munkav\u00e1llal\u00f3k a megszokottn\u00e1l jobban ragaszkodnak jelenlegi munk\u00e1ltat\u00f3j\u00e1hoz. Akik az elm\u00falt egy \u00e9vben m\u00e9gis \u00fagy d\u00f6nt\u00f6ttek, vagy arra k\u00e9nyszer\u00fcltek, hogy v\u00e1ltanak \u00e9s \u00faj \u00e1ll\u00e1st keresnek, sok esetben k\u00edv\u00e1ncsiak voltak a COVID-ra adott c\u00e9ges reakci\u00f3kra, a v\u00e1llalatok kommunik\u00e1ci\u00f3j\u00e1ra, a dolgoz\u00f3k v\u00e9delm\u00e9ben \u00e9s a fizikai eg\u00e9szs\u00e9g\u00fck meg\u0151rz\u00e9se \u00e9rdek\u00e9ben tett l\u00e9p\u00e9sekre. Ezeken fel\u00fcl az is meghat\u00e1roz\u00f3 szempontnak bizonyult, hogy milyen programokkal seg\u00edtett\u00e9k a c\u00e9gek a munkav\u00e1llal\u00f3k ment\u00e1lis j\u00f3l\u00e9t\u00e9t ebben a kih\u00edv\u00e1sokkal \u00e9s neh\u00e9zs\u00e9gekkel teli id\u0151szakban.<\/div>\n<p>&nbsp;<\/p>\n<div><strong>Hol, mit \u00e9s mennyi\u00e9rt?<\/strong><\/div>\n<div><\/div>\n<div>A port\u00e1lon \u00e1ll\u00e1st keres\u0151k adatai alapj\u00e1n az IT-szf\u00e9ra Budapestre centraliz\u00e1l\u00f3dik, a szakemberek k\u00f6zel 30%-a Budapesten n\u00e9zett \u00faj munkahely ut\u00e1n, ezt k\u00f6vette Szeged 12%-kal, majd kisebb lemarad\u00e1ssal Debrecen 9%-kal. A legt\u00f6bb \u00e1ll\u00e1skeres\u0151 azonban t\u00e1vmunk\u00e1ra adta be jelentkez\u00e9s\u00e9t, 50%-uk ebben a form\u00e1ban keresett munkalehet\u0151s\u00e9get.<\/div>\n<div><\/div>\n<div>A fejleszt\u00e9si nyelvek, illetve technol\u00f3gi\u00e1k alapj\u00e1n a legn\u00e9pszer\u0171bb keres\u00e9si kifejez\u00e9s a Java, majd a .Net volt, erre a k\u00e9t program nyelvre az IT-szakemberek t\u00f6bb mint fele keresett r\u00e1. A harmadik helyen a C v\u00e9gzett 20%-kal, a negyediken a PHP 18,7%-kal, a sort pedig a Python z\u00e1rta 8,4%-kal. Az \u00e9v legn\u00e9pszer\u0171bb kateg\u00f3ri\u00e1ja szinte azonos ar\u00e1nyban a Backend \u00e9s a Frontend volt, az \u00e1ll\u00e1skeres\u0151k k\u00e9tharmada ezt a poz\u00edci\u00f3t kereste. Harmadik helyen a Support v\u00e9gzett 17,3%-kal, melyet a FullStack 11,5%-kal \u00e9s a DevOps k\u00f6vetett 6,3%-kal.<\/div>\n<div><\/div>\n<div class=\"ads-in-post1\"><div id=\"gazdasagportal.hu_fullbanner_wideboard\"><\/div>\r\n<\/div>\n<div>A No Fluff Jobs k\u00fcl\u00f6nlegess\u00e9ge, hogy az \u00e1ll\u00e1shirdet\u00e9sekben publikusak a fizet\u00e9si s\u00e1vok. Ez a magyar piacon meglehet\u0151sen ritka, de a jelentkez\u0151k sz\u00e1m\u00e1ra \u00e1tl\u00e1that\u00f3bb\u00e1 \u00e9s vonz\u00f3bb\u00e1 teszik az aj\u00e1nlatokat. Ennek k\u00f6sz\u00f6nhet\u0151en a brutt\u00f3 fizet\u00e9sek \u00e1tlag\u00e1t is meg\u00e1llap\u00edtott\u00e1k szeniorit\u00e1si szintekre bontva. A junior poz\u00edci\u00f3ba jelentkez\u0151k brutt\u00f3 400 \u00e9s 550 ezer k\u00f6z\u00f6tt kereshetnek, a mid szeniorit\u00e1s\u00fa fejleszt\u0151k 550 ezer \u00e9s 800 ezer k\u00f6z\u00f6tti fizet\u00e9ssel sz\u00e1molhatnak, a seniorok 800 ezer \u00e9s 1,1 milli\u00f3 k\u00f6z\u00f6ttivel, az expertek pedig ak\u00e1r 1,5 milli\u00f3t is hazavihetnek havonta.<\/div>\n<div><\/div>\n<div><em>\u201e\u00daj online \u00e1ll\u00e1sport\u00e1lt ind\u00edtani Magyarorsz\u00e1gon nem k\u00f6nny\u0171, er\u0151s a verseny. Egy friss szerepl\u0151 kiz\u00e1r\u00f3lag innovat\u00edv megold\u00e1sokkal tud mag\u00e1nak helyet szerezni a piacon. Mi ezzel a szeml\u00e9lettel ind\u00edtottuk \u00fatj\u00e1ra v\u00e1llalkoz\u00e1sunkat, de a koronav\u00edrus nemcsak minket, hanem az eg\u00e9sz szektort komoly kih\u00edv\u00e1sok el\u00e9 \u00e1ll\u00edtotta. N\u00e9h\u00e1ny neh\u00e9z h\u00f3nap ut\u00e1n a kezdetekt\u0151l n\u00e1lunk keres\u0151 jel\u00f6ltek\u00e9rt \u0151sszel megindult a verseny, \u00e9s felp\u00f6rg\u00f6tt a piac: novemberben m\u00e1r b\u0151ven a j\u00e1rv\u00e1ny el\u0151tti kereslet volt megfigyelhet\u0151\u201d<\/em>\u00a0\u2013 mondta Bozsoki \u00c1d\u00e1m, a No Fluff Jobs Country Managere.<\/div>\n","protected":false},"excerpt":{"rendered":"<p>A vil\u00e1gj\u00e1rv\u00e1ny okozta kih\u00edv\u00e1sok 2020-ban a v\u00e1llalatok nagy r\u00e9sz\u00e9t rosszul \u00e9rintett\u00e9k, hiszen legt\u00f6bbj\u00fcknek \u00faj megold\u00e1sokra volt sz\u00fcks\u00e9ge, sokaknak pedig teljesen \u00e1t kellett \u00e1llniuk az online m\u0171k\u00f6d\u00e9sre. Az IT-szektoron bel\u00fcl is jelent\u0151s v\u00e1ltoz\u00e1sok t\u00f6rt\u00e9ntek, a v\u00edrus azonban sok szempontb\u00f3l kedvez\u0151en hatott erre a ter\u00fcletre. A\u00a0No Fluff Jobs\u00a0\u00e1ll\u00e1sport\u00e1l leg\u00fajabb felm\u00e9r\u00e9s\u00e9ben azt vizsg\u00e1lta, mik\u00e9nt v\u00e1ltoztak a hazai piac &#8230;<\/p>\n","protected":false},"author":1001007,"featured_media":99078,"comment_status":"closed","ping_status":"open","sticky":false,"template":"","format":"standard","meta":[],"categories":[146,19],"tags":[],"_links":{"self":[{"href":"https:\/\/gazdasagportal.hu\/index.php\/wp-json\/wp\/v2\/posts\/133168"}],"collection":[{"href":"https:\/\/gazdasagportal.hu\/index.php\/wp-json\/wp\/v2\/posts"}],"about":[{"href":"https:\/\/gazdasagportal.hu\/index.php\/wp-json\/wp\/v2\/types\/post"}],"author":[{"embeddable":true,"href":"https:\/\/gazdasagportal.hu\/index.php\/wp-json\/wp\/v2\/users\/1001007"}],"replies":[{"embeddable":true,"href":"https:\/\/gazdasagportal.hu\/index.php\/wp-json\/wp\/v2\/comments?post=133168"}],"version-history":[{"count":1,"href":"https:\/\/gazdasagportal.hu\/index.php\/wp-json\/wp\/v2\/posts\/133168\/revisions"}],"predecessor-version":[{"id":133169,"href":"https:\/\/gazdasagportal.hu\/index.php\/wp-json\/wp\/v2\/posts\/133168\/revisions\/133169"}],"wp:featuredmedia":[{"embeddable":true,"href":"https:\/\/gazdasagportal.hu\/index.php\/wp-json\/wp\/v2\/media\/99078"}],"wp:attachment":[{"href":"https:\/\/gazdasagportal.hu\/index.php\/wp-json\/wp\/v2\/media?parent=133168"}],"wp:term":[{"taxonomy":"category","embeddable":true,"href":"https:\/\/gazdasagportal.hu\/index.php\/wp-json\/wp\/v2\/categories?post=133168"},{"taxonomy":"post_tag","embeddable":true,"href":"https:\/\/gazdasagportal.hu\/index.php\/wp-json\/wp\/v2\/tags?post=133168"}],"curies":[{"name":"wp","href":"https:\/\/api.w.org\/{rel}","templated":true}]}}