{"id":133106,"date":"2021-02-09T20:38:22","date_gmt":"2021-02-09T19:38:22","guid":{"rendered":"http:\/\/gazdasagportal.hu\/?p=133106"},"modified":"2021-02-10T08:29:01","modified_gmt":"2021-02-10T07:29:01","slug":"onos-eso-ho-es-szel-miatt-is-adott-ki-figyelmezteteseket-a-meteorologiai-szolgalat","status":"publish","type":"post","link":"https:\/\/gazdasagportal.hu\/index.php\/onos-eso-ho-es-szel-miatt-is-adott-ki-figyelmezteteseket-a-meteorologiai-szolgalat\/","title":{"rendered":"\u00d3nos es\u0151, h\u00f3 \u00e9s sz\u00e9l miatt is adott ki figyelmeztet\u00e9seket a meteorol\u00f3giai szolg\u00e1lat"},"content":{"rendered":"<p><strong>\u00d3nos es\u0151, havaz\u00e1s, h\u00f3f\u00fav\u00e1s \u00e9s sz\u00e9l vesz\u00e9lye miatt is adott ki figyelmeztet\u00e9seket az Orsz\u00e1gos Meteorol\u00f3giai Szolg\u00e1lat szerd\u00e1ra. A hidegfront szerda este \u00e9rkezik.<\/strong><!--more--><\/p>\n<div class=\"ads-in-post1\"><div id=\"gazdasagportal.hu_fullbanner_wideboard\"><\/div>\r\n<\/div>\n<p>    Az MTI-hez eljuttatott vesz\u00e9lyjelz\u00e9s\u00fck szerint \u00f3nos es\u0151 vesz\u00e9lye miatt Budapestre, Pest, Borsod-Aba\u00faj-Zempl\u00e9n, Fej\u00e9r, Gy\u0151r-Moson-Sopron, Heves, Kom\u00e1rom-Esztergom, N\u00f3gr\u00e1d, Vas \u00e9s Veszpr\u00e9m megy\u00e9re adtak ki els\u0151fok\u00fa figyelmeztet\u00e9st.<br \/>\n    Gy\u0151r-Moson-Sopron \u00e9s Vas megy\u00e9re a havaz\u00e1s \u00e9s a h\u00f3f\u00fav\u00e1s vesz\u00e9lye miatt is els\u0151fok\u00fa figyelmeztet\u00e9st adtak ki.<br \/>\n    Er\u0151s sz\u00e9l miatt Gy\u0151r-Moson-Sopron, Somogy, Vas, Veszpr\u00e9m \u00e9s Zala megy\u00e9ben figyelmeztetnek.<br \/>\n    Azt \u00edrt\u00e1k: kedd \u00e9jf\u00e9lig az \u00e9szaki t\u00e1jakon tov\u00e1bbi maximum 5 centim\u00e9ter friss h\u00f3 hullhat, a nagyobb h\u00f3mennyis\u00e9g els\u0151sorban az \u00e9szakkeleti hat\u00e1rvid\u00e9ken gy\u0171lhet \u00f6ssze. Az \u00e9jszaka m\u00e1sodik fel\u00e9re a csapad\u00e9kz\u00f3na elhagyja az orsz\u00e1got.<br \/>\n<div class=\"ads-in-post2\"><script async src=\"https:\/\/pagead2.googlesyndication.com\/pagead\/js\/adsbygoogle.js\"><\/script>\r\n<ins class=\"adsbygoogle\"\r\n     style=\"display:block\"\r\n     data-ad-format=\"fluid\"\r\n     data-ad-layout-key=\"-6t+ed+2i-1n-4w\"\r\n     data-ad-client=\"ca-pub-1959107119989764\"\r\n     data-ad-slot=\"4008251320\"><\/ins>\r\n<script>\r\n     (adsbygoogle = window.adsbygoogle || []).push({});\r\n<\/script><\/div>\n    Az \u00e9jszakai \u00e1tmeneti csapad\u00e9ksz\u00fcnetet k\u00f6vet\u0151en szerda reggel d\u00e9lnyugat fel\u0151l egy \u00fajabb mediterr\u00e1n ciklon melegfronti csapad\u00e9kz\u00f3n\u00e1ja \u00e9rkezik, amelyb\u0151l az orsz\u00e1g nagyobb r\u00e9sz\u00e9n es\u0151 v\u00e1rhat\u00f3. \u00c9szak-Dun\u00e1nt\u00falon reggel, d\u00e9lel\u0151tt \u00e1tmeneti vegyes halmaz\u00e1llapot\u00fa csapad\u00e9k (\u00f3nos es\u0151, havas es\u0151) is hullhat, ezt es\u0151 v\u00e1lt majd fel.<br \/>\n    Az \u00c9szaki-k\u00f6z\u00e9phegys\u00e9g ter\u00fclet\u00e9n kezdetben havaz\u00e1s lesz jellemz\u0151, \u00e9s tov\u00e1bbi maximum 5 centim\u00e9ter friss, tapad\u00f3 h\u00f3 hullhat. Majd ottt is d\u00e9l fel\u0151l egyre nagyobb ter\u00fcleten \u00e1tmeneti havas es\u0151, \u00f3nos es\u0151, fagyott es\u0151, v\u00e9g\u00fcl es\u0151 v\u00e1rhat\u00f3. Legtov\u00e1bb Borsod \u00e9szaki fel\u00e9ben tarthat ki a havaz\u00e1s. Ezzel p\u00e1rhuzamosan, az esti \u00f3r\u00e1kban \u00e9szaknyugat fel\u0151l meg\u00e9rkezik a ciklon hidegfrontja, amelynek hat\u00e1s\u00e1ra a Dun\u00e1nt\u00falon az es\u0151t, z\u00e1porokat havaz\u00e1s, h\u00f3z\u00e1porok v\u00e1lthatj\u00e1k fel. Az \u00c9szak-Dun\u00e1nt\u00falon \u00e9jf\u00e9lig t\u00f6bbnyire maximum 5 centim\u00e9ter, intenz\u00edv h\u00f3z\u00e1porokban helyenk\u00e9nt enn\u00e9l t\u00f6bb friss h\u00f3 is hullhat &#8211; \u00edrt\u00e1k, megjegyezve: &#8222;a v\u00e1rhat\u00f3 h\u00f3vastags\u00e1g meglehet\u0151sen bizonytalan&#8221;.<br \/>\n<div class=\"ads-in-post1\"><div id=\"gazdasagportal.hu_fullbanner_wideboard\"><\/div>\r\n<\/div>\n    A front m\u00f6g\u00f6tt \u00e9szakira, \u00e9szaknyugatira fordul\u00f3 sz\u00e9l egyre nagyobb ter\u00fcleten meger\u0151s\u00f6dik, els\u0151sorban a Dun\u00e1nt\u00fal nyugati fel\u00e9n viharos l\u00f6k\u00e9sek is lehetnek, ennek k\u00f6vetkezt\u00e9ben a h\u00f3val bor\u00edtott \u00e9szaknyugati t\u00e1jakon (a h\u00f3vastags\u00e1g f\u00fcggv\u00e9ny\u00e9ben) h\u00f3f\u00fav\u00e1s alakulhat ki.<br \/>\n    Az el\u0151rejelz\u00e9s szerint szerd\u00e1n hajnalban \u00e1ltal\u00e1ban m\u00ednusz 2 \u00e9s plusz 4 Celsius-fok k\u00f6z\u00f6tt alakul a h\u0151m\u00e9rs\u00e9klet, de az \u00e9szaki megy\u00e9kben ak\u00e1r m\u00ednusz 7 fokig is h\u0171lhet a leveg\u0151. Napk\u00f6zben az orsz\u00e1g \u00e9szaki fel\u00e9n 0 \u00e9s plusz 6, a d\u00e9li megy\u00e9kben 7 \u00e9s 11 fok k\u00f6z\u00f6tti cs\u00facs\u00e9rt\u00e9kek v\u00e1rhat\u00f3k.(MTI)<\/p>\n","protected":false},"excerpt":{"rendered":"<p>\u00d3nos es\u0151, havaz\u00e1s, h\u00f3f\u00fav\u00e1s \u00e9s sz\u00e9l vesz\u00e9lye miatt is adott ki figyelmeztet\u00e9seket az Orsz\u00e1gos Meteorol\u00f3giai Szolg\u00e1lat szerd\u00e1ra. A hidegfront szerda este \u00e9rkezik.<\/p>\n","protected":false},"author":1001006,"featured_media":0,"comment_status":"closed","ping_status":"open","sticky":false,"template":"","format":"standard","meta":[],"categories":[4],"tags":[],"_links":{"self":[{"href":"https:\/\/gazdasagportal.hu\/index.php\/wp-json\/wp\/v2\/posts\/133106"}],"collection":[{"href":"https:\/\/gazdasagportal.hu\/index.php\/wp-json\/wp\/v2\/posts"}],"about":[{"href":"https:\/\/gazdasagportal.hu\/index.php\/wp-json\/wp\/v2\/types\/post"}],"author":[{"embeddable":true,"href":"https:\/\/gazdasagportal.hu\/index.php\/wp-json\/wp\/v2\/users\/1001006"}],"replies":[{"embeddable":true,"href":"https:\/\/gazdasagportal.hu\/index.php\/wp-json\/wp\/v2\/comments?post=133106"}],"version-history":[{"count":2,"href":"https:\/\/gazdasagportal.hu\/index.php\/wp-json\/wp\/v2\/posts\/133106\/revisions"}],"predecessor-version":[{"id":133110,"href":"https:\/\/gazdasagportal.hu\/index.php\/wp-json\/wp\/v2\/posts\/133106\/revisions\/133110"}],"wp:attachment":[{"href":"https:\/\/gazdasagportal.hu\/index.php\/wp-json\/wp\/v2\/media?parent=133106"}],"wp:term":[{"taxonomy":"category","embeddable":true,"href":"https:\/\/gazdasagportal.hu\/index.php\/wp-json\/wp\/v2\/categories?post=133106"},{"taxonomy":"post_tag","embeddable":true,"href":"https:\/\/gazdasagportal.hu\/index.php\/wp-json\/wp\/v2\/tags?post=133106"}],"curies":[{"name":"wp","href":"https:\/\/api.w.org\/{rel}","templated":true}]}}