{"id":133104,"date":"2021-02-09T16:41:19","date_gmt":"2021-02-09T15:41:19","guid":{"rendered":"http:\/\/gazdasagportal.hu\/?p=133104"},"modified":"2021-02-09T14:42:24","modified_gmt":"2021-02-09T13:42:24","slug":"jelentosen-csokkent-a-foglalkoztatottak-szama-oroszorszagban","status":"publish","type":"post","link":"https:\/\/gazdasagportal.hu\/index.php\/jelentosen-csokkent-a-foglalkoztatottak-szama-oroszorszagban\/","title":{"rendered":"Jelent\u0151sen cs\u00f6kkent a foglalkoztatottak sz\u00e1ma Oroszorsz\u00e1gban"},"content":{"rendered":"<p><strong>Jelent\u0151sen, t\u00f6bb mint m\u00e1sf\u00e9l milli\u00f3val cs\u00f6kkent a foglalkoztatottak sz\u00e1ma Oroszorsz\u00e1gban tavaly a koronav\u00edrus-j\u00e1rv\u00e1ny k\u00f6vetkezt\u00e9ben, a munkahelyek elveszt\u00e9s\u00e9nek trendje szinte az eg\u00e9sz orsz\u00e1gra, a r\u00e9gi\u00f3k mintegy 80 sz\u00e1zal\u00e9k\u00e1ra terjedt ki.<\/strong><!--more--><\/p>\n<div class=\"ads-in-post1\"><div id=\"gazdasagportal.hu_fullbanner_wideboard\"><\/div>\r\n<\/div>\n<p>    Az Izvesztyija c\u00edm\u0171 orosz napilap a FinExpertiza nemzetk\u00f6zi k\u00f6nyvvizsg\u00e1l\u00f3 \u00e9s tan\u00e1csad\u00f3 v\u00e1llalat adatait ismertetve kedden arr\u00f3l sz\u00e1molt be, hogy tavaly \u00e9vv\u00e9g\u00e9n 70 milli\u00f3 772 ezer ember dolgozott Oroszorsz\u00e1gban, ami 2011 \u00f3ta a legalacsonyabb sz\u00e1m, \u00e9s 1,65 milli\u00f3val marad el az egy \u00e9vvel kor\u00e1bbi adatt\u00f3l. Kilenc \u00e9ve, 2011 v\u00e9g\u00e9n 69,6 milli\u00f3 embernek volt munkahelye.<br \/>\n    A foglalkoztatottak sz\u00e1ma 2019 v\u00e9g\u00e9n \u00e9s 2020 elej\u00e9n m\u00e9g 72,425 milli\u00f3 volt. A m\u00e1rciusban kirobbant koronav\u00edrus-j\u00e1rv\u00e1ny miatt azonban szigor\u00fa korl\u00e1toz\u00e1sokat kellett bevezetni, a fogyaszt\u00f3i kereslet pedig meredeken cs\u00f6kkent. Ennek hat\u00e1s\u00e1ra a munkav\u00e1llal\u00f3k sz\u00e1ma m\u00e1jusra 70 milli\u00f3ra zuhant, \u00e9s b\u00e1r az \u00e9v m\u00e1sodik fel\u00e9ben a gazdas\u00e1g \u00e9l\u00e9nk\u00fclni kezdett, nem siker\u00fclt vissza\u00e1ll\u00edtani a j\u00e1rv\u00e1ny el\u0151tti szintre a foglalkoztatotts\u00e1got.<br \/>\n    A tavalyi \u00e9v legnagyobb vesztesei a szeg\u00e9ny r\u00e9gi\u00f3k alacsony kereset\u0171 munkav\u00e1llal\u00f3i voltak, k\u00fcl\u00f6n\u00f6sen sok munkahelyet sz\u00e1moltak fel Mordvinf\u00f6ld\u00f6n, Marif\u00f6ld\u00f6n, valamint Karacs\u00e1j- \u00e9s Cserkeszf\u00f6ld\u00f6n.<br \/>\n<div class=\"ads-in-post2\"><script async src=\"https:\/\/pagead2.googlesyndication.com\/pagead\/js\/adsbygoogle.js\"><\/script>\r\n<ins class=\"adsbygoogle\"\r\n     style=\"display:block\"\r\n     data-ad-format=\"fluid\"\r\n     data-ad-layout-key=\"-6t+ed+2i-1n-4w\"\r\n     data-ad-client=\"ca-pub-1959107119989764\"\r\n     data-ad-slot=\"4008251320\"><\/ins>\r\n<script>\r\n     (adsbygoogle = window.adsbygoogle || []).push({});\r\n<\/script><\/div>\n    Oroszorsz\u00e1gban legut\u00f3bb 2009-ben, a p\u00e9nz\u00fcgyi \u00e9s gazdas\u00e1gi vil\u00e1gv\u00e1ls\u00e1g cs\u00facs\u00e1n m\u00e9rtek a tavalyihoz hasonl\u00f3 dr\u00e1mai m\u00e9rt\u00e9k\u0171 cs\u00f6kken\u00e9st a foglalkoztatotts\u00e1g szintj\u00e9ben, akkor 1,59 milli\u00f3 ember vesz\u00edtette el \u00e1ll\u00e1s\u00e1t. Enn\u00e9l pedig csak az 1990-es \u00e9vekben, a Szovjetuni\u00f3 megsz\u0171n\u00e9se ut\u00e1n, a rendszerv\u00e1lt\u00e1s idej\u00e9n volt rosszabb a helyzet.(MTI)<\/p>\n","protected":false},"excerpt":{"rendered":"<p>Jelent\u0151sen, t\u00f6bb mint m\u00e1sf\u00e9l milli\u00f3val cs\u00f6kkent a foglalkoztatottak sz\u00e1ma Oroszorsz\u00e1gban tavaly a koronav\u00edrus-j\u00e1rv\u00e1ny k\u00f6vetkezt\u00e9ben, a munkahelyek elveszt\u00e9s\u00e9nek trendje szinte az eg\u00e9sz orsz\u00e1gra, a r\u00e9gi\u00f3k mintegy 80 sz\u00e1zal\u00e9k\u00e1ra terjedt ki.<\/p>\n","protected":false},"author":1001007,"featured_media":0,"comment_status":"closed","ping_status":"open","sticky":false,"template":"","format":"standard","meta":[],"categories":[12,246],"tags":[],"_links":{"self":[{"href":"https:\/\/gazdasagportal.hu\/index.php\/wp-json\/wp\/v2\/posts\/133104"}],"collection":[{"href":"https:\/\/gazdasagportal.hu\/index.php\/wp-json\/wp\/v2\/posts"}],"about":[{"href":"https:\/\/gazdasagportal.hu\/index.php\/wp-json\/wp\/v2\/types\/post"}],"author":[{"embeddable":true,"href":"https:\/\/gazdasagportal.hu\/index.php\/wp-json\/wp\/v2\/users\/1001007"}],"replies":[{"embeddable":true,"href":"https:\/\/gazdasagportal.hu\/index.php\/wp-json\/wp\/v2\/comments?post=133104"}],"version-history":[{"count":1,"href":"https:\/\/gazdasagportal.hu\/index.php\/wp-json\/wp\/v2\/posts\/133104\/revisions"}],"predecessor-version":[{"id":133105,"href":"https:\/\/gazdasagportal.hu\/index.php\/wp-json\/wp\/v2\/posts\/133104\/revisions\/133105"}],"wp:attachment":[{"href":"https:\/\/gazdasagportal.hu\/index.php\/wp-json\/wp\/v2\/media?parent=133104"}],"wp:term":[{"taxonomy":"category","embeddable":true,"href":"https:\/\/gazdasagportal.hu\/index.php\/wp-json\/wp\/v2\/categories?post=133104"},{"taxonomy":"post_tag","embeddable":true,"href":"https:\/\/gazdasagportal.hu\/index.php\/wp-json\/wp\/v2\/tags?post=133104"}],"curies":[{"name":"wp","href":"https:\/\/api.w.org\/{rel}","templated":true}]}}