{"id":133096,"date":"2021-02-09T11:25:06","date_gmt":"2021-02-09T10:25:06","guid":{"rendered":"http:\/\/gazdasagportal.hu\/?p=133096"},"modified":"2021-02-09T10:47:38","modified_gmt":"2021-02-09T09:47:38","slug":"a-nestle-2050-re-eri-el-karbonsemlegesseget","status":"publish","type":"post","link":"https:\/\/gazdasagportal.hu\/index.php\/a-nestle-2050-re-eri-el-karbonsemlegesseget\/","title":{"rendered":"A Nestl\u00e9 2050-re \u00e9ri el karbonsemlegess\u00e9get"},"content":{"rendered":"<p><strong>Az \u00e9lelmiszerell\u00e1t\u00e1s j\u00f6v\u0151j\u00e9re n\u00e9zve nagy vesz\u00e9lyt jelenthet az \u00e9ghajlatv\u00e1ltoz\u00e1s, mik\u00f6zben az \u00fcvegh\u00e1zhat\u00e1s\u00fa g\u00e1zok kibocs\u00e1t\u00e1s\u00e1\u00e9rt t\u00f6bbek k\u00f6z\u00f6tt az \u00e9lelmiszertermel\u00e9s \u00e9s fogyaszt\u00e1s is nagy m\u00e9rt\u00e9kben felel\u0151s. <\/strong><strong>Ez\u00e9rt a Nestl\u00e9 a <\/strong><strong>2050-re v\u00e1llalt nett\u00f3 z\u00e9r\u00f3 kibocs\u00e1t\u00e1s el\u00e9r\u00e9se \u00e9rdek\u00e9ben<\/strong><strong> 2030-ra fel\u00e9re cs\u00f6kkenti karbonkibocs\u00e1t\u00e1s\u00e1t. <\/strong><!--more--><\/p>\n<div class=\"ads-in-post1\"><div id=\"gazdasagportal.hu_fullbanner_wideboard\"><\/div>\r\n<\/div>\n<p>A nett\u00f3 z\u00e9r\u00f3 azt jelenti, hogy a v\u00e1llalat eg\u00e9szen az alapanyagok megtermel\u00e9s\u00e9t\u0151l a fogyaszt\u00e1sig (farm to fork) tart\u00f3 \u00e9rt\u00e9kl\u00e1ncon drasztikusan cs\u00f6kkenti az \u00fcvegh\u00e1zhat\u00e1s\u00fa g\u00e1zkibocs\u00e1t\u00e1st. Ezen fel\u00fcl a tov\u00e1bbi karbonmennyis\u00e9get a Nestl\u00e9 a l\u00e9gk\u00f6rben tal\u00e1lhat\u00f3 sz\u00e9n-dioxid talajban \u00e9s f\u00e1kban val\u00f3 megk\u00f6t\u00e9s\u00e9t c\u00e9lz\u00f3 projektekkel tervezi cs\u00f6kkenteni.<\/p>\n<p>A Nestl\u00e9 a k\u00f6vetkez\u0151 \u00f6t \u00e9v folyam\u00e1n \u00f6sszesen 3,2 milli\u00e1rd sv\u00e1jci frankot ford\u00edt a nett\u00f3 z\u00e9r\u00f3 kibocs\u00e1t\u00e1s el\u00e9r\u00e9s\u00e9t c\u00e9lz\u00f3 \u00e1talakul\u00e1sra, melyb\u0151l 1,2 milli\u00e1rd sv\u00e1jci frankkal t\u00e1mogatja a regenerat\u00edv (talajmeg\u00faj\u00edt\u00f3) mez\u0151gazdas\u00e1got a teljes ell\u00e1t\u00e1si l\u00e1ncon.<\/p><div id=\"gazda-2117296657\" class=\"gazda-tartalomban gazda-entity-placement\"><script async src=\"https:\/\/pagead2.googlesyndication.com\/pagead\/js\/adsbygoogle.js\"><\/script>\r\n<ins class=\"adsbygoogle\"\r\n     style=\"display:block\"\r\n     data-ad-format=\"fluid\"\r\n     data-ad-layout-key=\"-6t+ed+2i-1n-4w\"\r\n     data-ad-client=\"ca-pub-1959107119989764\"\r\n     data-ad-slot=\"4008251320\"><\/ins>\r\n<script>\r\n     (adsbygoogle = window.adsbygoogle || []).push({});\r\n<\/script><\/div>\n<p><strong>\u00dajragondolt gy\u00e1rt\u00e1si folyamatok Magyarorsz\u00e1gon is <\/strong><\/p>\n<p>2025-re a tervek szerint a Nestl\u00e9 mind a 800 gy\u00e1rt\u00f3egys\u00e9ge a vil\u00e1gon 100% meg\u00fajul\u00f3 forr\u00e1sb\u00f3l sz\u00e1rmaz\u00f3 villamosenergi\u00e1t fog haszn\u00e1lni. J\u00f3 h\u00edr, hogy a v\u00e1llalat mindh\u00e1rom magyarorsz\u00e1gi gy\u00e1r\u00e1ban m\u00e1r 2017 \u00f3ta kiz\u00e1r\u00f3lag meg\u00fajul\u00f3 forr\u00e1sokb\u00f3l sz\u00e1rmaz\u00f3 \u00e1ramot haszn\u00e1l, \u00e9s egyik gy\u00e1rb\u00f3l sem ker\u00fcl ipari hullad\u00e9k hullad\u00e9klerak\u00f3ba. A gy\u00e1rak m\u0171k\u00f6d\u00e9se sor\u00e1n keletkez\u0151 hullad\u00e9kot ehelyett anyag\u00e1ban vagy energiak\u00e9nt hasznos\u00edtj\u00e1k \u00fajra.<\/p>\n<div class=\"ads-in-post2\"><script async src=\"https:\/\/pagead2.googlesyndication.com\/pagead\/js\/adsbygoogle.js\"><\/script>\r\n<ins class=\"adsbygoogle\"\r\n     style=\"display:block\"\r\n     data-ad-format=\"fluid\"\r\n     data-ad-layout-key=\"-6t+ed+2i-1n-4w\"\r\n     data-ad-client=\"ca-pub-1959107119989764\"\r\n     data-ad-slot=\"4008251320\"><\/ins>\r\n<script>\r\n     (adsbygoogle = window.adsbygoogle || []).push({});\r\n<\/script><\/div>\n<strong>Fenntarthat\u00f3bb csomagol\u00e1s <\/strong><\/p>\n<p>A Nestl\u00e9 kiz\u00e1r\u00f3lag fenntarthat\u00f3bb csomagol\u00f3anyagokkal \u00e9rheti el a 2050-es nett\u00f3 z\u00e9r\u00f3 c\u00e9lkit\u0171z\u00e9s\u00e9t. Ehhez az \u00fajrahasznos\u00edtott anyagok nagyobb ar\u00e1ny\u00fa felhaszn\u00e1l\u00e1s\u00e1ra, t\u00f6bb \u00fajrahaszn\u00e1lhat\u00f3 (\u00fajrat\u00f6lthet\u0151, visszav\u00e1lthat\u00f3) csomagol\u00f3anyag fejleszt\u00e9s\u00e9re vagy ak\u00e1r bizonyos csomagol\u00f3anyag t\u00edpusok teljes elhagy\u00e1s\u00e1ra van sz\u00fcks\u00e9g. Franciaorsz\u00e1gban \u00e9s Sv\u00e1jcban a Nestl\u00e9 \u00fajrat\u00f6lthet\u0151 \u00e9s \u00fajrafelhaszn\u00e1lhat\u00f3 csomagol\u00e1sok alkalmaz\u00e1s\u00e1t teszteli, melyek hozz\u00e1j\u00e1rulnak ahhoz is, hogy 2025-re a v\u00e1llalat 30%-kal kevesebb \u00fajonnan gy\u00e1rtott m\u0171anyagot haszn\u00e1ljon csomagol\u00f3anyagai gy\u00e1rt\u00e1s\u00e1hoz. A magyarorsz\u00e1gi Nestl\u00e9 gy\u00e1rak is jelent\u0151s m\u00e9rt\u00e9kben el\u0151mozd\u00edtj\u00e1k a v\u00e1llal\u00e1s teljes\u00edt\u00e9s\u00e9t, hisz az \u00faj megold\u00e1soknak k\u00f6sz\u00f6nhet\u0151en a di\u00f3sgy\u0151ri, \u00fcreges csokol\u00e1d\u00e9figur\u00e1kat gy\u00e1rt\u00f3 \u00fczemben 2020 sor\u00e1n k\u00f6zel 70 tonn\u00e1val cs\u00f6kkent a csomagol\u00e1sokhoz felhaszn\u00e1lt m\u0171anyag mennyis\u00e9ge. R\u00e1ad\u00e1sul valamennyi itt haszn\u00e1lt csomagol\u00f3anyag \u00fajrahasznos\u00edt\u00e1sra k\u00e9sz, azaz amennyiben az adott orsz\u00e1gban l\u00e9tezik erre megfelel\u0151 infrastrukt\u00fara, ezen csomagol\u00e1sok \u00fajrahasznos\u00edt\u00e1sa k\u00f6nnyebben megoldhat\u00f3. A Nestl\u00e9 szerencsi gy\u00e1r\u00e1ban is egyre t\u00f6bb \u00fajrahasznos\u00edt\u00e1sra k\u00e9sz csomagol\u00e1s\u00fa term\u00e9k k\u00e9sz\u00fcl, p\u00e9ld\u00e1ul a NESQUIK All Natural kaka\u00f3por, melynek pap\u00edrcsomagol\u00e1sa sz\u00e1mos eur\u00f3pai orsz\u00e1gban \u00fajrafeldolgozhat\u00f3.<\/p>\n<p><em>\u201eA Nestl\u00e9 csomagol\u00f3anyagainak vil\u00e1gszerte 87 %-a m\u00e1r most \u00fajrahasznos\u00edthat\u00f3 vagy \u00fajrafelhaszn\u00e1lhat\u00f3. Szeretn\u00e9nk, ha ez a sz\u00e1m 2025-re 100%-ra emelkedne\u201d- mondta Noszek P\u00e9ter, a Nestl\u00e9 Hung\u00e1ria \u00fcgyvezet\u0151je.<\/em><\/p>\n<div class=\"ads-in-post2\"><script async src=\"https:\/\/pagead2.googlesyndication.com\/pagead\/js\/adsbygoogle.js\"><\/script>\r\n<ins class=\"adsbygoogle\"\r\n     style=\"display:block\"\r\n     data-ad-format=\"fluid\"\r\n     data-ad-layout-key=\"-6t+ed+2i-1n-4w\"\r\n     data-ad-client=\"ca-pub-1959107119989764\"\r\n     data-ad-slot=\"4008251320\"><\/ins>\r\n<script>\r\n     (adsbygoogle = window.adsbygoogle || []).push({});\r\n<\/script><\/div>\n<p><em>\u00a0<\/em><strong>Fenntarthat\u00f3 term\u00e9kek, n\u00f6v\u00e9nyi alap\u00fa \u00e9lelmiszer \u00e9s italk\u00edn\u00e1lat <\/strong><\/p>\n<p>A Nestl\u00e9 a fogyaszt\u00f3kat olyan term\u00e9kek fogyaszt\u00e1s\u00e1ra k\u00edv\u00e1nja \u00f6szt\u00f6n\u00f6zni, melyek kisebb k\u00f6rnyezeti l\u00e1bnyommal rendelkeznek, \u00e9s k\u00f6nnyebben beilleszthet\u0151ek egy kiegyens\u00falyozott \u00e9trendbe, ez\u00e9rt folyamatosan b\u0151v\u00edti a n\u00f6v\u00e9nyi alap\u00fa \u00e9lelmiszer- \u00e9s italk\u00edn\u00e1lat\u00e1t.<\/p>\n<p>A veg\u00e1n Garden Gourmet term\u00e9kcsal\u00e1d \u00f6t term\u00e9k\u00e9vel a Nestl\u00e9 Hung\u00e1ria viszontelad\u00f3 partnerein\u00e9l m\u00e1r Magyarorsz\u00e1gon is el\u00e9rhet\u0151: amellett, hogy a n\u00f6v\u00e9nyi alap\u00fa term\u00e9kcsal\u00e1d Sensational Burger\u00e9nek el\u0151\u00e1ll\u00edt\u00e1sa p\u00e9ld\u00e1ul \u00e1tlagosan mintegy 80%-kal kevesebb sz\u00e9n-dioxid-kibocs\u00e1t\u00e1ssal j\u00e1r, mint a hagyom\u00e1nyos marhah\u00fasos burger\u00e9, a Garden Gourmet m\u00e1rka 2022-re- a Nespressohoz hasonl\u00f3an karbonsemlegess\u00e9 v\u00e1lik.<\/p>\n<p>A v\u00e1llalat az italok ter\u00e9n is vezetett be n\u00f6v\u00e9nyi alap\u00fa \u00fajdons\u00e1gokat Magyarorsz\u00e1gon. A NESCAF\u00c9 Gold Almond \u00e9s Coconut Latte a veg\u00e1n \u00e9trendet k\u00f6vet\u0151 k\u00e1v\u00e9kedvel\u0151knek, a NESQIUK Kaka\u00f3s Zabital pedig a gyermekeknek ny\u00fajt a kiegyens\u00falyozott t\u00e1pl\u00e1lkoz\u00e1s jegy\u00e9ben n\u00f6v\u00e9nyi alternat\u00edv\u00e1t.<\/p>\n<p><strong>\u00c1t\u00e1ll\u00e1s a regenerat\u00edv mez\u0151gazdas\u00e1gra\u00a0 <\/strong><\/p>\n<p>A Nestl\u00e9 glob\u00e1lis sz\u00e9ndioxid kibocs\u00e1t\u00e1s\u00e1nak t\u00f6bb mint 2\/3-a a felhaszn\u00e1lt mez\u0151gazdas\u00e1gi term\u00e9nyek el\u0151\u00e1ll\u00edt\u00e1s\u00e1b\u00f3l ered. A v\u00e1llalat vil\u00e1gszerte k\u00f6zvetlen\u00fcl 500\u00a0000 termel\u0151t\u0151l, szerz\u0151d\u00f6tt besz\u00e1ll\u00edt\u00f3kon kereszt\u00fcl pedig 4,5 milli\u00f3 gazd\u00e1t\u00f3l v\u00e1s\u00e1rol nyersanyagokat.<\/p>\n<p>Magyarorsz\u00e1gon a Nestl\u00e9 Hung\u00e1ria b\u00faz\u00e1t, kukoric\u00e1t \u00e9s m\u00e1s gabonaipari term\u00e9keket, illetve cukrot, h\u00fasipari alapanyagot v\u00e1s\u00e1rol k\u00f6zvetlen\u00fcl magyar gazd\u00e1kt\u00f3l \u00e9s v\u00e1llalatokt\u00f3l.<\/p>\n<div class=\"ads-in-post2\"><script async src=\"https:\/\/pagead2.googlesyndication.com\/pagead\/js\/adsbygoogle.js\"><\/script>\r\n<ins class=\"adsbygoogle\"\r\n     style=\"display:block\"\r\n     data-ad-format=\"fluid\"\r\n     data-ad-layout-key=\"-6t+ed+2i-1n-4w\"\r\n     data-ad-client=\"ca-pub-1959107119989764\"\r\n     data-ad-slot=\"4008251320\"><\/ins>\r\n<script>\r\n     (adsbygoogle = window.adsbygoogle || []).push({});\r\n<\/script><\/div>\nA mez\u0151gazdas\u00e1gb\u00f3l sz\u00e1rmaz\u00f3 \u00fcvegh\u00e1zhat\u00e1s\u00fa g\u00e1zkibocs\u00e1t\u00e1s m\u00e9rs\u00e9kl\u00e9se c\u00e9lj\u00e1b\u00f3l a Nestl\u00e9 a besz\u00e1ll\u00edt\u00f3ival egy\u00fcttm\u0171k\u00f6dve alak\u00edtja \u00e1t az \u00e9lelmiszertermel\u00e9st: az intenz\u00edv talajm\u0171vel\u00e9si m\u00f3dszereket a term\u00e9szetre n\u00e9zve is el\u0151ny\u00f6s, \u00e9s a gazd\u00e1knak is megfelel\u0151, magasabb bev\u00e9telt jelent\u0151 regenerat\u00edv mez\u0151gazdas\u00e1gi gyakorlatokra v\u00e1ltja. Emellett a v\u00e1llalat kiemelt figyelmet ford\u00edt a talajeg\u00e9szs\u00e9g meg\u0151rz\u00e9s\u00e9re, a z\u00e9r\u00f3 karbonkibocs\u00e1t\u00e1s\u00fa tejgazdas\u00e1gokra, valamint a fenntarthat\u00f3 forr\u00e1sb\u00f3l sz\u00e1rmaz\u00f3 kaka\u00f3 \u00e9s k\u00e1v\u00e9 beszerz\u00e9s\u00e9re is.<\/p>\n<p><strong>Eg\u00e9szs\u00e9ges<\/strong> <strong>talaj<\/strong><\/p>\n<p>A vil\u00e1g term\u0151talajr\u00e9teg\u00e9nek egyharmada erod\u00e1l\u00f3dott. Ennek a folyamatnak a megford\u00edt\u00e1s\u00e1ra a Nestl\u00e9 kevesebb n\u00f6v\u00e9nyv\u00e9d\u0151szer haszn\u00e1lat\u00e1ra, valamint az olyan mez\u0151gazdas\u00e1gi technik\u00e1k, mint az \u00e1lland\u00f3 talajtakar\u00e1s, a vet\u00e9sforg\u00f3 vagy a cs\u00f6kkentett talajm\u0171vel\u00e9s alkalmaz\u00e1s\u00e1ra \u00f6szt\u00f6nzi \u00e9s seg\u00edti a gazd\u00e1kat vil\u00e1gszerte. Ezek el\u0151seg\u00edtik a sz\u00e9n \u00e9s v\u00edz nagyobb ar\u00e1ny\u00fa megk\u00f6t\u00e9s\u00e9t a talajban, \u00e9s egy\u00fattal jav\u00edtj\u00e1k a talaj eg\u00e9szs\u00e9g\u00e9t, a term\u0151f\u00f6ldek min\u0151s\u00e9g\u00e9t. A Nestl\u00e9 a Franciaorsz\u00e1gban \u00e9s az Egyes\u00fclt Kir\u00e1lys\u00e1gban m\u00e1r fut\u00f3 mez\u0151gazdas\u00e1gi programjai mellett keresi a lehet\u0151s\u00e9geket, hogy ezeket a gyakorlatokat Magyarorsz\u00e1gon \u00e9s Olaszorsz\u00e1gban is kiterjeszthesse. A v\u00e1llalat \u00f6t \u00e9ven bel\u00fcl alapvet\u0151 nyersanyagai 20%-\u00e1t, 2030-ra pedig 50%-\u00e1t talajmeg\u00faj\u00edt\u00f3 gazdas\u00e1gi gyakorlatokat folytat\u00f3 gazdas\u00e1gokb\u00f3l fogja beszerezni.<\/p>\n<p>&nbsp;<\/p>\n<p><strong>Fenntarthat\u00f3 forr\u00e1sb\u00f3l sz\u00e1rmaz\u00f3 kaka\u00f3 \u00e9s k\u00e1v\u00e9<\/strong><\/p>\n<p>A kaka\u00f3 \u00e9s a k\u00e1v\u00e9 k\u00e9t olyan alapvet\u0151 nyersanyag, ami a Nestl\u00e9 sz\u00e1mos term\u00e9k\u00e9ben megtal\u00e1lhat\u00f3, \u00edgy t\u00f6bbek k\u00f6z\u00f6tt a Szerencsen \u00e9s Di\u00f3sgy\u0151rben gy\u00e1rtott term\u00e9keink (k\u00e1v\u00e9 \u00e9s kaka\u00f3italporok, \u00e9dess\u00e9gek) alapanyaga is. A v\u00e1llalat c\u00e9lja, hogy e k\u00e9t nyersanyag termeszt\u00e9se ne j\u00e1ruljon hozz\u00e1 az erd\u0151irt\u00e1shoz. A Nestl\u00e9 2025-re a term\u00e9keihez felhaszn\u00e1lt \u00f6sszes k\u00e1v\u00e9t \u00e9s kaka\u00f3t fenntarthat\u00f3 forr\u00e1sb\u00f3l fogja beszerezni, aminek \u00e9rdek\u00e9ben egy\u00fcttm\u0171k\u00f6dik a gazd\u00e1kkal az erd\u0151irt\u00e1sok elker\u00fcl\u00e9s\u00e9ben \u00e9s nagyszab\u00e1s\u00fa \u00fajraerd\u0151s\u00edt\u00e9si tervek megval\u00f3s\u00edt\u00e1s\u00e1ban. A v\u00e1llalat 2020-ban az Elef\u00e1ntcsontpart biodiverzit\u00e1s szempontb\u00f3l egyik utols\u00f3 mened\u00e9k\u00e9nek sz\u00e1m\u00edt\u00f3 Cavally erd\u0151s\u00e9g meg\u0151rz\u00e9s\u00e9t \u00e9s helyre\u00e1ll\u00edt\u00e1s\u00e1t c\u00e9lz\u00f3 PPP projektet ind\u00edtott \u00fatj\u00e1ra. A Nestl\u00e9 v\u00e1llalta, hogy 2030-ig \u00e9vente legal\u00e1bb 20 milli\u00f3 f\u00e1t \u00fcltet azokon a ter\u00fcleteken, ahonnan nyersanyagot v\u00e1s\u00e1rol.<\/p>\n<div class=\"ads-in-post2\"><script async src=\"https:\/\/pagead2.googlesyndication.com\/pagead\/js\/adsbygoogle.js\"><\/script>\r\n<ins class=\"adsbygoogle\"\r\n     style=\"display:block\"\r\n     data-ad-format=\"fluid\"\r\n     data-ad-layout-key=\"-6t+ed+2i-1n-4w\"\r\n     data-ad-client=\"ca-pub-1959107119989764\"\r\n     data-ad-slot=\"4008251320\"><\/ins>\r\n<script>\r\n     (adsbygoogle = window.adsbygoogle || []).push({});\r\n<\/script><\/div>\n<strong>Z\u00e9r\u00f3 karbonkibocs\u00e1t\u00e1s\u00fa tejgazdas\u00e1gok<\/strong><\/p>\n<p>A kisebb k\u00f6rnyezeti l\u00e1bnyom el\u00e9r\u00e9s\u00e9nek \u00e9rdek\u00e9ben a Nestl\u00e9 j\u00f6v\u0151j\u00e9nek alapj\u00e1t a tejterm\u00e9kek \u00e9s a n\u00f6v\u00e9nyi helyettes\u00edt\u0151k jelentik. A v\u00e1llalat olyan tejterm\u00e9keket k\u00edv\u00e1n fejleszteni, melyek egyar\u00e1nt j\u00f3k mind a fogyaszt\u00f3k, mind a bolyg\u00f3nk sz\u00e1m\u00e1ra. A Nestl\u00e9 Sv\u00e1jcban m\u00e1r j\u00f3 eredm\u00e9nyeket \u00e9rt el az \u00e9ghajlatbar\u00e1t tejjel, az Egyes\u00fclt Kir\u00e1lys\u00e1gban \u00a0pedig t\u00f6bb mint 220 tejgazdas\u00e1gban jelent\u0151s eredm\u00e9nyeket \u00e9rt el a sz\u00e9n-dioxid-kibocs\u00e1t\u00e1s cs\u00f6kkent\u00e9s\u00e9ben.<\/p>\n<p>&nbsp;<\/p>\n<p><strong>A <\/strong><strong>Nestl\u00e9<\/strong><strong> Hung\u00e1ri\u00e1r\u00f3l:<\/strong> <em>A vil\u00e1g legnagyobb, t\u00f6bb mint 150 \u00e9ves \u00e9lelmiszeripari v\u00e1llalata 189 orsz\u00e1gban van jelen vil\u00e1gszerte. A sv\u00e1jci v\u00e1llalat Magyarorsz\u00e1gon h\u00e1rom gy\u00e1r\u00e1ban (Szerencsen, Di\u00f3sgy\u0151r\u00f6n \u00e9s B\u00fck\u00f6n), illetve budapesti k\u00f6zpontj\u00e1ban \u00f6sszesen t\u00f6bb mint 2400 embert foglalkoztat, akik a jobb \u00e9letmin\u0151s\u00e9g \u00e9s az eg\u00e9szs\u00e9gesebb j\u00f6v\u0151 megteremt\u00e9s\u00e9\u00e9rt dolgoznak nap, mint nap.<\/em><\/p>\n<p><em>A <\/em><em>Nestl\u00e9<\/em><em> 30 \u00e9ve van jelen Magyarorsz\u00e1gon, jelenleg a legnagyobb sv\u00e1jci befektet\u0151 \u00e9s munk\u00e1ltat\u00f3 haz\u00e1nkban. 2020 \u0151sz\u00e9n bejelentett b\u00fcki beruh\u00e1z\u00e1s\u00e1val imm\u00e1r 150 milli\u00e1rd forintot meghalad\u00f3 \u00e9rt\u00e9kben fektet be itthon \u00e9s tov\u00e1bbra is hossz\u00fa t\u00e1v\u00fa hazai jelenl\u00e9ttel tervez.<\/em><\/p>\n<p><em>A szerencsi gy\u00e1r a <\/em><em>Nestl\u00e9<\/em><em> k\u00f6z\u00e9p-eur\u00f3pai region\u00e1lis k\u00e1v\u00e9- \u00e9s kaka\u00f3italpor-gy\u00e1rt\u00f3 \u00e9s -t\u00f6lt\u0151 \u00fczeme. \u00c9vente 40 ezer tonna k\u00e1v\u00e9- \u00e9s kaka\u00f3por k\u00e9sz\u00fcl, amely 30 orsz\u00e1gba ker\u00fcl kisz\u00e1ll\u00edt\u00e1sra.<\/em><\/p>\n<p><em>A di\u00f3sgy\u0151ri gy\u00e1r a <\/em><em>Nestl\u00e9<\/em><em> egyetlen, kiz\u00e1r\u00f3lag \u00fcreges figur\u00e1k gy\u00e1rt\u00e1s\u00e1ra specializ\u00e1l\u00f3dott \u00fczeme a vil\u00e1gon, ahol 120 milli\u00f3 darab csokol\u00e1d\u00e9figura k\u00e9sz\u00fcl \u00e9vente. Ezeket a term\u00e9keket t\u00f6bb mint 20 orsz\u00e1gba export\u00e1lja a v\u00e1llalat.<\/em><\/p>\n<p><em>A c\u00e9gcsoport \u00e1llateledel-gy\u00e1rt\u00e1s\u00e1nak kelet-k\u00f6z\u00e9p-eur\u00f3pai k\u00f6zpontja, a b\u00fcki PURINA\u00ae gy\u00e1r 2018-ban \u00fcnnepelte fenn\u00e1ll\u00e1s\u00e1nak huszadik \u00e9vfordul\u00f3j\u00e1t. Term\u00e9kei a vil\u00e1g t\u00f6bb mint 40 orsz\u00e1g\u00e1ba jutnak el B\u00fckr\u0151l.<\/em><\/p>\n<p><em>A <\/em><em>Nestl\u00e9<\/em><em> Hung\u00e1ria besz\u00e1ll\u00edt\u00f3inak t\u00f6bbs\u00e9ge magyar v\u00e1llalkoz\u00e1s, amelyek \u00e9vente \u00f6sszesen 54 milli\u00e1rd forint\u00e9rt\u00e9kben adnak el term\u00e9keket \u00e9s szolg\u00e1ltat\u00e1sokat a <\/em><em>Nestl\u00e9<\/em><em> glob\u00e1lis h\u00e1l\u00f3zat\u00e1nak<\/em><\/p>\n","protected":false},"excerpt":{"rendered":"<p>Az \u00e9lelmiszerell\u00e1t\u00e1s j\u00f6v\u0151j\u00e9re n\u00e9zve nagy vesz\u00e9lyt jelenthet az \u00e9ghajlatv\u00e1ltoz\u00e1s, mik\u00f6zben az \u00fcvegh\u00e1zhat\u00e1s\u00fa g\u00e1zok kibocs\u00e1t\u00e1s\u00e1\u00e9rt t\u00f6bbek k\u00f6z\u00f6tt az \u00e9lelmiszertermel\u00e9s \u00e9s fogyaszt\u00e1s is nagy m\u00e9rt\u00e9kben felel\u0151s. Ez\u00e9rt a Nestl\u00e9 a 2050-re v\u00e1llalt nett\u00f3 z\u00e9r\u00f3 kibocs\u00e1t\u00e1s el\u00e9r\u00e9se \u00e9rdek\u00e9ben 2030-ra fel\u00e9re cs\u00f6kkenti karbonkibocs\u00e1t\u00e1s\u00e1t.<\/p>\n","protected":false},"author":1001007,"featured_media":0,"comment_status":"closed","ping_status":"open","sticky":false,"template":"","format":"standard","meta":[],"categories":[19],"tags":[],"_links":{"self":[{"href":"https:\/\/gazdasagportal.hu\/index.php\/wp-json\/wp\/v2\/posts\/133096"}],"collection":[{"href":"https:\/\/gazdasagportal.hu\/index.php\/wp-json\/wp\/v2\/posts"}],"about":[{"href":"https:\/\/gazdasagportal.hu\/index.php\/wp-json\/wp\/v2\/types\/post"}],"author":[{"embeddable":true,"href":"https:\/\/gazdasagportal.hu\/index.php\/wp-json\/wp\/v2\/users\/1001007"}],"replies":[{"embeddable":true,"href":"https:\/\/gazdasagportal.hu\/index.php\/wp-json\/wp\/v2\/comments?post=133096"}],"version-history":[{"count":1,"href":"https:\/\/gazdasagportal.hu\/index.php\/wp-json\/wp\/v2\/posts\/133096\/revisions"}],"predecessor-version":[{"id":133097,"href":"https:\/\/gazdasagportal.hu\/index.php\/wp-json\/wp\/v2\/posts\/133096\/revisions\/133097"}],"wp:attachment":[{"href":"https:\/\/gazdasagportal.hu\/index.php\/wp-json\/wp\/v2\/media?parent=133096"}],"wp:term":[{"taxonomy":"category","embeddable":true,"href":"https:\/\/gazdasagportal.hu\/index.php\/wp-json\/wp\/v2\/categories?post=133096"},{"taxonomy":"post_tag","embeddable":true,"href":"https:\/\/gazdasagportal.hu\/index.php\/wp-json\/wp\/v2\/tags?post=133096"}],"curies":[{"name":"wp","href":"https:\/\/api.w.org\/{rel}","templated":true}]}}