{"id":133092,"date":"2021-02-09T10:25:58","date_gmt":"2021-02-09T09:25:58","guid":{"rendered":"http:\/\/gazdasagportal.hu\/?p=133092"},"modified":"2021-02-09T10:25:58","modified_gmt":"2021-02-09T09:25:58","slug":"kavosz-komoly-erdeklodes-lesz-az-ujrainditasi-gyorskolcson-irant","status":"publish","type":"post","link":"https:\/\/gazdasagportal.hu\/index.php\/kavosz-komoly-erdeklodes-lesz-az-ujrainditasi-gyorskolcson-irant\/","title":{"rendered":"Kavosz: komoly \u00e9rdekl\u0151d\u00e9s lesz az \u00fajraind\u00edt\u00e1si gyorsk\u00f6lcs\u00f6n ir\u00e1nt"},"content":{"rendered":"<p><strong>Komoly \u00e9rdekl\u0151d\u00e9st v\u00e1r a v\u00e1llalkoz\u00e1sok r\u00e9sz\u00e9r\u0151l a kamatmentes \u00fajraind\u00edt\u00e1si gyorsk\u00f6lcs\u00f6n ir\u00e1nt Kris\u00e1n L\u00e1szl\u00f3, a Kavosz Zrt. vez\u00e9rigazgat\u00f3ja, aki az M1 aktu\u00e1lis csatorn\u00e1n kedden reggel azt is elmondta, hogy a program m\u00e1rciusra indulhat el.<\/strong><!--more--><\/p>\n<div class=\"ads-in-post1\"><div id=\"gazdasagportal.hu_fullbanner_wideboard\"><\/div>\r\n<\/div>\n<p>    Orb\u00e1n Viktor minisztereln\u00f6k m\u00falt cs\u00fct\u00f6rt\u00f6k\u00f6n a Magyar Kereskedelmi \u00e9s Iparkamara gazdas\u00e1gi \u00e9vadnyit\u00f3j\u00e1n jelentette be, hogy a gazdas\u00e1g-\u00fajraind\u00edt\u00e1si akci\u00f3terv r\u00e9szek\u00e9nt \u00faj hitelkonstrukci\u00f3 bevezet\u00e9s\u00e9r\u0151l d\u00f6nt\u00f6tt a korm\u00e1ny a koronav\u00edrus-j\u00e1rv\u00e1ny miatt bajba ker\u00fclt kis- \u00e9s k\u00f6z\u00e9pv\u00e1llalkoz\u00e1soknak: \u00edgy azok 10 \u00e9vre 10 milli\u00f3 forint erej\u00e9ig kamatmentes k\u00f6lcs\u00f6nt vehetnek ig\u00e9nybe, 3 \u00e9v t\u00fcrelmi id\u0151vel.<br \/>\n    Varga Mih\u00e1ly p\u00e9nz\u00fcgyminiszter szombaton jelentette be, hogy a kamatmentes gyorsk\u00f6lcs\u00f6n keret\u00f6sszege 100 milli\u00e1rd forint lesz, lebonyol\u00edt\u00f3ja pedig a Magyar Fejleszt\u00e9si Bank (MFB). A felvett \u00f6sszeget a v\u00e1llalkoz\u00e1sok b\u00e9rekre, j\u00e1rul\u00e9kokra, rezsire, m\u0171k\u00f6d\u00e9si k\u00f6lts\u00e9gre \u00e9s k\u00e9szletfinansz\u00edroz\u00e1sra is haszn\u00e1lhatj\u00e1k.<br \/>\n    Kris\u00e1n L\u00e1szl\u00f3 k\u00f6zl\u00e9se szerint p\u00e1r napon bel\u00fcl elk\u00e9sz\u00fcl az a TE\u00c1OR-lista (gazdas\u00e1gi tev\u00e9kenys\u00e9gek egys\u00e9ges \u00e1gazati oszt\u00e1lyoz\u00e1si rendszere), ami meghat\u00e1rozza az ig\u00e9nyl\u0151k k\u00f6r\u00e9t, ezen dolgoznak a bejelent\u00e9s \u00f3ta. A vesz\u00e9lyeztetett \u00e1gazatok priorit\u00e1st \u00e9lveznek, itt a turizmus-vend\u00e9gl\u00e1t\u00e1st, rendezv\u00e9nyszervez\u00e9st, sz\u00e1ll\u00e1shelyszolg\u00e1ltat\u00e1st emelte ki, valamint ezek besz\u00e1ll\u00edt\u00f3i k\u00f6r\u00e9t. A szolg\u00e1ltat\u00f3 \u00e1gazatot is &#8222;nagyon meg\u00fct\u00f6tte&#8221; az elm\u00falt egy \u00e9v &#8211; tette hozz\u00e1.<br \/>\n<div class=\"ads-in-post2\"><script async src=\"https:\/\/pagead2.googlesyndication.com\/pagead\/js\/adsbygoogle.js\"><\/script>\r\n<ins class=\"adsbygoogle\"\r\n     style=\"display:block\"\r\n     data-ad-format=\"fluid\"\r\n     data-ad-layout-key=\"-6t+ed+2i-1n-4w\"\r\n     data-ad-client=\"ca-pub-1959107119989764\"\r\n     data-ad-slot=\"4008251320\"><\/ins>\r\n<script>\r\n     (adsbygoogle = window.adsbygoogle || []).push({});\r\n<\/script><\/div>\n    Fontosnak nevezte, hogy a k\u00f6lcs\u00f6nh\u00f6z jut\u00e1s gyors legyen, mert a c\u00e9geknek sok tartal\u00e9kot fel kellett \u00e9lni\u00fck a v\u00e1ls\u00e1g sokadik h\u00f3napj\u00e1ra.<br \/>\n    Hangs\u00falyozta: a kamatmentes gyorsk\u00f6lcs\u00f6n nem ingyenhitel, azt vissza kell fizetni, viszont j\u00f3 lehet\u0151s\u00e9get ad a v\u00e1llalkoz\u00e1sok sz\u00e1m\u00e1ra, amellyel v\u00e9lem\u00e9nye szerint fognak is \u00e9lni. A t\u00edzmilli\u00f3 forint fels\u0151 korl\u00e1t, nem kell mindenkinek ennyit felvenni &#8211; jegyezte meg.(MTI)<\/p>\n","protected":false},"excerpt":{"rendered":"<p>Komoly \u00e9rdekl\u0151d\u00e9st v\u00e1r a v\u00e1llalkoz\u00e1sok r\u00e9sz\u00e9r\u0151l a kamatmentes \u00fajraind\u00edt\u00e1si gyorsk\u00f6lcs\u00f6n ir\u00e1nt Kris\u00e1n L\u00e1szl\u00f3, a Kavosz Zrt. vez\u00e9rigazgat\u00f3ja, aki az M1 aktu\u00e1lis csatorn\u00e1n kedden reggel azt is elmondta, hogy a program m\u00e1rciusra indulhat el.<\/p>\n","protected":false},"author":1001007,"featured_media":0,"comment_status":"closed","ping_status":"open","sticky":false,"template":"","format":"standard","meta":[],"categories":[19],"tags":[],"_links":{"self":[{"href":"https:\/\/gazdasagportal.hu\/index.php\/wp-json\/wp\/v2\/posts\/133092"}],"collection":[{"href":"https:\/\/gazdasagportal.hu\/index.php\/wp-json\/wp\/v2\/posts"}],"about":[{"href":"https:\/\/gazdasagportal.hu\/index.php\/wp-json\/wp\/v2\/types\/post"}],"author":[{"embeddable":true,"href":"https:\/\/gazdasagportal.hu\/index.php\/wp-json\/wp\/v2\/users\/1001007"}],"replies":[{"embeddable":true,"href":"https:\/\/gazdasagportal.hu\/index.php\/wp-json\/wp\/v2\/comments?post=133092"}],"version-history":[{"count":1,"href":"https:\/\/gazdasagportal.hu\/index.php\/wp-json\/wp\/v2\/posts\/133092\/revisions"}],"predecessor-version":[{"id":133093,"href":"https:\/\/gazdasagportal.hu\/index.php\/wp-json\/wp\/v2\/posts\/133092\/revisions\/133093"}],"wp:attachment":[{"href":"https:\/\/gazdasagportal.hu\/index.php\/wp-json\/wp\/v2\/media?parent=133092"}],"wp:term":[{"taxonomy":"category","embeddable":true,"href":"https:\/\/gazdasagportal.hu\/index.php\/wp-json\/wp\/v2\/categories?post=133092"},{"taxonomy":"post_tag","embeddable":true,"href":"https:\/\/gazdasagportal.hu\/index.php\/wp-json\/wp\/v2\/tags?post=133092"}],"curies":[{"name":"wp","href":"https:\/\/api.w.org\/{rel}","templated":true}]}}