{"id":133055,"date":"2021-02-07T09:23:34","date_gmt":"2021-02-07T08:23:34","guid":{"rendered":"http:\/\/gazdasagportal.hu\/?p=133055"},"modified":"2021-02-07T09:23:34","modified_gmt":"2021-02-07T08:23:34","slug":"megerkezett-az-astrazeneca-elso-vakcinaszallitmanya-magyarorszagra","status":"publish","type":"post","link":"https:\/\/gazdasagportal.hu\/index.php\/megerkezett-az-astrazeneca-elso-vakcinaszallitmanya-magyarorszagra\/","title":{"rendered":"Meg\u00e9rkezett az AstraZeneca els\u0151 vakcinasz\u00e1ll\u00edtm\u00e1nya Magyarorsz\u00e1gra"},"content":{"rendered":"<p style=\"font-weight: 400;\"><strong>Febru\u00e1r 6-\u00e1n, szombaton reggel meg\u00e9rkezett haz\u00e1nkba az AstraZeneca vakcina els\u0151 sz\u00e1ll\u00edtm\u00e1nya. Az Eur\u00f3pai Uni\u00f3ban \u00e9s Magyarorsz\u00e1gon is janu\u00e1r v\u00e9g\u00e9n enged\u00e9lyeztetett koronav\u00edrus elleni olt\u00f3anyag els\u0151 sz\u00e1ll\u00edtm\u00e1nya 40\u00a0800 adagot tartalmaz, a k\u00f6vetkez\u0151 napokban \u00e9s hetekben t\u00f6bb ezer d\u00f3zissal folytat\u00f3dik a sz\u00e1ll\u00edt\u00e1s. A vakcina bizony\u00edtottan 100%-os v\u00e9delmet ny\u00fajt a s\u00falyos megbeteged\u00e9s, a k\u00f3rh\u00e1zi kezel\u00e9s \u00e9s a hal\u00e1loz\u00e1ssal szemben.<\/strong><\/p>\n<p><!--more--><\/p>\n<div class=\"ads-in-post1\"><div id=\"gazdasagportal.hu_fullbanner_wideboard\"><\/div>\r\n<\/div>\n<p style=\"font-weight: 400;\">\u00a0Az Eur\u00f3pai Bizotts\u00e1g janu\u00e1r 29-i felt\u00e9teles forgalomba hozatali enged\u00e9ly\u00e9t k\u00f6vet\u0151en febru\u00e1r 6-\u00e1n, szombaton meg\u00e9rkezett Magyarorsz\u00e1gra az Oxfordi Egyetem \u00e9s az AstraZeneca innovat\u00edv gy\u00f3gyszergy\u00e1rt\u00f3 v\u00e1llalat k\u00f6z\u00f6sen fejlesztett koronav\u00edrus elleni vakcin\u00e1ja. Az olt\u00f3anyaggal azokat a feln\u0151tteket lehet beoltani a koronav\u00edrus-fert\u0151z\u00e9s megel\u0151z\u00e9se c\u00e9lj\u00e1b\u00f3l, akik bet\u00f6lt\u00f6tt\u00e9k 18. \u00e9let\u00e9v\u00fcket.<\/p>\n<p style=\"font-weight: 400;\">\u00a0Az els\u0151 sz\u00e1ll\u00edtm\u00e1ny 40 800 adagot tartalmaz, m\u00e1rcius v\u00e9g\u00e9ig pedig \u00f6sszesen v\u00e1rhat\u00f3an t\u00f6bb sz\u00e1zezer COVID-19 VaccineAstraZeneca \u00e9rkezik majd haz\u00e1nkba. Mindez jelent\u0151sen, &#8211; a t\u00f6bbi enged\u00e9lyezett vakcinasz\u00e1ll\u00edtm\u00e1ny be\u00e9rkez\u00e9s\u00e9t\u0151l f\u00fcgg\u0151en &#8211; ak\u00e1r a dupl\u00e1j\u00e1ra is emelheti az orsz\u00e1g olt\u00e1si kapacit\u00e1s\u00e1t.<\/p><div id=\"gazda-3030939263\" class=\"gazda-tartalomban gazda-entity-placement\"><script async src=\"https:\/\/pagead2.googlesyndication.com\/pagead\/js\/adsbygoogle.js\"><\/script>\r\n<ins class=\"adsbygoogle\"\r\n     style=\"display:block\"\r\n     data-ad-format=\"fluid\"\r\n     data-ad-layout-key=\"-6t+ed+2i-1n-4w\"\r\n     data-ad-client=\"ca-pub-1959107119989764\"\r\n     data-ad-slot=\"4008251320\"><\/ins>\r\n<script>\r\n     (adsbygoogle = window.adsbygoogle || []).push({});\r\n<\/script><\/div>\n<p style=\"font-weight: 400;\"><div class=\"ads-in-post2\"><script async src=\"https:\/\/pagead2.googlesyndication.com\/pagead\/js\/adsbygoogle.js\"><\/script>\r\n<ins class=\"adsbygoogle\"\r\n     style=\"display:block\"\r\n     data-ad-format=\"fluid\"\r\n     data-ad-layout-key=\"-6t+ed+2i-1n-4w\"\r\n     data-ad-client=\"ca-pub-1959107119989764\"\r\n     data-ad-slot=\"4008251320\"><\/ins>\r\n<script>\r\n     (adsbygoogle = window.adsbygoogle || []).push({});\r\n<\/script><\/div>\n<p style=\"font-weight: 400;\">\u00a0A \u201c<a href=\"https:\/\/papers.ssrn.com\/sol3\/papers.cfm?abstract_id=3777268\" target=\"_blank\" rel=\"noopener noreferrer\" data-saferedirecturl=\"https:\/\/www.google.com\/url?q=https:\/\/papers.ssrn.com\/sol3\/papers.cfm?abstract_id%3D3777268&amp;source=gmail&amp;ust=1612772247655000&amp;usg=AFQjCNF-K2J6ylgLl5A1woWcMq3i1Xgvbw\">The Lancet<\/a>\u201d c\u00edm\u0171 tekint\u00e9lyes orvosi foly\u00f3iratban a h\u00e9ten\u00a0<a href=\"https:\/\/papers.ssrn.com\/sol3\/papers.cfm?abstract_id=3777268\" target=\"_blank\" rel=\"noopener noreferrer\" data-saferedirecturl=\"https:\/\/www.google.com\/url?q=https:\/\/papers.ssrn.com\/sol3\/papers.cfm?abstract_id%3D3777268&amp;source=gmail&amp;ust=1612772247655000&amp;usg=AFQjCNF-K2J6ylgLl5A1woWcMq3i1Xgvbw\">publik\u00e1lt<\/a>\u00a0eredm\u00e9nyek meger\u0151s\u00edtett\u00e9k, hogy a COVID-19 Vaccine AstraZeneca 100%-os v\u00e9delmet ny\u00fajt a s\u00falyos megbeteged\u00e9s, a k\u00f3rh\u00e1zi kezel\u00e9s \u00e9s a hal\u00e1loz\u00e1ssal szemben a vakcina els\u0151 d\u00f3zis\u00e1nak bead\u00e1sa ut\u00e1ni 22. napot k\u00f6vet\u0151en.A vakcin\u00e1t a szokv\u00e1nyos betegell\u00e1t\u00e1si k\u00f6r\u00fclm\u00e9nyek k\u00f6z\u00f6tt be lehet adni: norm\u00e1l h\u0171t\u00f6tt k\u00f6r\u00fclm\u00e9nyek (2-8 \u00b0C) k\u00f6z\u00f6tt lehet t\u00e1rolni, sz\u00e1ll\u00edtani \u00e9s kezelni a gy\u00e1rt\u00e1st k\u00f6vet\u0151en legal\u00e1bb 6 h\u00f3napon kereszt\u00fcl.<\/p>\n<p>\u00a0Az Egyes\u00fclt Kir\u00e1lys\u00e1gban, Braz\u00edli\u00e1ban \u00e9s D\u00e9l-Afrik\u00e1ban v\u00e9gzett f\u00e1zis III klinikai vizsg\u00e1latok elemz\u00e9se szerint az els\u0151 d\u00f3zis ut\u00e1n a v\u00e9delem 75% feletti(CI: 59%-86%), a hat\u00e9konys\u00e1g pedig n\u00f6vekszik a beadott d\u00f3zisok k\u00f6zti eltelt id\u0151 legfeljebb 12 h\u00e9tre n\u00f6vel\u00e9s\u00e9vel. Az adagok k\u00f6z\u00f6tti id\u0151tartam 12 h\u00e9tre emel\u00e9se eset\u00e9n a vakcina hat\u00e9konys\u00e1ga 82%-os (CI: 63%-92%). Az els\u0151 eredm\u00e9nyek szerint a vakcina jelent\u0151s m\u00e9rt\u00e9kben (67%) k\u00e9pes megel\u0151zni a betegs\u00e9g tov\u00e1bbad\u00e1s\u00e1t, ami meger\u0151s\u00edti, hogy a v\u00edrus terjed\u00e9s\u00e9t is akad\u00e1lyozza.<\/p>\n<div class=\"ads-in-post2\"><script async src=\"https:\/\/pagead2.googlesyndication.com\/pagead\/js\/adsbygoogle.js\"><\/script>\r\n<ins class=\"adsbygoogle\"\r\n     style=\"display:block\"\r\n     data-ad-format=\"fluid\"\r\n     data-ad-layout-key=\"-6t+ed+2i-1n-4w\"\r\n     data-ad-client=\"ca-pub-1959107119989764\"\r\n     data-ad-slot=\"4008251320\"><\/ins>\r\n<script>\r\n     (adsbygoogle = window.adsbygoogle || []).push({});\r\n<\/script><\/div>\n<p style=\"font-weight: 400;\">\u00a0Az AstraZeneca beny\u00fajtotta k\u00e9relm\u00e9t a WHO (Eg\u00e9szs\u00e9g\u00fcgyi Vil\u00e1gszervezet) fel\u00e9, hogy az alacsonyabb j\u00f6vedelm\u0171 orsz\u00e1gok eset\u00e9n is enged\u00e9lyezz\u00e9k a vakcina v\u00e9szhelyzeti haszn\u00e1lat\u00e1t, emellett tov\u00e1bbra is egy\u00fcttm\u0171k\u00f6dik a korm\u00e1nyzatokkal \u00e9s a nemzetk\u00f6zi szervezetekkel, hogy a vil\u00e1gj\u00e1rv\u00e1ny idej\u00e9n \u00f6nk\u00f6lts\u00e9gi \u00e1ron, mindenki sz\u00e1m\u00e1ra hozz\u00e1f\u00e9rhet\u0151 olt\u00f3anyagot juttasson el az emberekhez.<\/p>\n","protected":false},"excerpt":{"rendered":"<p>Febru\u00e1r 6-\u00e1n, szombaton reggel meg\u00e9rkezett haz\u00e1nkba az AstraZeneca vakcina els\u0151 sz\u00e1ll\u00edtm\u00e1nya. Az Eur\u00f3pai Uni\u00f3ban \u00e9s Magyarorsz\u00e1gon is janu\u00e1r v\u00e9g\u00e9n enged\u00e9lyeztetett koronav\u00edrus elleni olt\u00f3anyag els\u0151 sz\u00e1ll\u00edtm\u00e1nya 40\u00a0800 adagot tartalmaz, a k\u00f6vetkez\u0151 napokban \u00e9s hetekben t\u00f6bb ezer d\u00f3zissal folytat\u00f3dik a sz\u00e1ll\u00edt\u00e1s. A vakcina bizony\u00edtottan 100%-os v\u00e9delmet ny\u00fajt a s\u00falyos megbeteged\u00e9s, a k\u00f3rh\u00e1zi kezel\u00e9s \u00e9s a hal\u00e1loz\u00e1ssal szemben.<\/p>\n","protected":false},"author":1001006,"featured_media":0,"comment_status":"closed","ping_status":"open","sticky":false,"template":"","format":"standard","meta":[],"categories":[4,12,427],"tags":[],"_links":{"self":[{"href":"https:\/\/gazdasagportal.hu\/index.php\/wp-json\/wp\/v2\/posts\/133055"}],"collection":[{"href":"https:\/\/gazdasagportal.hu\/index.php\/wp-json\/wp\/v2\/posts"}],"about":[{"href":"https:\/\/gazdasagportal.hu\/index.php\/wp-json\/wp\/v2\/types\/post"}],"author":[{"embeddable":true,"href":"https:\/\/gazdasagportal.hu\/index.php\/wp-json\/wp\/v2\/users\/1001006"}],"replies":[{"embeddable":true,"href":"https:\/\/gazdasagportal.hu\/index.php\/wp-json\/wp\/v2\/comments?post=133055"}],"version-history":[{"count":2,"href":"https:\/\/gazdasagportal.hu\/index.php\/wp-json\/wp\/v2\/posts\/133055\/revisions"}],"predecessor-version":[{"id":133057,"href":"https:\/\/gazdasagportal.hu\/index.php\/wp-json\/wp\/v2\/posts\/133055\/revisions\/133057"}],"wp:attachment":[{"href":"https:\/\/gazdasagportal.hu\/index.php\/wp-json\/wp\/v2\/media?parent=133055"}],"wp:term":[{"taxonomy":"category","embeddable":true,"href":"https:\/\/gazdasagportal.hu\/index.php\/wp-json\/wp\/v2\/categories?post=133055"},{"taxonomy":"post_tag","embeddable":true,"href":"https:\/\/gazdasagportal.hu\/index.php\/wp-json\/wp\/v2\/tags?post=133055"}],"curies":[{"name":"wp","href":"https:\/\/api.w.org\/{rel}","templated":true}]}}