{"id":133008,"date":"2021-02-04T13:51:31","date_gmt":"2021-02-04T12:51:31","guid":{"rendered":"http:\/\/gazdasagportal.hu\/?p=133008"},"modified":"2021-02-04T13:51:31","modified_gmt":"2021-02-04T12:51:31","slug":"frissiti-az-idei-jarulekbevallasok-nyomtatvanykitolto-ellenorzo-programjat-az-adohivatal","status":"publish","type":"post","link":"https:\/\/gazdasagportal.hu\/index.php\/frissiti-az-idei-jarulekbevallasok-nyomtatvanykitolto-ellenorzo-programjat-az-adohivatal\/","title":{"rendered":"Friss\u00edti az idei j\u00e1rul\u00e9kbevall\u00e1sok nyomtatv\u00e1nykit\u00f6lt\u0151-ellen\u0151rz\u0151 programj\u00e1t az ad\u00f3hivatal"},"content":{"rendered":"<p><strong>Az idei j\u00e1rul\u00e9kbevall\u00e1sok internetes nyomtatv\u00e1nykit\u00f6lt\u0151-ellen\u0151rz\u0151 programj\u00e1nak hamarosan megjelen\u0151 \u00faj verzi\u00f3ja alkalmas lesz arra, hogy a kedvezm\u00e9nyekn\u00e9l m\u00e1r a 2021-es minim\u00e1lb\u00e9r \u00e9s garant\u00e1lt b\u00e9rminimum alapj\u00e1n sz\u00e1moljon &#8211; h\u00edvta fel a figyelmet a Nemzeti Ad\u00f3- \u00e9s V\u00e1mhivatal (NAV) cs\u00fct\u00f6rt\u00f6k\u00f6n megjelent t\u00e1j\u00e9koztat\u00e1s\u00e1ban.<\/strong><!--more--><\/p>\n<div class=\"ads-in-post1\"><div id=\"gazdasagportal.hu_fullbanner_wideboard\"><\/div>\r\n<\/div>\n<p>    Az \u00e9rintett bevall\u00e1sok k\u00f6vetkez\u0151 verzi\u00f3ja 2021. janu\u00e1r 1-j\u00e9ig visszamen\u0151leg is lehet\u0151v\u00e9 teszi a szem\u00e9lyi kedvezm\u00e9ny eset\u00e9ben a megemelt minim\u00e1lb\u00e9rrel t\u00f6rt\u00e9n\u0151 sz\u00e1m\u00edt\u00e1st, valamint a szoci\u00e1lis hozz\u00e1j\u00e1rul\u00e1si ad\u00f3b\u00f3l \u00e9rv\u00e9nyes\u00edthet\u0151 kedvezm\u00e9nyekn\u00e9l a magasabb \u00f6sszeggel t\u00f6rt\u00e9n\u0151 ig\u00e9nybev\u00e9telt &#8211; jelezte a NAV.<br \/>\n    Az \u00faj verzi\u00f3k publik\u00e1l\u00e1s\u00e1nak v\u00e1rhat\u00f3 id\u0151pontja febru\u00e1r 8-a.(MTI)<\/p>\n","protected":false},"excerpt":{"rendered":"<p>Az idei j\u00e1rul\u00e9kbevall\u00e1sok internetes nyomtatv\u00e1nykit\u00f6lt\u0151-ellen\u0151rz\u0151 programj\u00e1nak hamarosan megjelen\u0151 \u00faj verzi\u00f3ja alkalmas lesz arra, hogy a kedvezm\u00e9nyekn\u00e9l m\u00e1r a 2021-es minim\u00e1lb\u00e9r \u00e9s garant\u00e1lt b\u00e9rminimum alapj\u00e1n sz\u00e1moljon &#8211; h\u00edvta fel a figyelmet a Nemzeti Ad\u00f3- \u00e9s V\u00e1mhivatal (NAV) cs\u00fct\u00f6rt\u00f6k\u00f6n megjelent t\u00e1j\u00e9koztat\u00e1s\u00e1ban.<\/p>\n","protected":false},"author":1001006,"featured_media":0,"comment_status":"closed","ping_status":"open","sticky":false,"template":"","format":"standard","meta":[],"categories":[20,19],"tags":[],"_links":{"self":[{"href":"https:\/\/gazdasagportal.hu\/index.php\/wp-json\/wp\/v2\/posts\/133008"}],"collection":[{"href":"https:\/\/gazdasagportal.hu\/index.php\/wp-json\/wp\/v2\/posts"}],"about":[{"href":"https:\/\/gazdasagportal.hu\/index.php\/wp-json\/wp\/v2\/types\/post"}],"author":[{"embeddable":true,"href":"https:\/\/gazdasagportal.hu\/index.php\/wp-json\/wp\/v2\/users\/1001006"}],"replies":[{"embeddable":true,"href":"https:\/\/gazdasagportal.hu\/index.php\/wp-json\/wp\/v2\/comments?post=133008"}],"version-history":[{"count":1,"href":"https:\/\/gazdasagportal.hu\/index.php\/wp-json\/wp\/v2\/posts\/133008\/revisions"}],"predecessor-version":[{"id":133009,"href":"https:\/\/gazdasagportal.hu\/index.php\/wp-json\/wp\/v2\/posts\/133008\/revisions\/133009"}],"wp:attachment":[{"href":"https:\/\/gazdasagportal.hu\/index.php\/wp-json\/wp\/v2\/media?parent=133008"}],"wp:term":[{"taxonomy":"category","embeddable":true,"href":"https:\/\/gazdasagportal.hu\/index.php\/wp-json\/wp\/v2\/categories?post=133008"},{"taxonomy":"post_tag","embeddable":true,"href":"https:\/\/gazdasagportal.hu\/index.php\/wp-json\/wp\/v2\/tags?post=133008"}],"curies":[{"name":"wp","href":"https:\/\/api.w.org\/{rel}","templated":true}]}}