{"id":133002,"date":"2021-02-04T09:55:42","date_gmt":"2021-02-04T08:55:42","guid":{"rendered":"http:\/\/gazdasagportal.hu\/?p=133002"},"modified":"2021-02-04T09:55:42","modified_gmt":"2021-02-04T08:55:42","slug":"tozsdere-viszi-teherautogyarto-reszleget-a-daimler","status":"publish","type":"post","link":"https:\/\/gazdasagportal.hu\/index.php\/tozsdere-viszi-teherautogyarto-reszleget-a-daimler\/","title":{"rendered":"T\u0151zsd\u00e9re viszi teheraut\u00f3gy\u00e1rt\u00f3 r\u00e9szleg\u00e9t a Daimler"},"content":{"rendered":"<p><strong>Lev\u00e1lasztja \u00e9s \u00f6n\u00e1ll\u00f3 v\u00e1llalatk\u00e9nt a frankfurti t\u0151zsd\u00e9re viszi haszong\u00e9pj\u00e1rm\u0171-gy\u00e1rt\u00f3 \u00e9rdekelts\u00e9g\u00e9t a Daimler n\u00e9met aut\u00f3gy\u00e1rt\u00f3 v\u00e1llalat m\u00e9g az idei \u00e9vben.<\/strong><!--more--><\/p>\n<div class=\"ads-in-post1\"><div id=\"gazdasagportal.hu_fullbanner_wideboard\"><\/div>\r\n<\/div>\n<p>A stuttgarti sz\u00e9khely\u0171 v\u00e1llalat szerd\u00e1n kiadott k\u00f6zlem\u00e9ny\u00e9ben meger\u0151s\u00edtette, hogy a teheraut\u00f3kat \u00e9s aut\u00f3buszokat gy\u00e1rt\u00f3 \u00fczlet\u00e1g\u00e1t (Daimler Truck) \u00f6n\u00e1ll\u00f3 v\u00e1llalatt\u00e1 alak\u00edtja \u00e1t, f\u00fcggetlen menedzsmenttel, v\u00e1llalatir\u00e1ny\u00edt\u00e1ssal, ide\u00e9rtve egy f\u00fcggetlen fel\u00fcgyel\u0151bizotts\u00e1gi eln\u00f6k\u00f6t. A c\u00e9l az, hogy a Daimler Trucks megfeleljen a DAX-index kosar\u00e1t alkot\u00f3 v\u00e1llalatok sz\u00e1m\u00e1ra el\u0151\u00edrt felt\u00e9teleknek.<br \/>\nA Daimler kett\u00e9v\u00e1laszt\u00e1sa \u00e9s a Daimler Truck r\u00e9szv\u00e9nyeinek a frankfurti t\u0151zsd\u00e9re val\u00f3 bevezet\u00e9se 2021 v\u00e9g\u00e9ig befejez\u0151dik a tervek szerint. A teheraut\u00f3k \u00e9s aut\u00f3buszok gy\u00e1rt\u00e1s\u00e1nak lev\u00e1laszt\u00e1s\u00e1val megmarad\u00f3 \u00fczlet\u00e1g, a pr\u00e9mium kateg\u00f3ri\u00e1s szem\u00e9lyaut\u00f3kra \u00e9s a minibuszokra koncentr\u00e1l\u00f3 v\u00e1llalatot id\u0151vel \u00e1tnevezik Mercedes-Benzre.<br \/>\nA Daimler szerkezeti \u00e1talak\u00edt\u00e1s\u00e1val az a c\u00e9l, hogy teljes m\u00e9rt\u00e9kben kiakn\u00e1zz\u00e1k a j\u00f6v\u0151beni \u00fczleti lehet\u0151s\u00e9geket, amelyeket a z\u00e9r\u00f3 emisszi\u00f3, azaz az aut\u00f3k z\u00e9r\u00f3 k\u00e1rosanyag-kibocs\u00e1t\u00e1sa \u00e9s az \u00f6nvezet\u0151 technol\u00f3gi\u00e1k piac\u00e1nak fejl\u0151d\u00e9se hat\u00e1roz meg.<br \/>\nM\u00e1r decemberben felr\u00f6ppentek azok a h\u00edrek, miszerint a Daimler a haszong\u00e9pj\u00e1rm\u0171-gy\u00e1rt\u00f3 \u00e9rdekelts\u00e9g lev\u00e1laszt\u00e1s\u00e1r\u00f3l gondolkodik, miut\u00e1n a koronav\u00edrus-v\u00e1ls\u00e1g er\u0151sen megterhelte a teheraut\u00f3- \u00e9s aut\u00f3buszgy\u00e1rt\u00e1st. A tavalyi els\u0151 kilenc h\u00f3napban mind a darabsz\u00e1m szerinti \u00e9rt\u00e9kes\u00edt\u00e9s, mind a bev\u00e9tel er\u0151sen visszaesett, az \u00fczemi eredm\u00e9ny az el\u0151z\u0151 \u00e9vi egy sz\u00e1zal\u00e9k\u00e1ra, 32 milli\u00f3 eur\u00f3ra zuhant.<br \/>\n<div class=\"ads-in-post2\"><script async src=\"https:\/\/pagead2.googlesyndication.com\/pagead\/js\/adsbygoogle.js\"><\/script>\r\n<ins class=\"adsbygoogle\"\r\n     style=\"display:block\"\r\n     data-ad-format=\"fluid\"\r\n     data-ad-layout-key=\"-6t+ed+2i-1n-4w\"\r\n     data-ad-client=\"ca-pub-1959107119989764\"\r\n     data-ad-slot=\"4008251320\"><\/ins>\r\n<script>\r\n     (adsbygoogle = window.adsbygoogle || []).push({});\r\n<\/script><\/div>\nA napokban k\u00f6z\u00f6lt el\u0151zetes adatok szerint a Daimler csoport kamatok \u00e9s ad\u00f3z\u00e1s el\u0151tti eredm\u00e9nye (EBIT) 6,6 milli\u00e1rd eur\u00f3 volt, ami kedvez\u0151bb az elemz\u0151k \u00e1ltal v\u00e1rt 5,24 milli\u00e1rdn\u00e1l. A Mercedes-Benz szem\u00e9lyaut\u00f3k \u00e9s minibuszok 5,17 milli\u00e1rd eur\u00f3, a teheraut\u00f3- \u00e9s az aut\u00f3buszgy\u00e1rt\u00f3 \u00fczlet\u00e1g viszont csak 525 milli\u00f3 eur\u00f3 kamatok \u00e9s ad\u00f3z\u00e1s el\u0151tti eredm\u00e9nyt tudott felmutatni. A r\u00e9szletes negyedik negyed\u00e9ves \u00e9s \u00e9ves adatokat febru\u00e1r 18-\u00e1n teszi k\u00f6zz\u00e9 a v\u00e1llalat.<br \/>\nA Daimler-r\u00e9szv\u00e9nyek szerd\u00e1n 8,91 sz\u00e1zal\u00e9kos pluszban z\u00e1rtak a frankfurti t\u0151zsd\u00e9n, cs\u00fct\u00f6rt\u00f6k d\u00e9lel\u0151tt pedig 2,71 sz\u00e1zal\u00e9kos nyeres\u00e9gben, 65,76 eur\u00f3n forogtak a pap\u00edrok. Az egy \u00e9vvel ezel\u0151tt szinthez k\u00e9pest t\u00f6bb mint 50 sz\u00e1zal\u00e9kkal magasabb az \u00e1rfolyam.(MTI)<\/p>\n<p>&nbsp;<\/p><div id=\"gazda-1054767646\" class=\"gazda-tartalomban gazda-entity-placement\"><script async src=\"https:\/\/pagead2.googlesyndication.com\/pagead\/js\/adsbygoogle.js\"><\/script>\r\n<ins class=\"adsbygoogle\"\r\n     style=\"display:block\"\r\n     data-ad-format=\"fluid\"\r\n     data-ad-layout-key=\"-6t+ed+2i-1n-4w\"\r\n     data-ad-client=\"ca-pub-1959107119989764\"\r\n     data-ad-slot=\"4008251320\"><\/ins>\r\n<script>\r\n     (adsbygoogle = window.adsbygoogle || []).push({});\r\n<\/script><\/div>\n","protected":false},"excerpt":{"rendered":"<p>Lev\u00e1lasztja \u00e9s \u00f6n\u00e1ll\u00f3 v\u00e1llalatk\u00e9nt a frankfurti t\u0151zsd\u00e9re viszi haszong\u00e9pj\u00e1rm\u0171-gy\u00e1rt\u00f3 \u00e9rdekelts\u00e9g\u00e9t a Daimler n\u00e9met aut\u00f3gy\u00e1rt\u00f3 v\u00e1llalat m\u00e9g az idei \u00e9vben.<\/p>\n","protected":false},"author":1,"featured_media":0,"comment_status":"closed","ping_status":"open","sticky":false,"template":"","format":"standard","meta":[],"categories":[8],"tags":[],"_links":{"self":[{"href":"https:\/\/gazdasagportal.hu\/index.php\/wp-json\/wp\/v2\/posts\/133002"}],"collection":[{"href":"https:\/\/gazdasagportal.hu\/index.php\/wp-json\/wp\/v2\/posts"}],"about":[{"href":"https:\/\/gazdasagportal.hu\/index.php\/wp-json\/wp\/v2\/types\/post"}],"author":[{"embeddable":true,"href":"https:\/\/gazdasagportal.hu\/index.php\/wp-json\/wp\/v2\/users\/1"}],"replies":[{"embeddable":true,"href":"https:\/\/gazdasagportal.hu\/index.php\/wp-json\/wp\/v2\/comments?post=133002"}],"version-history":[{"count":1,"href":"https:\/\/gazdasagportal.hu\/index.php\/wp-json\/wp\/v2\/posts\/133002\/revisions"}],"predecessor-version":[{"id":133003,"href":"https:\/\/gazdasagportal.hu\/index.php\/wp-json\/wp\/v2\/posts\/133002\/revisions\/133003"}],"wp:attachment":[{"href":"https:\/\/gazdasagportal.hu\/index.php\/wp-json\/wp\/v2\/media?parent=133002"}],"wp:term":[{"taxonomy":"category","embeddable":true,"href":"https:\/\/gazdasagportal.hu\/index.php\/wp-json\/wp\/v2\/categories?post=133002"},{"taxonomy":"post_tag","embeddable":true,"href":"https:\/\/gazdasagportal.hu\/index.php\/wp-json\/wp\/v2\/tags?post=133002"}],"curies":[{"name":"wp","href":"https:\/\/api.w.org\/{rel}","templated":true}]}}