{"id":132878,"date":"2021-01-29T15:10:32","date_gmt":"2021-01-29T14:10:32","guid":{"rendered":"http:\/\/gazdasagportal.hu\/?p=132878"},"modified":"2021-01-29T15:10:32","modified_gmt":"2021-01-29T14:10:32","slug":"az-audi-hungaria-visszater-a-harom-muszakos-munkarendre","status":"publish","type":"post","link":"https:\/\/gazdasagportal.hu\/index.php\/az-audi-hungaria-visszater-a-harom-muszakos-munkarendre\/","title":{"rendered":"Az Audi Hungaria visszat\u00e9r a h\u00e1rom m\u0171szakos munkarendre"},"content":{"rendered":"<p><strong>Ism\u00e9t h\u00e1rom m\u0171szakos munkarendben termel h\u00e9tf\u0151t\u0151l az Audi Hungaria Zrt., visszat\u00e9rve az egy m\u0171szakr\u00f3l, amelyet a f\u00e9lvezet\u0151 alkatr\u00e9szell\u00e1t\u00e1s akadoz\u00e1sa miatti \u00e1tmeneti termel\u00e9scs\u00f6kkent\u00e9s tett sz\u00fcks\u00e9gess\u00e9 &#8211; k\u00f6z\u00f6lte a gy\u0151ri sz\u00e9khely\u0171 aut\u00f3ipari v\u00e1llalat kommunik\u00e1ci\u00f3s vezet\u0151je az MTI \u00e9rdekl\u0151d\u00e9s\u00e9re.<\/strong><!--more--><\/p>\n<div class=\"ads-in-post1\"><div id=\"gazdasagportal.hu_fullbanner_wideboard\"><\/div>\r\n<\/div>\n<p>    Czechmeister M\u00f3nika felid\u00e9zte, hogy a f\u00e9lvezet\u0151k ir\u00e1nti ig\u00e9nyek az elm\u00falt id\u0151szakban vil\u00e1gszerte olyan m\u00e9rt\u00e9kben n\u00f6vekedtek, amely az alkatr\u00e9szsz\u00e1ll\u00edt\u00e1sok kies\u00e9s\u00e9t vagy jelent\u0151s k\u00e9s\u00e9s\u00e9t okozta.<br \/>\n    Ez hat\u00e1st gyakorolt a vil\u00e1gszerte m\u0171k\u00f6d\u0151 aut\u00f3gy\u00e1rak, \u00edgy az Audi Hungaria m\u0171k\u00f6d\u00e9s\u00e9re is: a fennakad\u00e1sok miatt janu\u00e1r 18-t\u00f3l egy m\u0171szakos munkarendet vezettek be a j\u00e1rm\u0171gy\u00e1rt\u00e1sban.<br \/>\n    &#8222;A motorgy\u00e1rt\u00e1s alapvet\u0151en a norm\u00e1l termel\u00e9si rend szerint dolgozott, de \u00e1tmeneti cs\u00f6kkentett termel\u00e9s, r\u00e9szleges m\u0171szaklemond\u00e1sokkal el\u0151fordult&#8221; &#8211; mondta.<br \/>\n    Hangs\u00falyozta, hogy az alkatr\u00e9szell\u00e1t\u00e1s bizonytalans\u00e1gait a j\u00f6v\u0151ben sem tudj\u00e1k kiz\u00e1rni, ugyanakkor ennek a termel\u00e9sre gyakorolt hat\u00e1sait igyekeznek minimaliz\u00e1lni. A konszernnel k\u00f6z\u00f6sen figyelik \u00e9s elemezik a folyamatosan v\u00e1ltoz\u00f3 keretfelt\u00e9teleket.<br \/>\n    Kiemelte, hogy a j\u00e1rm\u0171gy\u00e1rt\u00e1s rendel\u00e9s\u00e1llom\u00e1nya &#8222;rendk\u00edv\u00fcl j\u00f3&#8221;, teljes kapacit\u00e1ssal dolgoznak, hogy teljes\u00edteni tudj\u00e1k vev\u0151ik megrendel\u00e9seit. Ennek \u00e9rdek\u00e9ben a heti \u00f6t napos gy\u00e1rt\u00e1s esetenk\u00e9nt szombati termel\u00e9ssel is kieg\u00e9sz\u00fcl a k\u00f6vetkez\u0151 id\u0151szakban, ezzel p\u00e1rhuzamosan a motorgy\u00e1rt\u00e1sban is a tervek szerinti munkarendben dolgoznak.<br \/>\n<div class=\"ads-in-post2\"><script async src=\"https:\/\/pagead2.googlesyndication.com\/pagead\/js\/adsbygoogle.js\"><\/script>\r\n<ins class=\"adsbygoogle\"\r\n     style=\"display:block\"\r\n     data-ad-format=\"fluid\"\r\n     data-ad-layout-key=\"-6t+ed+2i-1n-4w\"\r\n     data-ad-client=\"ca-pub-1959107119989764\"\r\n     data-ad-slot=\"4008251320\"><\/ins>\r\n<script>\r\n     (adsbygoogle = window.adsbygoogle || []).push({});\r\n<\/script><\/div>\n    A gy\u0151ri sz\u00e9khely\u0171 Audi Hungaria Zrt. az Audi konszern tagja, az Audi \u00e9s a Volkswagen konszern k\u00f6zponti motorsz\u00e1ll\u00edt\u00f3ja.<br \/>\n    A v\u00e1llalat gy\u00e1rt\u00e1si eredm\u00e9nye cs\u00f6kkent tavaly 2019-hez k\u00e9pest, a gy\u0151ri \u00fczemben 1 milli\u00f3 661 ezer 599 motort gy\u00e1rtottak 2020-ban, 307 143 darabbal kevesebbet, mint 2019-ben. 155 ezer 157 j\u00e1rm\u0171 g\u00f6rd\u00fclt le a gy\u00e1rt\u00f3sorr\u00f3l, 9660 darabbal kevesebb, mint az el\u0151z\u0151 \u00e9vben.(MTI)<\/p>\n","protected":false},"excerpt":{"rendered":"<p>Ism\u00e9t h\u00e1rom m\u0171szakos munkarendben termel h\u00e9tf\u0151t\u0151l az Audi Hungaria Zrt., visszat\u00e9rve az egy m\u0171szakr\u00f3l, amelyet a f\u00e9lvezet\u0151 alkatr\u00e9szell\u00e1t\u00e1s akadoz\u00e1sa miatti \u00e1tmeneti termel\u00e9scs\u00f6kkent\u00e9s tett sz\u00fcks\u00e9gess\u00e9 &#8211; k\u00f6z\u00f6lte a gy\u0151ri sz\u00e9khely\u0171 aut\u00f3ipari v\u00e1llalat kommunik\u00e1ci\u00f3s vezet\u0151je az MTI \u00e9rdekl\u0151d\u00e9s\u00e9re.<\/p>\n","protected":false},"author":1001007,"featured_media":0,"comment_status":"closed","ping_status":"open","sticky":false,"template":"","format":"standard","meta":[],"categories":[19],"tags":[],"_links":{"self":[{"href":"https:\/\/gazdasagportal.hu\/index.php\/wp-json\/wp\/v2\/posts\/132878"}],"collection":[{"href":"https:\/\/gazdasagportal.hu\/index.php\/wp-json\/wp\/v2\/posts"}],"about":[{"href":"https:\/\/gazdasagportal.hu\/index.php\/wp-json\/wp\/v2\/types\/post"}],"author":[{"embeddable":true,"href":"https:\/\/gazdasagportal.hu\/index.php\/wp-json\/wp\/v2\/users\/1001007"}],"replies":[{"embeddable":true,"href":"https:\/\/gazdasagportal.hu\/index.php\/wp-json\/wp\/v2\/comments?post=132878"}],"version-history":[{"count":1,"href":"https:\/\/gazdasagportal.hu\/index.php\/wp-json\/wp\/v2\/posts\/132878\/revisions"}],"predecessor-version":[{"id":132879,"href":"https:\/\/gazdasagportal.hu\/index.php\/wp-json\/wp\/v2\/posts\/132878\/revisions\/132879"}],"wp:attachment":[{"href":"https:\/\/gazdasagportal.hu\/index.php\/wp-json\/wp\/v2\/media?parent=132878"}],"wp:term":[{"taxonomy":"category","embeddable":true,"href":"https:\/\/gazdasagportal.hu\/index.php\/wp-json\/wp\/v2\/categories?post=132878"},{"taxonomy":"post_tag","embeddable":true,"href":"https:\/\/gazdasagportal.hu\/index.php\/wp-json\/wp\/v2\/tags?post=132878"}],"curies":[{"name":"wp","href":"https:\/\/api.w.org\/{rel}","templated":true}]}}