{"id":132874,"date":"2021-01-29T14:07:22","date_gmt":"2021-01-29T13:07:22","guid":{"rendered":"http:\/\/gazdasagportal.hu\/?p=132874"},"modified":"2021-01-29T14:07:22","modified_gmt":"2021-01-29T13:07:22","slug":"koronavirus-lengyelorszag-750-ezer-embert-olthatna-be-marcius-vegeig-az-astrazeneca-vakcinaval","status":"publish","type":"post","link":"https:\/\/gazdasagportal.hu\/index.php\/koronavirus-lengyelorszag-750-ezer-embert-olthatna-be-marcius-vegeig-az-astrazeneca-vakcinaval\/","title":{"rendered":"Koronav\u00edrus &#8211; Lengyelorsz\u00e1g 750 ezer embert olthatna be m\u00e1rcius v\u00e9g\u00e9ig az AstraZeneca-vakcin\u00e1val"},"content":{"rendered":"<p><strong>Lengyelorsz\u00e1g az eur\u00f3pai uni\u00f3s beszerz\u00e9sek keret\u00e9ben \u00f6sszesen 16 milli\u00f3, Covid-19 elleni vakcin\u00e1t rendelt az AstraZeneca gy\u00e1rt\u00f3t\u00f3l, ebb\u0151l 1,5 milli\u00f3 adagot az els\u0151 negyed\u00e9vben kapna meg, ami 750 ezer ember beolt\u00e1s\u00e1hoz elegend\u0151 &#8211; k\u00f6z\u00f6lte p\u00e9nteken a lengyel eg\u00e9szs\u00e9g\u00fcgyi t\u00e1rca sz\u00f3viv\u0151je, Wojciech Andrusiewicz.<\/strong><!--more--><\/p>\n<div class=\"ads-in-post1\"><div id=\"gazdasagportal.hu_fullbanner_wideboard\"><\/div>\r\n<\/div>\n<p>    A sz\u00f3viv\u0151 utalt r\u00e1, hogy az Eur\u00f3pai Gy\u00f3gyszer\u00fcgyn\u00f6ks\u00e9g p\u00e9nteken tart sajt\u00f3konferenci\u00e1t az AstraZeneca \u00e9s az Oxfordi Egyetem k\u00f6z\u00f6s fejleszt\u00e9s\u0171 vakcin\u00e1j\u00e1nak enged\u00e9lyez\u00e9s\u00e9re vonatkoz\u00f3 aj\u00e1nl\u00e1sair\u00f3l.<br \/>\n    A vakcinagy\u00e1rt\u00f3 viszont m\u00falt h\u00e9ten k\u00f6z\u00f6lte, hogy jelent\u0151sen cs\u00f6kkenten\u00e9 az Eur\u00f3pai Bizotts\u00e1ggal k\u00f6t\u00f6tt szerz\u0151d\u00e9s alapj\u00e1n eredetileg tervezett sz\u00e1ll\u00edtm\u00e1nyait az uni\u00f3s tag\u00e1llamoknak.<br \/>\n    Az eddig enged\u00e9lyezett, a Pfizer\/BioNTech \u00e9s a Moderna gy\u00e1rtotta vakcin\u00e1kb\u00f3l Lengyelorsz\u00e1g az uni\u00f3s vakcinabeszerz\u00e9sek keret\u00e9ben tervek szerint az els\u0151 negyed\u00e9v v\u00e9g\u00e9ig 3,1 milli\u00f3 ember beolt\u00e1s\u00e1ra elegend\u0151 d\u00f3zist kaphat.<br \/>\n    Mindk\u00e9t c\u00e9g eset\u00e9ben azonban az ut\u00f3bbi id\u0151ben akadoznak az uni\u00f3s tag\u00e1llamokba, ezen bel\u00fcl Lengyelorsz\u00e1gba ir\u00e1nyul\u00f3 sz\u00e1ll\u00edtm\u00e1nyok.<br \/>\n    Lengyelorsz\u00e1gban a p\u00e9ntek reggel el\u00e9rhet\u0151 adatok szerint k\u00f6zel 1,1 milli\u00f3 olt\u00e1st adtak be december 27-e \u00f3ta.<br \/>\n    Az eg\u00e9szs\u00e9g\u00fcgyi t\u00e1rca p\u00e9nteki k\u00f6zlem\u00e9nye szerint a csaknem 38 milli\u00f3 lakos\u00fa Lengyelorsz\u00e1gban egy nap alatt 6144 \u00faj koronav\u00edrus-fert\u0151z\u00f6ttet regisztr\u00e1ltak, ezzel a j\u00e1rv\u00e1ny kit\u00f6r\u00e9se \u00f3ta kimutatott esetek sz\u00e1ma meghaladta 1,5 milli\u00f3t. Az akt\u00edv betegek sz\u00e1ma hozz\u00e1vet\u0151leg 208,7 ezret tesz ki. A fert\u0151z\u00e9sek napi n\u00f6vekm\u00e9nye az ut\u00f3bbi id\u0151ben stabil.<br \/>\n<div class=\"ads-in-post2\"><script async src=\"https:\/\/pagead2.googlesyndication.com\/pagead\/js\/adsbygoogle.js\"><\/script>\r\n<ins class=\"adsbygoogle\"\r\n     style=\"display:block\"\r\n     data-ad-format=\"fluid\"\r\n     data-ad-layout-key=\"-6t+ed+2i-1n-4w\"\r\n     data-ad-client=\"ca-pub-1959107119989764\"\r\n     data-ad-slot=\"4008251320\"><\/ins>\r\n<script>\r\n     (adsbygoogle = window.adsbygoogle || []).push({});\r\n<\/script><\/div>\n    Kifejezetten a Covid-19 miatt egy nap alatt 65, a Covid-19 \u00e9s m\u00e1s betegs\u00e9gek egy\u00fcttes megl\u00e9te miatt 271 ember hunyt el.<br \/>\n    A lengyel korm\u00e1ny cs\u00fct\u00f6rt\u00f6k\u00f6n febru\u00e1r 14-ig meghosszabb\u00edtotta a j\u00e1rv\u00e1ny miatt \u00e9letbe l\u00e9ptetett korl\u00e1toz\u00e1sok t\u00f6bbs\u00e9g\u00e9t, de febru\u00e1r 1-j\u00e9t\u0151l enged\u00e9lyezte a bev\u00e1s\u00e1rl\u00f3k\u00f6zpontok \u00e9s kultur\u00e1lis l\u00e9tes\u00edtm\u00e9nyek \u00fajranyit\u00e1s\u00e1t, valamint t\u00f6r\u00f6lte az id\u0151sek v\u00e1s\u00e1rl\u00e1si s\u00e1vj\u00e1t.(MTI)<\/p>\n","protected":false},"excerpt":{"rendered":"<p>Lengyelorsz\u00e1g az eur\u00f3pai uni\u00f3s beszerz\u00e9sek keret\u00e9ben \u00f6sszesen 16 milli\u00f3, Covid-19 elleni vakcin\u00e1t rendelt az AstraZeneca gy\u00e1rt\u00f3t\u00f3l, ebb\u0151l 1,5 milli\u00f3 adagot az els\u0151 negyed\u00e9vben kapna meg, ami 750 ezer ember beolt\u00e1s\u00e1hoz elegend\u0151 &#8211; k\u00f6z\u00f6lte p\u00e9nteken a lengyel eg\u00e9szs\u00e9g\u00fcgyi t\u00e1rca sz\u00f3viv\u0151je, Wojciech Andrusiewicz.<\/p>\n","protected":false},"author":1001007,"featured_media":0,"comment_status":"closed","ping_status":"open","sticky":false,"template":"","format":"standard","meta":[],"categories":[12,427],"tags":[],"_links":{"self":[{"href":"https:\/\/gazdasagportal.hu\/index.php\/wp-json\/wp\/v2\/posts\/132874"}],"collection":[{"href":"https:\/\/gazdasagportal.hu\/index.php\/wp-json\/wp\/v2\/posts"}],"about":[{"href":"https:\/\/gazdasagportal.hu\/index.php\/wp-json\/wp\/v2\/types\/post"}],"author":[{"embeddable":true,"href":"https:\/\/gazdasagportal.hu\/index.php\/wp-json\/wp\/v2\/users\/1001007"}],"replies":[{"embeddable":true,"href":"https:\/\/gazdasagportal.hu\/index.php\/wp-json\/wp\/v2\/comments?post=132874"}],"version-history":[{"count":1,"href":"https:\/\/gazdasagportal.hu\/index.php\/wp-json\/wp\/v2\/posts\/132874\/revisions"}],"predecessor-version":[{"id":132875,"href":"https:\/\/gazdasagportal.hu\/index.php\/wp-json\/wp\/v2\/posts\/132874\/revisions\/132875"}],"wp:attachment":[{"href":"https:\/\/gazdasagportal.hu\/index.php\/wp-json\/wp\/v2\/media?parent=132874"}],"wp:term":[{"taxonomy":"category","embeddable":true,"href":"https:\/\/gazdasagportal.hu\/index.php\/wp-json\/wp\/v2\/categories?post=132874"},{"taxonomy":"post_tag","embeddable":true,"href":"https:\/\/gazdasagportal.hu\/index.php\/wp-json\/wp\/v2\/tags?post=132874"}],"curies":[{"name":"wp","href":"https:\/\/api.w.org\/{rel}","templated":true}]}}