{"id":132810,"date":"2021-01-27T12:13:01","date_gmt":"2021-01-27T11:13:01","guid":{"rendered":"http:\/\/gazdasagportal.hu\/?p=132810"},"modified":"2021-01-27T12:13:01","modified_gmt":"2021-01-27T11:13:01","slug":"gfk-romlott-a-fogyasztoi-hangulat-nemetorszagban","status":"publish","type":"post","link":"https:\/\/gazdasagportal.hu\/index.php\/gfk-romlott-a-fogyasztoi-hangulat-nemetorszagban\/","title":{"rendered":"GfK: romlott a fogyaszt\u00f3i hangulat N\u00e9metorsz\u00e1gban"},"content":{"rendered":"<p><strong>A koronav\u00edrus-j\u00e1rv\u00e1ny terjed\u00e9s\u00e9t f\u00e9kez\u0151 korl\u00e1toz\u00e1sok miatt romlott a n\u00e9met fogyaszt\u00f3k hangulata janu\u00e1rban, m\u00e1r a negyedik egym\u00e1st k\u00f6vet\u0151 h\u00f3napban a GfK n\u00fcrnbergi gazdas\u00e1gkutat\u00f3 int\u00e9zet kedden k\u00f6z\u00f6lt felm\u00e9r\u00e9s\u00e9nek tan\u00fas\u00e1ga szerint.<\/strong><!--more--><\/p>\n<div class=\"ads-in-post1\"><div id=\"gazdasagportal.hu_fullbanner_wideboard\"><\/div>\r\n<\/div>\n<p>    A ny\u00e1ri h\u00f3napok er\u0151teljes javul\u00e1sa ut\u00e1n \u0151sszel megt\u00f6rt az emelked\u0151 dinamika \u00e9s \u00e9rz\u00e9kelhet\u0151 cs\u00f6kken\u00e9sre v\u00e1ltott a Gfk fogyaszt\u00f3i hangulatindexe. A j\u00e1rv\u00e1ny miatt \u00fajra bevezetett szigor\u00fa z\u00e1rlat s\u00falyos csap\u00e1st m\u00e9rt a fogyaszt\u00f3k hangulat\u00e1ra, a v\u00e1s\u00e1rl\u00e1si hajland\u00f3s\u00e1g szabades\u00e9sre v\u00e1ltott, m\u00edg a gazdas\u00e1gi \u00e9s j\u00f6vedelmi v\u00e1rakoz\u00e1sok m\u00e9rs\u00e9kelten cs\u00f6kkentek.<br \/>\n    Az int\u00e9zet el\u0151rejelz\u00e9se szerint a janu\u00e1ri m\u00ednusz 7,5 pontr\u00f3l m\u00ednusz 15,6 pontra s\u00fcllyed a hangulatindex febru\u00e1rban, ami tavaly j\u00fanius \u00f3ta a legalacsonyabb \u00e9rt\u00e9k. Elemz\u0151k enn\u00e9l j\u00f3val kisebb cs\u00f6kken\u00e9ssel, m\u00ednusz 7,9 ponttal sz\u00e1moltak febru\u00e1rra. Egy \u00e9vvel ezel\u0151tt, tavaly janu\u00e1rban 9,7 ponton \u00e1llt a hangulatindex \u00e9rt\u00e9ke.<br \/>\n    A Gfk metodik\u00e1ja szerint a hangulatindex nulla pont feletti \u00e9rt\u00e9ke azt jelzi, hogy a fogyaszt\u00e1s \u00e9ves \u00f6sszevet\u00e9sben emelkedik, a nulla pont alatti \u00e9rt\u00e9k pedig cs\u00f6kken\u00e9st mutat. A h\u00e1ztart\u00e1sok fogyaszt\u00e1s\u00e1ban \u00e9ves szinten 0,1 sz\u00e1zal\u00e9kos v\u00e1ltoz\u00e1st jelez minden egyes pont.<br \/>\n    A koronav\u00edrus-j\u00e1rv\u00e1ny m\u00e1sodik hull\u00e1ma tavaly \u0151sszel kezd\u0151d\u00f6tt el. A korm\u00e1ny december 16-\u00e1n vezette be a t\u00e1rsadalmi \u00e9s gazdas\u00e1gi \u00e9let legt\u00f6bb ter\u00fclet\u00e9t befagyaszt\u00f3 z\u00e1rlatot. Csak az alapvet\u0151 \u00e1rucikkeket forgalmaz\u00f3 boltok tartanak nyitva, \u00e9s munk\u00e1ba csak azok j\u00e1rhatnak, akiknek otthoni munkav\u00e9gz\u00e9se nem megoldhat\u00f3. A korl\u00e1toz\u00e1sok egyel\u0151re febru\u00e1r 14-ig \u00e9rv\u00e9nyesek.<br \/>\n    Rolf B\u00fcrkl, a GfK kutat\u00f3ja az adatokat komment\u00e1lva r\u00e1mutatott, hogy a fogyaszt\u00f3k hangulat\u00e1t neh\u00e9z kih\u00edv\u00e1sok terhelik az els\u0151 negyed\u00e9vben. Ahhoz, hogy tart\u00f3san helyre\u00e1lljon a bizalom, a fert\u0151z\u00e9si ar\u00e1nynak a mostanin\u00e1l nagyobb m\u00e9rt\u00e9kben kell cs\u00f6kkennie, mert csak akkor lehet jelent\u0151sen laz\u00edtani a j\u00e1rv\u00e1nyellenes int\u00e9zked\u00e9seket &#8211; hangoztatta, hozz\u00e1t\u00e9ve, hogy mindez azt jelenti, hogy m\u00e9g v\u00e1rni kell egy ideig a fellend\u00fcl\u00e9sre.<br \/>\n    A kiskereskedelmi szektor nagy r\u00e9sz\u00e9nek bez\u00e1r\u00e1sa a tavasszal elrendelt els\u0151 z\u00e1rlathoz hasonl\u00f3 k\u00e1ros hat\u00e1st gyakorolt a fogyaszt\u00f3i kiad\u00e1sokra. B\u00e1r a fogyaszt\u00f3k v\u00e1s\u00e1rl\u00e1si hajland\u00f3s\u00e1ga decemberben m\u00e9g elfogadhat\u00f3 szinten \u00e1llt, janu\u00e1rban m\u00e1r drasztikusan romlott. A v\u00e1s\u00e1rl\u00e1si hajland\u00f3s\u00e1got sz\u00e1mszer\u0171s\u00edt\u0151 mutat\u00f3 \u00e9rt\u00e9ke nulla pontra zuhant a decemberi 36,6 pontr\u00f3l, szinte el\u00e9rhetetlen t\u00e1vols\u00e1gba ker\u00fclt az egy \u00e9vvel kor\u00e1bbi 55,5 pontt\u00f3l.<br \/>\n<div class=\"ads-in-post2\"><script async src=\"https:\/\/pagead2.googlesyndication.com\/pagead\/js\/adsbygoogle.js\"><\/script>\r\n<ins class=\"adsbygoogle\"\r\n     style=\"display:block\"\r\n     data-ad-format=\"fluid\"\r\n     data-ad-layout-key=\"-6t+ed+2i-1n-4w\"\r\n     data-ad-client=\"ca-pub-1959107119989764\"\r\n     data-ad-slot=\"4008251320\"><\/ins>\r\n<script>\r\n     (adsbygoogle = window.adsbygoogle || []).push({});\r\n<\/script><\/div>\n    A gazdas\u00e1gi kil\u00e1t\u00e1sok meg\u00edt\u00e9l\u00e9se viszont csak enyh\u00e9n romlott janu\u00e1rban. A fogyaszt\u00f3k gazdas\u00e1gi kil\u00e1t\u00e1sokr\u00f3l alkotott v\u00e9lem\u00e9ny\u00e9t sz\u00e1mszer\u0171s\u00edt\u0151 mutat\u00f3 3,1 ponttal, 1,3 pontra s\u00fcllyedt, de \u00e9rt\u00e9ke m\u00e9g \u00edgy is meghaladja a tavaly janu\u00e1ri m\u00ednusz 3,7 pontot. A kedvez\u0151 trend annak k\u00f6sz\u00f6nhet\u0151, hogy a munkaer\u0151piaci helyzet stabil maradt a m\u00e9ly recesszi\u00f3 ellen\u00e9re, \u00e9s a n\u00e9met gazdas\u00e1g egyik pill\u00e9r\u00e9t k\u00e9pez\u0151 feldolgoz\u00f3ipart nem \u00e9rintett\u00e9k a korl\u00e1toz\u00e1sok.<br \/>\n    A j\u00f6vedelmi v\u00e1rakoz\u00e1sok a negyedik egym\u00e1st k\u00f6vet\u0151 h\u00f3napban m\u00e9rs\u00e9kl\u0151dtek. A v\u00e1rakoz\u00e1sokat sz\u00e1mszer\u0171s\u00edt\u0151 alindex 6,5 ponttal, m\u00ednusz 2,9 pontra s\u00fcllyedt janu\u00e1rban, nagyon messze \u00e1ll az egy \u00e9vvel kor\u00e1bbi 44,6 pontos \u00e9rt\u00e9kt\u0151l. A szigor\u00fa z\u00e1rlat meghosszabb\u00edt\u00e1sa m\u00e9g val\u00f3sz\u00edn\u0171bb\u00e9 tette, hogy a j\u00e1rv\u00e1ny s\u00fajtotta ipar\u00e1gakon cs\u0151dhull\u00e1m s\u00f6p\u00f6r v\u00e9gig. Ez pedig sz\u00edtja a munkan\u00e9lk\u00fclis\u00e9gt\u0151l val\u00f3 f\u00e9lelmeket, k\u00f6vetkez\u00e9sk\u00e9ppen rontja a j\u00f6vedelmi v\u00e1rakoz\u00e1sokat.<br \/>\n    A felm\u00e9r\u00e9s adatait janu\u00e1r 7. \u00e9s 18. k\u00f6z\u00f6tt gy\u0171jt\u00f6tt\u00e9k \u00f6ssze mintegy k\u00e9tezer fogyaszt\u00f3 megk\u00e9rdez\u00e9s\u00e9vel.(MTI)<\/p>\n","protected":false},"excerpt":{"rendered":"<p>A koronav\u00edrus-j\u00e1rv\u00e1ny terjed\u00e9s\u00e9t f\u00e9kez\u0151 korl\u00e1toz\u00e1sok miatt romlott a n\u00e9met fogyaszt\u00f3k hangulata janu\u00e1rban, m\u00e1r a negyedik egym\u00e1st k\u00f6vet\u0151 h\u00f3napban a GfK n\u00fcrnbergi gazdas\u00e1gkutat\u00f3 int\u00e9zet kedden k\u00f6z\u00f6lt felm\u00e9r\u00e9s\u00e9nek tan\u00fas\u00e1ga szerint.<\/p>\n","protected":false},"author":1001007,"featured_media":0,"comment_status":"closed","ping_status":"open","sticky":false,"template":"","format":"standard","meta":[],"categories":[12,246],"tags":[],"_links":{"self":[{"href":"https:\/\/gazdasagportal.hu\/index.php\/wp-json\/wp\/v2\/posts\/132810"}],"collection":[{"href":"https:\/\/gazdasagportal.hu\/index.php\/wp-json\/wp\/v2\/posts"}],"about":[{"href":"https:\/\/gazdasagportal.hu\/index.php\/wp-json\/wp\/v2\/types\/post"}],"author":[{"embeddable":true,"href":"https:\/\/gazdasagportal.hu\/index.php\/wp-json\/wp\/v2\/users\/1001007"}],"replies":[{"embeddable":true,"href":"https:\/\/gazdasagportal.hu\/index.php\/wp-json\/wp\/v2\/comments?post=132810"}],"version-history":[{"count":1,"href":"https:\/\/gazdasagportal.hu\/index.php\/wp-json\/wp\/v2\/posts\/132810\/revisions"}],"predecessor-version":[{"id":132811,"href":"https:\/\/gazdasagportal.hu\/index.php\/wp-json\/wp\/v2\/posts\/132810\/revisions\/132811"}],"wp:attachment":[{"href":"https:\/\/gazdasagportal.hu\/index.php\/wp-json\/wp\/v2\/media?parent=132810"}],"wp:term":[{"taxonomy":"category","embeddable":true,"href":"https:\/\/gazdasagportal.hu\/index.php\/wp-json\/wp\/v2\/categories?post=132810"},{"taxonomy":"post_tag","embeddable":true,"href":"https:\/\/gazdasagportal.hu\/index.php\/wp-json\/wp\/v2\/tags?post=132810"}],"curies":[{"name":"wp","href":"https:\/\/api.w.org\/{rel}","templated":true}]}}