{"id":132806,"date":"2021-01-27T10:04:58","date_gmt":"2021-01-27T09:04:58","guid":{"rendered":"http:\/\/gazdasagportal.hu\/?p=132806"},"modified":"2021-01-27T10:04:58","modified_gmt":"2021-01-27T09:04:58","slug":"koronavirus-meghalt-85-beteg-1004-gyel-nott-a-fertozottek-szama-magyarorszagon","status":"publish","type":"post","link":"https:\/\/gazdasagportal.hu\/index.php\/koronavirus-meghalt-85-beteg-1004-gyel-nott-a-fertozottek-szama-magyarorszagon\/","title":{"rendered":"Koronav\u00edrus &#8211; Meghalt 85 beteg, 1004-gyel n\u0151tt a fert\u0151z\u00f6ttek sz\u00e1ma Magyarorsz\u00e1gon"},"content":{"rendered":"<p><strong>Meghalt 85, t\u00f6bbs\u00e9g\u00e9ben id\u0151s, kr\u00f3nikus beteg, \u00e9s \u00fajabb 1004 magyar \u00e1llampolg\u00e1rn\u00e1l mutatt\u00e1k ki a koronav\u00edrus-fert\u0151z\u00e9st Magyarorsz\u00e1gon &#8211; k\u00f6z\u00f6lte a koronavirus.gov.hu szerd\u00e1n.<\/strong><!--more--><\/p>\n<div class=\"ads-in-post1\"><div id=\"gazdasagportal.hu_fullbanner_wideboard\"><\/div>\r\n<\/div>\n<p>    A korm\u00e1nyzati port\u00e1lon azt \u00edrt\u00e1k: 361 881-re n\u0151tt a Magyarorsz\u00e1gon azonos\u00edtott fert\u0151z\u00f6ttek sz\u00e1ma. Az elhunytak\u00e9 12 198-ra emelkedett, a gy\u00f3gyultak sz\u00e1ma 246 596.<br \/>\n    Az akt\u00edv fert\u0151z\u00f6ttek sz\u00e1ma 103 087-re cs\u00f6kkent. K\u00f3rh\u00e1zban 3809 koronav\u00edrusos beteget \u00e1polnak, k\u00f6z\u00fcl\u00fck 255-en vannak l\u00e9legeztet\u0151g\u00e9pen.<br \/>\n    Hat\u00f3s\u00e1gi h\u00e1zi karant\u00e9nban 17 834-en vannak, a mintav\u00e9telek sz\u00e1ma 3 084 716-ra n\u0151tt.<br \/>\n    Kiemelt\u00e9k: eddig 152 704 embert oltottak be, k\u00f6z\u00fcl\u00fck 17 772-en m\u00e1r a m\u00e1sodik olt\u00e1st is megkapt\u00e1k.<br \/>\n    Az olt\u00e1si rendben az eg\u00e9szs\u00e9g\u00fcgyi dolgoz\u00f3k az els\u0151k, kamp\u00e1nyszer\u0171 olt\u00e1suk egy h\u00f3napja tart, \u00e9s lassan lez\u00e1rul. A m\u00e1sodik k\u00f6rben az id\u0151sotthonok lak\u00f3inak \u00e9s dolgoz\u00f3inak olt\u00e1sa kezd\u0151d\u00f6tt meg, \u00e9s az olt\u00e1s a k\u00f6vetkez\u0151 id\u0151szakban enn\u00e9l a k\u00f6rn\u00e9l folytat\u00f3dik. Ezut\u00e1n pedig a v\u00e9d\u0151olt\u00e1sra jelentkez\u0151 89 \u00e9v felettiek k\u00f6vetkeznek &#8211; tudatt\u00e1k.<br \/>\n    A v\u00e9d\u0151olt\u00e1s ingyenes \u00e9s \u00f6nk\u00e9ntes, \u00edgy mindenk\u00e9ppen \u00e9rdemes regisztr\u00e1lni &#8211; \u00edrt\u00e1k, hozz\u00e1t\u00e9ve: a v\u00e9d\u0151olt\u00e1sra m\u00e1r t\u00f6bb mint 1,7 milli\u00f3an regisztr\u00e1ltak a www.vakcinainfo.gov.hu honlapon. Az olt\u00e1si munkacsoport felk\u00e9sz\u00fclt a t\u00f6meges olt\u00e1sokra is, ha \u00e9rkezik el\u00e9g vakcina &#8211; emelt\u00e9k ki.<br \/>\n    Magyarorsz\u00e1g eddig 19,7 milli\u00f3 adag nyugati vakcin\u00e1t k\u00f6t\u00f6tt le, t\u00f6bb t\u00edzmilli\u00e1rd forint \u00e9rt\u00e9kben, k\u00fcl\u00f6nb\u00f6z\u0151 gy\u00e1rt\u00f3kn\u00e1l (Pfizer-BioNTech, Moderna, AstraZeneca, Janssen, Curevac). K\u00e9t gy\u00e1rt\u00f3t\u00f3l eddig 201 ezer ember olt\u00e1s\u00e1ra el\u00e9g vakcina \u00e9rkezett Magyarorsz\u00e1gra, h\u00e9t Pfizer- \u00e9s egy Moderna-sz\u00e1ll\u00edtm\u00e1ny.<br \/>\n<div class=\"ads-in-post2\"><script async src=\"https:\/\/pagead2.googlesyndication.com\/pagead\/js\/adsbygoogle.js\"><\/script>\r\n<ins class=\"adsbygoogle\"\r\n     style=\"display:block\"\r\n     data-ad-format=\"fluid\"\r\n     data-ad-layout-key=\"-6t+ed+2i-1n-4w\"\r\n     data-ad-client=\"ca-pub-1959107119989764\"\r\n     data-ad-slot=\"4008251320\"><\/ins>\r\n<script>\r\n     (adsbygoogle = window.adsbygoogle || []).push({});\r\n<\/script><\/div>\n    K\u00f6z\u00f6lt\u00e9k: mivel Eur\u00f3p\u00e1ban nincs el\u00e9g olt\u00f3anyag, minden biztons\u00e1gos \u00e9s hat\u00e9kony vakcina beszerz\u00e9s\u00e9re sz\u00fcks\u00e9g van, hogy miel\u0151bb elkezd\u0151dhessen a lakoss\u00e1g t\u00f6meges olt\u00e1sa. Magyarorsz\u00e1g ez\u00e9rt egymilli\u00f3 embernek elegend\u0151 Szputnyik V. vakcina beszerz\u00e9s\u00e9r\u0151l \u00e1llapodott meg Oroszorsz\u00e1ggal; az olt\u00f3anyag h\u00e1rom \u00fctemben \u00e9rkezik majd meg.<br \/>\n    Az orosz vakcin\u00e1t a magyar hat\u00f3s\u00e1g az AstraZeneca-vakcin\u00e1val egy\u00fctt m\u00e1r enged\u00e9lyezte. A k\u00ednai Sinopharm-vakcin\u00e1val kapcsolatban pedig tartanak a vizsg\u00e1latok \u00e9s a t\u00e1rgyal\u00e1sok &#8211; tett\u00e9k hozz\u00e1.<br \/>\n    Hangs\u00falyozt\u00e1k: Magyarorsz\u00e1gon eddig is \u00e9s ezt k\u00f6vet\u0151en is csak olyan vakcin\u00e1k ker\u00fclhettek \u00e9s ker\u00fclhetnek forgalomba, amelyek a magyar hat\u00f3s\u00e1gok vizsg\u00e1lata alapj\u00e1n is hat\u00e9konyak \u00e9s biztons\u00e1gosak, \u00e9s amelyeket m\u00e1r t\u00f6bb orsz\u00e1gban is alkalmaznak.<br \/>\n    Kit\u00e9rtek arra is: a magyar j\u00e1rv\u00e1ny\u00fcgyi adatok kedvez\u0151ek, a v\u00e9dekez\u00e9snek k\u00f6sz\u00f6nhet\u0151en siker\u00fclt megf\u00e9kezni a j\u00e1rv\u00e1nyt, de t\u00f6bb eur\u00f3pai orsz\u00e1gban tov\u00e1bb n\u0151 a fert\u0151z\u00f6ttek sz\u00e1ma, ez\u00e9rt tov\u00e1bbra is fontos a jelenlegi v\u00e9delmi int\u00e9zked\u00e9sek fenntart\u00e1sa \u00e9s betart\u00e1sa. A korm\u00e1ny szerdai \u00fcl\u00e9s\u00e9n tekinti \u00e1t a jelenlegi korl\u00e1toz\u00e1sokat.<br \/>\n    Este 8 \u00e9s reggel 5 \u00f3ra k\u00f6z\u00f6tt kij\u00e1r\u00e1si tilalom van, amely al\u00f3l csak igazolt munkav\u00e9gz\u00e9ssel lehet mentes\u00fclni.<br \/>\n    A maszkvisel\u00e9ssel \u00e9s t\u00e1vols\u00e1gtart\u00e1ssal kapcsolatos szab\u00e1lyok tov\u00e1bbra is \u00e9rv\u00e9nyesek, azzal, hogy a 10 ezer lakos\u00fan\u00e1l nagyobb telep\u00fcl\u00e9sek egyes k\u00f6zter\u00fcletein a maszkvisel\u00e9s k\u00f6telez\u0151. Sporttev\u00e9kenys\u00e9g k\u00f6zben, valamint a parkokban, z\u00f6ldter\u00fcleteken a maszk visel\u00e9se tov\u00e1bbra sem k\u00f6telez\u0151.<br \/>\n    A k\u00f3rh\u00e1zakban \u00e9s az id\u0151sotthonokban v\u00e1ltozatlanul l\u00e1togat\u00e1si tilalom van.<br \/>\n<div class=\"ads-in-post2\"><script async src=\"https:\/\/pagead2.googlesyndication.com\/pagead\/js\/adsbygoogle.js\"><\/script>\r\n<ins class=\"adsbygoogle\"\r\n     style=\"display:block\"\r\n     data-ad-format=\"fluid\"\r\n     data-ad-layout-key=\"-6t+ed+2i-1n-4w\"\r\n     data-ad-client=\"ca-pub-1959107119989764\"\r\n     data-ad-slot=\"4008251320\"><\/ins>\r\n<script>\r\n     (adsbygoogle = window.adsbygoogle || []).push({});\r\n<\/script><\/div>\n    Az \u00fczletek &#8211; a gy\u00f3gyszert\u00e1rak \u00e9s a benzinkutak kiv\u00e9tel\u00e9vel &#8211; este 7 \u00f3r\u00e1ig maradhatnak nyitva. A rendeletben nem eml\u00edtett szolg\u00e1ltat\u00f3k \u00e9s szolg\u00e1ltat\u00e1sok (p\u00e9ld\u00e1ul fodr\u00e1sz, massz\u0151r, szem\u00e9lyi edz\u0151) a szokott rendben m\u0171k\u00f6dhetnek a kij\u00e1r\u00e1si tilalom szab\u00e1lyai mellett.<br \/>\n    Minden gy\u00fclekez\u00e9s tilos. Az \u00e9ttermekben vend\u00e9g csak az \u00e9tel elvitele c\u00e9lj\u00e1b\u00f3l tart\u00f3zkodhat. A sz\u00e1llod\u00e1k turist\u00e1kat nem fogadhatnak, csak \u00fczleti, gazdas\u00e1gi vagy oktat\u00e1si c\u00e9lb\u00f3l \u00e9rkez\u0151 vend\u00e9geket. Mindennem\u0171 rendezv\u00e9ny megtart\u00e1sa tilos, ide \u00e9rtve a kultur\u00e1lis esem\u00e9nyeket. A sportm\u00e9rk\u0151z\u00e9seket z\u00e1rt kapuk m\u00f6g\u00f6tt kell megtartani. A szabadid\u0151s l\u00e9tes\u00edtm\u00e9nyek haszn\u00e1lata tilos, bele\u00e9rtve k\u00fcl\u00f6n\u00f6sen a fitnesztermeket, fedett uszod\u00e1kat, m\u00fazeumokat, k\u00f6nyvt\u00e1rakat, mozikat, \u00e1llatkerteket, korcsolyap\u00e1ly\u00e1kat.<br \/>\n    Mag\u00e1n- \u00e9s csal\u00e1di rendezv\u00e9nyek (p\u00e9ld\u00e1ul sz\u00fclet\u00e9snap) &#8211; nem sz\u00e1m\u00edtva a 14 \u00e9v alattiakat &#8211; maximum 10 ember r\u00e9szv\u00e9tel\u00e9vel tarthat\u00f3k meg.<br \/>\n    Temet\u00e9sen legfeljebb 50-en lehetnek. Esk\u00fcv\u0151k lakodalom n\u00e9lk\u00fcl tarthat\u00f3k meg.<br \/>\n    A k\u00f6zter\u00fcleti parkol\u00e1s ingyenes. A kereskedelmi c\u00e9l\u00fa P+R, parkol\u00f3h\u00e1z, parkol\u00f3gar\u00e1zs, z\u00e1rt felsz\u00edni parkol\u00f3 \u00e9s nem z\u00e1rt felsz\u00edni parkol\u00f3 d\u00edjfizet\u00e9s n\u00e9lk\u00fcl vehet\u0151 ig\u00e9nybe este 7-t\u0151l reggel 7 \u00f3r\u00e1ig.<br \/>\n    Az eg\u00e9szs\u00e9g\u00fcgyi dolgoz\u00f3k mellett a v\u00e9dekez\u00e9sben igazoltan r\u00e9szt vev\u0151 szoci\u00e1lis dolgoz\u00f3k, a rend\u0151r\u00f6k, katon\u00e1k \u00e9s k\u00f6zszolg\u00e1lati tisztvisel\u0151k is d\u00edjmentesen haszn\u00e1lhatj\u00e1k a k\u00f6z\u00f6ss\u00e9gi k\u00f6zleked\u00e9st.<br \/>\n    A rend\u0151rs\u00e9g szigor\u00faan ellen\u0151rzi a szab\u00e1lyok betart\u00e1s\u00e1t, p\u00e9nzb\u00edrs\u00e1got szabhat ki, \u00e9s azokat a helyeket, ahol nem tartj\u00e1k be az el\u0151\u00edr\u00e1sokat, bez\u00e1rja. A katon\u00e1k az orsz\u00e1g t\u00f6bb v\u00e1ros\u00e1ban t\u00e1mogatj\u00e1k a rend\u0151r\u00f6k munk\u00e1j\u00e1t, \u00e9s a k\u00f3rh\u00e1zban tehermentes\u00edtik az eg\u00e9szs\u00e9g\u00fcgyi dolgoz\u00f3kat.<br \/>\n<div class=\"ads-in-post2\"><script async src=\"https:\/\/pagead2.googlesyndication.com\/pagead\/js\/adsbygoogle.js\"><\/script>\r\n<ins class=\"adsbygoogle\"\r\n     style=\"display:block\"\r\n     data-ad-format=\"fluid\"\r\n     data-ad-layout-key=\"-6t+ed+2i-1n-4w\"\r\n     data-ad-client=\"ca-pub-1959107119989764\"\r\n     data-ad-slot=\"4008251320\"><\/ins>\r\n<script>\r\n     (adsbygoogle = window.adsbygoogle || []).push({});\r\n<\/script><\/div>\n    A fert\u0151z\u00e9s k\u00f6z\u00f6ss\u00e9gi terjed\u00e9s\u00e9nek megf\u00e9kez\u00e9s\u00e9\u00e9rt tov\u00e1bbra is azt k\u00e9rik: mindenki ker\u00fclje azokat a helyeket, ahol z\u00e1rt t\u00e9rben sokan vannak, lehet\u0151leg tartsa a szoci\u00e1lis t\u00e1vols\u00e1got, gyakran \u00e9s alaposan mosson kezet. Akin\u00e9l k\u00fclf\u00f6ldi tart\u00f3zkod\u00e1s vagy egy\u00e9b ok miatt hat\u00f3s\u00e1gi h\u00e1zi karant\u00e9nt rendeltek el, szigor\u00faan tartsa be. Akinek t\u00fcnetei vannak, ne menjen k\u00f6z\u00f6ss\u00e9gbe, hanem maradjon otthon \u00e9s telefonon \u00e9rtes\u00edtse h\u00e1ziorvos\u00e1t.<br \/>\n    A korm\u00e1ny az eg\u00e9szs\u00e9g\u00fcgyi v\u00e9dekez\u00e9s fenntart\u00e1sa mellett tov\u00e1bbi gazdas\u00e1gv\u00e9delmi \u00e9s csal\u00e1dv\u00e9delmi int\u00e9zked\u00e9seken is dolgozik &#8211; \u00edrt\u00e1k.<br \/>\n    Az oldal t\u00e9rk\u00e9pe szerint eddig Budapesten (67 306) \u00e9s Pest megy\u00e9ben (44 983) regisztr\u00e1lt\u00e1k a legt\u00f6bb fert\u0151z\u00f6ttet. Ezt k\u00f6veti Hajd\u00fa-Bihar (20 477), Gy\u0151r-Moson-Sopron (20 291) \u00e9s Borsod-Aba\u00faj-Zempl\u00e9n megye (20 209). A fert\u0151z\u00e9sben legkev\u00e9sb\u00e9 \u00e9rintett megye Tolna (7809).(MTI)<\/p>\n","protected":false},"excerpt":{"rendered":"<p>Meghalt 85, t\u00f6bbs\u00e9g\u00e9ben id\u0151s, kr\u00f3nikus beteg, \u00e9s \u00fajabb 1004 magyar \u00e1llampolg\u00e1rn\u00e1l mutatt\u00e1k ki a koronav\u00edrus-fert\u0151z\u00e9st Magyarorsz\u00e1gon &#8211; k\u00f6z\u00f6lte a koronavirus.gov.hu szerd\u00e1n.<\/p>\n","protected":false},"author":1001006,"featured_media":0,"comment_status":"closed","ping_status":"open","sticky":false,"template":"","format":"standard","meta":[],"categories":[4,427],"tags":[],"_links":{"self":[{"href":"https:\/\/gazdasagportal.hu\/index.php\/wp-json\/wp\/v2\/posts\/132806"}],"collection":[{"href":"https:\/\/gazdasagportal.hu\/index.php\/wp-json\/wp\/v2\/posts"}],"about":[{"href":"https:\/\/gazdasagportal.hu\/index.php\/wp-json\/wp\/v2\/types\/post"}],"author":[{"embeddable":true,"href":"https:\/\/gazdasagportal.hu\/index.php\/wp-json\/wp\/v2\/users\/1001006"}],"replies":[{"embeddable":true,"href":"https:\/\/gazdasagportal.hu\/index.php\/wp-json\/wp\/v2\/comments?post=132806"}],"version-history":[{"count":1,"href":"https:\/\/gazdasagportal.hu\/index.php\/wp-json\/wp\/v2\/posts\/132806\/revisions"}],"predecessor-version":[{"id":132807,"href":"https:\/\/gazdasagportal.hu\/index.php\/wp-json\/wp\/v2\/posts\/132806\/revisions\/132807"}],"wp:attachment":[{"href":"https:\/\/gazdasagportal.hu\/index.php\/wp-json\/wp\/v2\/media?parent=132806"}],"wp:term":[{"taxonomy":"category","embeddable":true,"href":"https:\/\/gazdasagportal.hu\/index.php\/wp-json\/wp\/v2\/categories?post=132806"},{"taxonomy":"post_tag","embeddable":true,"href":"https:\/\/gazdasagportal.hu\/index.php\/wp-json\/wp\/v2\/tags?post=132806"}],"curies":[{"name":"wp","href":"https:\/\/api.w.org\/{rel}","templated":true}]}}