{"id":132657,"date":"2021-01-20T15:30:58","date_gmt":"2021-01-20T14:30:58","guid":{"rendered":"http:\/\/gazdasagportal.hu\/?p=132657"},"modified":"2021-01-20T15:30:58","modified_gmt":"2021-01-20T14:30:58","slug":"a-raiffeisen-szerint-az-iden-valoszinuleg-4-szazalekkal-novekszik-a-gazdasag","status":"publish","type":"post","link":"https:\/\/gazdasagportal.hu\/index.php\/a-raiffeisen-szerint-az-iden-valoszinuleg-4-szazalekkal-novekszik-a-gazdasag\/","title":{"rendered":"A Raiffeisen szerint az id\u00e9n val\u00f3sz\u00edn\u0171leg 4 sz\u00e1zal\u00e9kkal n\u00f6vekszik a gazdas\u00e1g"},"content":{"rendered":"<p><strong>Az id\u00e9n a legval\u00f3sz\u00edn\u0171bb forgat\u00f3k\u00f6nyv szerint 4 sz\u00e1zal\u00e9kkal b\u0151v\u00fcl a gazdas\u00e1g, ennek azonban felt\u00e9tele, hogy a j\u00e1rv\u00e1ny\u00fcgyi korl\u00e1toz\u00e1sokat a m\u00e1sodik negyed\u00e9v v\u00e9g\u00e9re jelent\u0151sen enyh\u00edts\u00e9k &#8211; ismertette T\u00f6r\u00f6k Zolt\u00e1n, a Raiffeisen Bank vezet\u0151 elemz\u0151je a p\u00e9nzint\u00e9zet online sajt\u00f3t\u00e1j\u00e9koztat\u00f3j\u00e1n szerd\u00e1n.<\/strong><!--more--><\/p>\n<div class=\"ads-in-post1\"><div id=\"gazdasagportal.hu_fullbanner_wideboard\"><\/div>\r\n<\/div>\n<p>    Az optimista forgat\u00f3k\u00f6nyv alapj\u00e1n 6 sz\u00e1zal\u00e9kos GDP-b\u0151v\u00fcl\u00e9s k\u00f6vetkezhet be 2021-ben, a pesszimista szerint 2 sz\u00e1zal\u00e9kos, att\u00f3l f\u00fcgg\u0151en, hogy egy-k\u00e9t h\u00f3nappal kor\u00e1bban vagy ugyanennyivel k\u00e9s\u0151bb oldj\u00e1k-e fel a korl\u00e1toz\u00e1sokat &#8211; mutatott r\u00e1 az elemz\u0151. J\u00f6v\u0151re a n\u00f6veked\u00e9s Magyarorsz\u00e1gon tov\u00e1bb gyorsulhat, el\u00e9rve a 6 sz\u00e1zal\u00e9kot &#8211; tette hozz\u00e1.<br \/>\n    A gazdas\u00e1gi kil\u00e1t\u00e1sokat illet\u0151en biztat\u00f3, hogy a feldolgoz\u00f3iparba visszat\u00e9rt az \u00e9let az Egyes\u00fclt \u00c1llamokban, az Eur\u00f3pai Uni\u00f3ban \u00e9s Magyarorsz\u00e1gon is &#8211; hangs\u00falyozta T\u00f6r\u00f6k Zolt\u00e1n. Utalt arra, hogy az orsz\u00e1gban egyes al\u00e1gazatok k\u00f6z\u00f6tt egyenetlens\u00e9gek figyelhet\u0151k meg, az expotra termel\u0151 v\u00e1llalatok poz\u00edci\u00f3ja kedvez\u0151bb. Az elemz\u0151 kiemelte, hogy az elektronikai ipar nagyon j\u00f3l teljes\u00edt, \u00e9s az aut\u00f3iparban is j\u00f3k a perspekt\u00edv\u00e1k a tavalyi 10 sz\u00e1zal\u00e9kos visszaes\u00e9s ellen\u00e9re.<br \/>\n    Az infl\u00e1ci\u00f3ra 2020-ban komoly hull\u00e1mz\u00e1s volt jellemz\u0151, \u00e9s ez a b\u00e1zis az idei adatokra is kihat, \u00edgy az els\u0151 negyed\u00e9vben 2 sz\u00e1zal\u00e9k k\u00f6zel\u00e9be cs\u00f6kkenhet a mutat\u00f3, m\u00edg a m\u00e1sodik negyed\u00e9vben emelked\u0151 p\u00e1ly\u00e1ra \u00e1llhat \u00e9s el\u00e9rheti a 4 sz\u00e1zal\u00e9kot is, majd \u00e9v v\u00e9g\u00e9re visszaeshet a 3 sz\u00e1zal\u00e9k k\u00f6r\u00fcli c\u00e9lszintre &#8211; mondta az elemz\u0151. A maginfl\u00e1ci\u00f3 v\u00e1rhat\u00f3an kev\u00e9sb\u00e9 ingadozik, \u00e9v v\u00e9g\u00e9re szint\u00e9n 3 sz\u00e1zal\u00e9k k\u00f6r\u00fcl alakulhat &#8211; tette hozz\u00e1.<br \/>\n    A forint \u00e1rfolyam\u00e1ban nem kell jelent\u0151s mozg\u00e1sokra sz\u00e1m\u00edtani, az eur\u00f3 \u00e1ra a jelenlegi 355-360 forintos s\u00e1von bel\u00fcl maradhat, igaz a 350 forint k\u00f6r\u00fcli eur\u00f3 sem kiz\u00e1rt &#8211; fejtette ki T\u00f6r\u00f6k Zolt\u00e1n. A magyar fizet\u0151eszk\u00f6z enyhe er\u0151s\u00f6d\u00e9s\u00e9t szerinte  a Magyar Nemzeti Bank toler\u00e1lja, amiatt nem v\u00e1rhat\u00f3 a kamatszint m\u00f3dos\u00edt\u00e1sa. A kamat megv\u00e1ltoztat\u00e1s\u00e1ra az infl\u00e1ci\u00f3s p\u00e1lya sem ad okot el\u0151rel\u00e1that\u00f3lag &#8211; tette hozz\u00e1, utalva arra, hogy a jelenlegi 0,6 sz\u00e1zal\u00e9kos alapkamat \u00e9s a 0,75 sz\u00e1zal\u00e9kos egyhetes ir\u00e1nyad\u00f3 bet\u00e9ti kamat maradhat \u00e9v v\u00e9g\u00e9ig.<br \/>\n<div class=\"ads-in-post1\"><div id=\"gazdasagportal.hu_fullbanner_wideboard\"><\/div>\r\n<\/div>\n    \u00dajs\u00e1g\u00edr\u00f3i k\u00e9rd\u00e9sre T\u00f6r\u00f6k Zolt\u00e1n elmondta, hogy az id\u00e9n \u00e9s j\u00f6v\u0151re is a beruh\u00e1z\u00e1sok hajthatj\u00e1k a gazdas\u00e1got, valosz\u00edn\u0171leg GDP-ar\u00e1nyosan megk\u00f6zel\u00edti a 30 sz\u00e1zal\u00e9kot a beruh\u00e1z\u00e1si r\u00e1ta. A magyar gazdas\u00e1gi k\u00f6rnyezet \u00e9s a befektet\u0151k hozz\u00e1\u00e1ll\u00e1sa az orsz\u00e1ghoz teljesen m\u00e1s a jelenlegi v\u00e1ls\u00e1gban, mint az el\u0151z\u0151 alatt, \u00edgy a piac sem reag\u00e1lt \u00e9rz\u00e9kenyen az \u00e1llamad\u00f3ss\u00e1g \u00fajboli 80 sz\u00e1zal\u00e9k f\u00f6l\u00e9 emelked\u00e9s\u00e9re &#8211; mondta szint\u00e9n \u00fajs\u00e1g\u00edr\u00f3i k\u00e9rd\u00e9sre az elemz\u0151. A foglalkoztat\u00e1si sz\u00e1mok csak r\u00e9szben t\u00fckr\u00f6zik a val\u00f3s\u00e1got, a j\u00f6vedelemad\u00f3-befizet\u00e9sekb\u0151l is l\u00e1tszik, hogy a hivatalos statisztik\u00e1n\u00e1l t\u00f6bben vesz\u00edtett\u00e9k el bev\u00e9tel\u00fcket vagy cs\u00f6kkent a j\u00f6vedelm\u00fck &#8211; mondta egy m\u00e1sik \u00fajs\u00e1g\u00edr\u00f3i k\u00e9rd\u00e9sre, hozz\u00e1t\u00e9ve azt, hogy a foglalkoztat\u00e1s ter\u00e9n nagy fordulat v\u00e1rhat\u00f3, az el\u0151rejelz\u00e9sek szerint id\u00e9n \u00e9v v\u00e9g\u00e9re m\u00e1r rekordok d\u0151lhetnek meg a ter\u00fcleten.(MTI)<\/p>\n","protected":false},"excerpt":{"rendered":"<p>Az id\u00e9n a legval\u00f3sz\u00edn\u0171bb forgat\u00f3k\u00f6nyv szerint 4 sz\u00e1zal\u00e9kkal b\u0151v\u00fcl a gazdas\u00e1g, ennek azonban felt\u00e9tele, hogy a j\u00e1rv\u00e1ny\u00fcgyi korl\u00e1toz\u00e1sokat a m\u00e1sodik negyed\u00e9v v\u00e9g\u00e9re jelent\u0151sen enyh\u00edts\u00e9k &#8211; ismertette T\u00f6r\u00f6k Zolt\u00e1n, a Raiffeisen Bank vezet\u0151 elemz\u0151je a p\u00e9nzint\u00e9zet online sajt\u00f3t\u00e1j\u00e9koztat\u00f3j\u00e1n szerd\u00e1n.<\/p>\n","protected":false},"author":1001007,"featured_media":0,"comment_status":"closed","ping_status":"open","sticky":false,"template":"","format":"standard","meta":[],"categories":[19],"tags":[],"_links":{"self":[{"href":"https:\/\/gazdasagportal.hu\/index.php\/wp-json\/wp\/v2\/posts\/132657"}],"collection":[{"href":"https:\/\/gazdasagportal.hu\/index.php\/wp-json\/wp\/v2\/posts"}],"about":[{"href":"https:\/\/gazdasagportal.hu\/index.php\/wp-json\/wp\/v2\/types\/post"}],"author":[{"embeddable":true,"href":"https:\/\/gazdasagportal.hu\/index.php\/wp-json\/wp\/v2\/users\/1001007"}],"replies":[{"embeddable":true,"href":"https:\/\/gazdasagportal.hu\/index.php\/wp-json\/wp\/v2\/comments?post=132657"}],"version-history":[{"count":1,"href":"https:\/\/gazdasagportal.hu\/index.php\/wp-json\/wp\/v2\/posts\/132657\/revisions"}],"predecessor-version":[{"id":132658,"href":"https:\/\/gazdasagportal.hu\/index.php\/wp-json\/wp\/v2\/posts\/132657\/revisions\/132658"}],"wp:attachment":[{"href":"https:\/\/gazdasagportal.hu\/index.php\/wp-json\/wp\/v2\/media?parent=132657"}],"wp:term":[{"taxonomy":"category","embeddable":true,"href":"https:\/\/gazdasagportal.hu\/index.php\/wp-json\/wp\/v2\/categories?post=132657"},{"taxonomy":"post_tag","embeddable":true,"href":"https:\/\/gazdasagportal.hu\/index.php\/wp-json\/wp\/v2\/tags?post=132657"}],"curies":[{"name":"wp","href":"https:\/\/api.w.org\/{rel}","templated":true}]}}