{"id":132533,"date":"2021-01-14T14:51:53","date_gmt":"2021-01-14T13:51:53","guid":{"rendered":"http:\/\/gazdasagportal.hu\/?p=132533"},"modified":"2021-01-14T14:51:53","modified_gmt":"2021-01-14T13:51:53","slug":"mkik-gvi-a-vallalatok-42-szazaleka-az-iden-arbevetele-novekedesere-szamit","status":"publish","type":"post","link":"https:\/\/gazdasagportal.hu\/index.php\/mkik-gvi-a-vallalatok-42-szazaleka-az-iden-arbevetele-novekedesere-szamit\/","title":{"rendered":"MKIK-GVI: a v\u00e1llalatok 42 sz\u00e1zal\u00e9ka az id\u00e9n \u00e1rbev\u00e9tele n\u00f6veked\u00e9s\u00e9re sz\u00e1m\u00edt"},"content":{"rendered":"<p><strong>A 2021-es \u00e9vre a v\u00e1llalkoz\u00f3k bizakod\u00f3an tekintenek, 42 sz\u00e1zal\u00e9kuk arra sz\u00e1m\u00edt, hogy az id\u00e9n \u00e9ves \u00e1rbev\u00e9tele n\u0151ni fog 2020-hoz k\u00e9pest &#8211; k\u00f6z\u00f6lte a Magyar Kereskedelmi \u00e9s Iparkamara (MKIK) Gazdas\u00e1g- \u00e9s V\u00e1llalkoz\u00e1skutat\u00f3 Int\u00e9zete (GVI) okt\u00f3beri adatokon alapul\u00f3 elemz\u00e9s\u00e9t cs\u00fct\u00f6rt\u00f6k\u00f6n az MTI-vel.<\/strong><!--more--><\/p>\n<div class=\"ads-in-post1\"><div id=\"gazdasagportal.hu_fullbanner_wideboard\"><\/div>\r\n<\/div>\n<p>    Az elemz\u00e9sben szerepl\u0151 adatok a GVI 2020. okt\u00f3ber 1. \u00e9s 31. k\u00f6z\u00f6tt 3142 hazai v\u00e1llalkoz\u00e1s megk\u00e9rdez\u00e9s\u00e9vel k\u00e9sz\u00fclt f\u00e9l\u00e9ves konjunkt\u00farafelv\u00e9tel\u00e9b\u0151l sz\u00e1rmaznak, amelyben a v\u00e1llalkoz\u00e1sok p\u00e9nz\u00fcgyi helyzet\u00e9t vizsg\u00e1lt\u00e1k.<br \/>\n    A t\u00e1j\u00e9koztat\u00e1s szerint a n\u00f6veked\u00e9sre sz\u00e1m\u00edt\u00f3 v\u00e1llalkoz\u00e1sok k\u00f6r\u00e9ben a 2021-re v\u00e1rt \u00e1rbev\u00e9tel b\u0151v\u00fcl\u00e9s \u00e1tlagos m\u00e9rt\u00e9ke 17 sz\u00e1zal\u00e9k 2020-hoz k\u00e9pest.<br \/>\n    A v\u00e1llalkoz\u00e1sok fele arra sz\u00e1m\u00edt, hogy a 2020-as \u00e1rbev\u00e9tele alacsonyabb lesz, mint az el\u0151z\u0151 \u00e9vben, \u00e1tlagosan 31 sz\u00e1zal\u00e9kos cs\u00f6kken\u00e9ssel kalkul\u00e1lnak. A c\u00e9gek t\u00f6bb mint negyede \u00fagy l\u00e1tta, hogy nem fog v\u00e1ltozni, \u00e9s valamivel kevesebb mint negyed\u00fck sz\u00e1m\u00edt arra, hogy magasabb lesz a 2020-as \u00e1rbev\u00e9tele.<br \/>\n    Legnagyobb ar\u00e1nyban a szolg\u00e1ltat\u00e1st v\u00e9gz\u0151 v\u00e1llalatok l\u00e1tt\u00e1k \u00fagy, hogy a 2020-as \u00e1rbev\u00e9tel\u00fck cs\u00f6kkeni fog a 2019-es k\u00e9pest, \u0151ket k\u00f6vetik az \u00e9p\u00edt\u0151iparban tev\u00e9kenyked\u0151 v\u00e1llalatok, majd az ipar ter\u00fclet\u00e9n m\u0171k\u00f6d\u0151k. A kereskedelemben tev\u00e9kenyked\u0151 v\u00e1llalatokn\u00e1l a legalacsonyabb azoknak a v\u00e1llalatoknak az ar\u00e1nya, amelyek \u00e1rbev\u00e9tel cs\u00f6kken\u00e9s\u00e9vel sz\u00e1molnak.<br \/>\n    A legt\u00f6bb v\u00e1llalkoz\u00e1snak a 2020. okt\u00f3ber el\u0151tti h\u00f3napokban az ad\u00f3k \u00e9s j\u00e1rul\u00e9kok befizet\u00e9se jelentette a legnagyobb p\u00e9nz\u00fcgyi neh\u00e9zs\u00e9get, a m\u00e1sodik leggyakrabban eml\u00edtett p\u00e9nz\u00fcgyi terhek a munkab\u00e9rek, illetve a v\u00e1llalkoz\u00e1sok egy\u00e9b \u00e1lland\u00f3 k\u00f6lts\u00e9geinek fizet\u00e9se voltak &#8211; k\u00f6z\u00f6lt\u00e9k.<br \/>\n    A v\u00e1llalkoz\u00e1sok visszajelz\u00e9sei alapj\u00e1n az l\u00e1tszik, hogy a v\u00e1ls\u00e1g s\u00fajtotta helyzetben a legnagyobb probl\u00e9m\u00e1t a napi m\u0171k\u00f6d\u00e9s\u00fckben bek\u00f6vetkezett neh\u00e9zs\u00e9gek adt\u00e1k, amelyeket vagy tartal\u00e9kokb\u00f3l, vagy gyors, azonnali megold\u00e1st jelent\u0151, likvidit\u00e1st seg\u00edt\u0151 hitelekb\u0151l pr\u00f3b\u00e1lt\u00e1k megoldani, mint p\u00e9ld\u00e1ul a Sz\u00e9chenyi K\u00e1rtya Program \u00faj kr\u00edzishiteleib\u0151l &#8211; mutatott r\u00e1 az MKIK GVI.<br \/>\n<div class=\"ads-in-post1\"><div id=\"gazdasagportal.hu_fullbanner_wideboard\"><\/div>\r\n<\/div>\n    Az elemz\u00e9s szerint a v\u00e1llalkoz\u00e1sok 15 sz\u00e1zal\u00e9k\u00e1n\u00e1l fordult el\u0151, hogy az eltelt f\u00e9l \u00e9v sor\u00e1n k\u00e9sedelmesen fizetett \u00fczleti partner\u00e9nek. A l\u00e1nctartoz\u00e1s el\u0151fordul\u00e1sa &#8211; az, hogy egy v\u00e1llalat az elm\u00falt 12 h\u00f3napban az\u00e9rt nem tudott fizetni hat\u00e1rid\u0151re sz\u00e1ll\u00edt\u00f3inak, mert neki sem fizettek a vev\u0151ik hat\u00e1rid\u0151re &#8211; 21 sz\u00e1zal\u00e9kot tett ki. A l\u00e1nctartoz\u00e1s \u00e1ltal okozott gondok alakul\u00e1s\u00e1r\u00f3l a v\u00e1llalkoz\u00f3k 48 sz\u00e1zal\u00e9ka mondta, hogy az ut\u00f3bbi f\u00e9l \u00e9v sor\u00e1n n\u0151tt a probl\u00e9ma s\u00falya, 49 sz\u00e1zal\u00e9kuk szerint nem v\u00e1ltozott, \u00e9s csup\u00e1n 4 sz\u00e1zal\u00e9kuk gondolja azt, hogy cs\u00f6kkent.<br \/>\n    A 2020 okt\u00f3bere el\u0151tti h\u00f3napokban a Covid19 j\u00e1rv\u00e1ny neh\u00e9zs\u00e9geinek kezel\u00e9s\u00e9re a v\u00e1llalkoz\u00e1sok 30 sz\u00e1zal\u00e9ka vett ig\u00e9nybe valamilyen k\u00fcls\u0151 finansz\u00edroz\u00e1si forr\u00e1st. A hitelfizet\u00e9si morat\u00f3rium lehet\u0151s\u00e9ge a v\u00e1llalatok 30 sz\u00e1zal\u00e9k\u00e1t \u00e9rintette, \u00e9s 14 sz\u00e1zal\u00e9k vette ig\u00e9nybe a lehet\u0151s\u00e9get &#8211; k\u00f6z\u00f6lte az MKIK GVI.(MTI)<\/p>\n","protected":false},"excerpt":{"rendered":"<p>A 2021-es \u00e9vre a v\u00e1llalkoz\u00f3k bizakod\u00f3an tekintenek, 42 sz\u00e1zal\u00e9kuk arra sz\u00e1m\u00edt, hogy az id\u00e9n \u00e9ves \u00e1rbev\u00e9tele n\u0151ni fog 2020-hoz k\u00e9pest &#8211; k\u00f6z\u00f6lte a Magyar Kereskedelmi \u00e9s Iparkamara (MKIK) Gazdas\u00e1g- \u00e9s V\u00e1llalkoz\u00e1skutat\u00f3 Int\u00e9zete (GVI) okt\u00f3beri adatokon alapul\u00f3 elemz\u00e9s\u00e9t cs\u00fct\u00f6rt\u00f6k\u00f6n az MTI-vel.<\/p>\n","protected":false},"author":1001007,"featured_media":0,"comment_status":"closed","ping_status":"open","sticky":false,"template":"","format":"standard","meta":[],"categories":[19],"tags":[],"_links":{"self":[{"href":"https:\/\/gazdasagportal.hu\/index.php\/wp-json\/wp\/v2\/posts\/132533"}],"collection":[{"href":"https:\/\/gazdasagportal.hu\/index.php\/wp-json\/wp\/v2\/posts"}],"about":[{"href":"https:\/\/gazdasagportal.hu\/index.php\/wp-json\/wp\/v2\/types\/post"}],"author":[{"embeddable":true,"href":"https:\/\/gazdasagportal.hu\/index.php\/wp-json\/wp\/v2\/users\/1001007"}],"replies":[{"embeddable":true,"href":"https:\/\/gazdasagportal.hu\/index.php\/wp-json\/wp\/v2\/comments?post=132533"}],"version-history":[{"count":1,"href":"https:\/\/gazdasagportal.hu\/index.php\/wp-json\/wp\/v2\/posts\/132533\/revisions"}],"predecessor-version":[{"id":132534,"href":"https:\/\/gazdasagportal.hu\/index.php\/wp-json\/wp\/v2\/posts\/132533\/revisions\/132534"}],"wp:attachment":[{"href":"https:\/\/gazdasagportal.hu\/index.php\/wp-json\/wp\/v2\/media?parent=132533"}],"wp:term":[{"taxonomy":"category","embeddable":true,"href":"https:\/\/gazdasagportal.hu\/index.php\/wp-json\/wp\/v2\/categories?post=132533"},{"taxonomy":"post_tag","embeddable":true,"href":"https:\/\/gazdasagportal.hu\/index.php\/wp-json\/wp\/v2\/tags?post=132533"}],"curies":[{"name":"wp","href":"https:\/\/api.w.org\/{rel}","templated":true}]}}