{"id":132471,"date":"2021-01-12T10:20:15","date_gmt":"2021-01-12T09:20:15","guid":{"rendered":"http:\/\/gazdasagportal.hu\/?p=132471"},"modified":"2021-01-12T10:31:53","modified_gmt":"2021-01-12T09:31:53","slug":"meghalt-128-beteg-696-tal-nott-a-fertozottek-szama-magyarorszagon","status":"publish","type":"post","link":"https:\/\/gazdasagportal.hu\/index.php\/meghalt-128-beteg-696-tal-nott-a-fertozottek-szama-magyarorszagon\/","title":{"rendered":"Meghalt 128 beteg, 696-tal n\u0151tt a fert\u0151z\u00f6ttek sz\u00e1ma Magyarorsz\u00e1gon"},"content":{"rendered":"<p><strong>Meghalt 128, t\u00f6bbs\u00e9g\u00e9ben id\u0151s, kr\u00f3nikus beteg, \u00e9s \u00fajabb 696 magyar \u00e1llampolg\u00e1rn\u00e1l mutatt\u00e1k ki a koronav\u00edrus-fert\u0151z\u00e9st &#8211; k\u00f6z\u00f6lte a <a href=\"https:\/\/koronavirus.gov.hu\/\" target=\"_blank\" rel=\"noopener noreferrer\">koronavirus.gov.hu<\/a> kedden.<\/strong><!--more--><\/p>\n<div class=\"ads-in-post1\"><div id=\"gazdasagportal.hu_fullbanner_wideboard\"><\/div>\r\n<\/div>\n<p>A korm\u00e1nyzati port\u00e1lon azt \u00edrt\u00e1k: 344 352-re n\u0151tt a Magyarorsz\u00e1gon azonos\u00edtott fert\u0151z\u00f6ttek sz\u00e1ma. Az elhunytak\u00e9 10 853-ra emelkedett.<br \/>\nA gy\u00f3gyultak sz\u00e1ma 209 852, az akt\u00edv fert\u0151z\u00f6ttek\u00e9 123 647. K\u00f3rh\u00e1zban 5005 koronav\u00edrusos beteget \u00e1polnak, k\u00f6z\u00fcl\u00fck 356-an vannak l\u00e9legeztet\u0151g\u00e9pen.<br \/>\nHat\u00f3s\u00e1gi h\u00e1zi karant\u00e9nban 25 532-en vannak, a mintav\u00e9telek sz\u00e1ma 2 860 814-re n\u0151tt.<br \/>\nKiemelt\u00e9k: a koronav\u00edrus-j\u00e1rv\u00e1ny elleni v\u00e9dekez\u00e9s \u00faj szakasz\u00e1hoz \u00e9rkezett azzal, hogy meg\u00e9rkezett a vakcina Magyarorsz\u00e1gra, \u00e9s december 26. \u00f3ta tart az eg\u00e9szs\u00e9g\u00fcgyi dolgoz\u00f3k olt\u00e1sa. A Pfizer-BioNTech-vakcin\u00e1b\u00f3l kedden a negyedik sz\u00e1ll\u00edtm\u00e1ny, 81 t\u00e1lca olt\u00f3anyag \u00e9rkez\u00e9se v\u00e1rhat\u00f3, amely \u00fajabb 47 385 ember olt\u00e1s\u00e1t teszi lehet\u0151v\u00e9. Tov\u00e1bb\u00e1 meg\u00e9rkezik az els\u0151 Moderna-vakcinasz\u00e1ll\u00edtm\u00e1ny is 3600 ember olt\u00e1s\u00e1ra elenged\u0151, 7200 adag olt\u00f3anyaggal.<br \/>\nA kedden \u00e9rkez\u0151 olt\u00f3anyagokkal az eg\u00e9szs\u00e9g\u00fcgyi dolgoz\u00f3k, \u00e9s az id\u0151sotthonok lak\u00f3inak, dolgoz\u00f3inak olt\u00e1sa folytat\u00f3dik. A vakcin\u00e1kat 25 k\u00f3rh\u00e1zi olt\u00f3pontra sz\u00e1ll\u00edtj\u00e1k ki &#8211; \u00edrt\u00e1k.<br \/>\nHangs\u00falyozt\u00e1k: Magyarorsz\u00e1g eddig minden, az orsz\u00e1gba \u00e9rkez\u0151 vakcin\u00e1t felhaszn\u00e1lt, h\u00e9tf\u0151 estig 78 579-en kaptak olt\u00e1st, t\u00f6bbs\u00e9g\u00e9ben eg\u00e9szs\u00e9g\u00fcgyi dolgoz\u00f3k, de 6642 id\u0151sotthonban lak\u00f3 \u00e9s dolgoz\u00f3 is szerepel k\u00f6z\u00f6tt\u00fck.<br \/>\n<div class=\"ads-in-post1\"><div id=\"gazdasagportal.hu_fullbanner_wideboard\"><\/div>\r\n<\/div>\nFelh\u00edvt\u00e1k a figyelmet arra, hogy a k\u00f6vetkez\u0151 hetekben \u00fajabb sz\u00e1ll\u00edtm\u00e1nyok \u00e9rkeznek, \u00e9s annak \u00fctem\u00e9ben folytat\u00f3dhat az olt\u00e1s az eg\u00e9szs\u00e9g\u00fcgyben, az id\u0151sotthonokban, majd az olt\u00e1si tervben megjel\u00f6lt tov\u00e1bbi csoportokn\u00e1l, azt k\u00f6vet\u0151en pedig megkezd\u0151dhet a lakoss\u00e1g t\u00f6meges olt\u00e1sa.<br \/>\nA v\u00e9d\u0151olt\u00e1s ingyenes \u00e9s \u00f6nk\u00e9ntes lesz. A v\u00e9d\u0151olt\u00e1sra\u00a0<strong><a title=\"Hely megnyit\u00e1sa\" href=\"http:\/\/www.vakcinainfo.gov.hu\/\" target=\"_blank\" rel=\"noopener noreferrer\">a\u00a0www.vakcinainfo.gov.hu\u00a0honlapon<\/a><\/strong>\u00a0\u00e9s postai \u00faton eddig t\u00f6bb mint egymilli\u00f3an regisztr\u00e1ltak &#8211; tett\u00e9k hozz\u00e1.<br \/>\nKiemelten fontosnak nevezt\u00e9k az id\u0151sek \u00e9s a kr\u00f3nikus betegek v\u00e9delm\u00e9t. Az id\u0151seket is arra k\u00e9rik, hogy fokozottan figyeljenek magukra \u00e9s az \u00e1ltal\u00e1nos \u00f3vint\u00e9zked\u00e9sek betart\u00e1s\u00e1ra. Felh\u00edvt\u00e1k a figyelmet arra, hogy a k\u00f3rh\u00e1zakban \u00e9s az id\u0151sotthonokban v\u00e1ltozatlanul l\u00e1togat\u00e1si tilalom van \u00e9rv\u00e9nyben.<br \/>\nMag\u00e1n- \u00e9s csal\u00e1di &#8211; p\u00e9ld\u00e1ul sz\u00fclet\u00e9snapi &#8211; rendezv\u00e9nyek maximum 10 ember r\u00e9szv\u00e9tel\u00e9vel tarthat\u00f3k, de a l\u00e9tsz\u00e1mba a 14 \u00e9v alattiak nem sz\u00e1m\u00edtanak bele.<br \/>\nEste 8 \u00e9s reggel 5 \u00f3ra k\u00f6z\u00f6tt kij\u00e1r\u00e1si tilalom van \u00e9rv\u00e9nyben.<br \/>\nAz eg\u00e9szs\u00e9g\u00fcgyi dolgoz\u00f3k mellett a v\u00e9dekez\u00e9sben igazoltan r\u00e9szt vev\u0151 szoci\u00e1lis dolgoz\u00f3k, a rend\u0151r\u00f6k, katon\u00e1k \u00e9s k\u00f6zszolg\u00e1lati tisztvisel\u0151k is d\u00edjmentesen haszn\u00e1lhatj\u00e1k a k\u00f6z\u00f6ss\u00e9gi k\u00f6zleked\u00e9st.<br \/>\n<div class=\"ads-in-post1\"><div id=\"gazdasagportal.hu_fullbanner_wideboard\"><\/div>\r\n<\/div>\nAz \u00fczletek &#8211; a gy\u00f3gyszert\u00e1rak \u00e9s a benzinkutak kiv\u00e9tel\u00e9vel &#8211; este 7 \u00f3r\u00e1ig maradhatnak nyitva. A rendeletben nem eml\u00edtett szolg\u00e1ltat\u00f3k \u00e9s szolg\u00e1ltat\u00e1sok (p\u00e9ld\u00e1ul fodr\u00e1sz, massz\u0151r, szem\u00e9lyi edz\u0151) a szokott rendben m\u0171k\u00f6dhetnek a kij\u00e1r\u00e1si tilalom szab\u00e1lyai mellett.<br \/>\nA maszkvisel\u00e9ssel \u00e9s t\u00e1vols\u00e1gtart\u00e1ssal kapcsolatban eddig bevezetett szab\u00e1lyok tov\u00e1bbra is \u00e9rv\u00e9nyesek. Minden gy\u00fclekez\u00e9s tilos. Az \u00e9ttermek vend\u00e9get nem fogadhatnak, vend\u00e9g ott csak az \u00e9tel elvitele c\u00e9lj\u00e1b\u00f3l tart\u00f3zkodhat. A sz\u00e1llod\u00e1k turist\u00e1kat nem, csak \u00fczleti, gazdas\u00e1gi vagy oktat\u00e1si c\u00e9lb\u00f3l \u00e9rkez\u0151 vend\u00e9geket fogadhatnak.<br \/>\nMinden rendezv\u00e9ny &#8211; k\u00f6zt\u00fck a kultur\u00e1lis esem\u00e9nyek &#8211; megtart\u00e1sa tilos. A sportm\u00e9rk\u0151z\u00e9seket z\u00e1rt kapuk m\u00f6g\u00f6tt kell megtartani. A szabadid\u0151s l\u00e9tes\u00edtm\u00e9nyek haszn\u00e1lata tilos, bele\u00e9rtve k\u00fcl\u00f6n\u00f6sen a fitnesztermeket, fedett uszod\u00e1kat, m\u00fazeumokat, k\u00f6nyvt\u00e1rakat, mozikat, \u00e1llatkerteket, korcsolyap\u00e1ly\u00e1kat. Temet\u00e9sen legfeljebb 50-en lehetnek, esk\u00fcv\u0151k pedig csak lakodalom n\u00e9lk\u00fcl tarthat\u00f3k meg. A k\u00f6zter\u00fcleti parkol\u00e1s ingyenes.<br \/>\nA kereskedelmi c\u00e9l\u00fa P+R, parkol\u00f3h\u00e1z, parkol\u00f3gar\u00e1zs, z\u00e1rt felsz\u00edni parkol\u00f3 \u00e9s nem z\u00e1rt felsz\u00edni parkol\u00f3 d\u00edjfizet\u00e9s n\u00e9lk\u00fcl vehet\u0151 ig\u00e9nybe este 7-t\u0151l reggel 7 \u00f3r\u00e1ig. A l\u00e9tes\u00edtm\u00e9ny \u00fczemeltet\u0151je k\u00f6teles ebben az id\u0151s\u00e1vban az ingyenes parkol\u00e1st lehet\u0151v\u00e9 tenni. A rend\u0151rs\u00e9g szigor\u00faan ellen\u0151rzi a szab\u00e1lyok betart\u00e1s\u00e1t, p\u00e9nzb\u00edrs\u00e1got szabhat ki, \u00e9s azokat a helyeket, ahol nem tartj\u00e1k be az el\u0151\u00edr\u00e1sokat, bez\u00e1rja. A katon\u00e1k az orsz\u00e1g t\u00f6bb v\u00e1ros\u00e1ban t\u00e1mogatj\u00e1k a rend\u0151r\u00f6k munk\u00e1j\u00e1t \u00e9s a k\u00f3rh\u00e1zban tehermentes\u00edtik az eg\u00e9szs\u00e9g\u00fcgyi dolgoz\u00f3kat.<br \/>\n<div class=\"ads-in-post1\"><div id=\"gazdasagportal.hu_fullbanner_wideboard\"><\/div>\r\n<\/div>\n&#8222;Magyarorsz\u00e1gon mindenkinek jut k\u00f3rh\u00e1zi \u00e1gy, ell\u00e1t\u00e1s, l\u00e9legeztet\u0151g\u00e9p, \u00e9s a v\u00e9delmi int\u00e9zked\u00e9sekkel az a c\u00e9l, hogy ez \u00edgy is maradjon&#8221; &#8211; \u00edrt\u00e1k. Ahhoz, hogy a koronav\u00edrusos betegek k\u00f3rh\u00e1zi ell\u00e1t\u00e1sa tov\u00e1bbra is biztos\u00edtott legyen, a halaszthat\u00f3 m\u0171t\u00e9teket felf\u00fcggesztett\u00e9k, az ell\u00e1t\u00e1sba bevont k\u00f3rh\u00e1zak \u00e9s koronav\u00edrusos betegek sz\u00e1m\u00e1ra fenntartott k\u00f3rh\u00e1zi \u00e1gyak sz\u00e1m\u00e1t b\u0151v\u00edtett\u00e9k.<br \/>\nA v\u00edrus k\u00f6z\u00f6ss\u00e9gi terjed\u00e9s\u00e9nek megf\u00e9kez\u00e9s\u00e9\u00e9rt tov\u00e1bbra is mindenkit\u0151l azt k\u00e9rik: ker\u00fclj\u00e9k azokat a helyeket, ahol z\u00e1rt t\u00e9rben sokan vannak, lehet\u0151leg tarts\u00e1k a szoci\u00e1lis t\u00e1vols\u00e1got, gyakran \u00e9s alaposan mossanak kezet. Akin\u00e9l k\u00fclf\u00f6ldi tart\u00f3zkod\u00e1s vagy egy\u00e9b ok miatt hat\u00f3s\u00e1gi h\u00e1zi karant\u00e9nt rendeltek el, szigor\u00faan tartsa be. Akinek t\u00fcnetei vannak, ne menjen k\u00f6z\u00f6ss\u00e9gbe, maradjon otthon \u00e9s telefonon \u00e9rtes\u00edtse h\u00e1ziorvos\u00e1t.<br \/>\nAz eg\u00e9szs\u00e9g\u00fcgyi v\u00e9dekez\u00e9s r\u00e9szek\u00e9nt az ingyenes influenza elleni olt\u00e1sok bead\u00e1sa is tart. Az influenza elleni v\u00e9d\u0151olt\u00e1ssal folyamatosan ell\u00e1tj\u00e1k a h\u00e1ziorvosi praxisokat.<br \/>\nA korm\u00e1ny az eg\u00e9szs\u00e9g\u00fcgyi v\u00e9dekez\u00e9s fenntart\u00e1sa mellett tov\u00e1bbi gazdas\u00e1gv\u00e9delmi \u00e9s csal\u00e1dv\u00e9delmi int\u00e9zked\u00e9seken is dolgozik &#8211; k\u00f6z\u00f6lt\u00e9k.<br \/>\nAz oldal t\u00e9rk\u00e9pe szerint eddig Budapesten (64 729) \u00e9s Pest megy\u00e9ben (42 992) regisztr\u00e1lt\u00e1k a legt\u00f6bb fert\u0151z\u00f6ttet. Ezt k\u00f6veti Hajd\u00fa-Bihar (19 596), Gy\u0151r-Moson-Sopron (19 591) \u00e9s Borsod-Aba\u00faj-Zempl\u00e9n megye (19 294). A fert\u0151z\u00e9sben legkev\u00e9sb\u00e9 \u00e9rintett megye Tolna (7211).(MTI)<\/p>\n<p>&nbsp;<\/p><div id=\"gazda-4196162487\" class=\"gazda-tartalomban gazda-entity-placement\"><script async src=\"https:\/\/pagead2.googlesyndication.com\/pagead\/js\/adsbygoogle.js\"><\/script>\r\n<ins class=\"adsbygoogle\"\r\n     style=\"display:block\"\r\n     data-ad-format=\"fluid\"\r\n     data-ad-layout-key=\"-6t+ed+2i-1n-4w\"\r\n     data-ad-client=\"ca-pub-1959107119989764\"\r\n     data-ad-slot=\"4008251320\"><\/ins>\r\n<script>\r\n     (adsbygoogle = window.adsbygoogle || []).push({});\r\n<\/script><\/div>\n","protected":false},"excerpt":{"rendered":"<p>Meghalt 128, t\u00f6bbs\u00e9g\u00e9ben id\u0151s, kr\u00f3nikus beteg, \u00e9s \u00fajabb 696 magyar \u00e1llampolg\u00e1rn\u00e1l mutatt\u00e1k ki a koronav\u00edrus-fert\u0151z\u00e9st &#8211; k\u00f6z\u00f6lte a koronavirus.gov.hu kedden.<\/p>\n","protected":false},"author":1001007,"featured_media":0,"comment_status":"closed","ping_status":"open","sticky":false,"template":"","format":"standard","meta":[],"categories":[4,427],"tags":[],"_links":{"self":[{"href":"https:\/\/gazdasagportal.hu\/index.php\/wp-json\/wp\/v2\/posts\/132471"}],"collection":[{"href":"https:\/\/gazdasagportal.hu\/index.php\/wp-json\/wp\/v2\/posts"}],"about":[{"href":"https:\/\/gazdasagportal.hu\/index.php\/wp-json\/wp\/v2\/types\/post"}],"author":[{"embeddable":true,"href":"https:\/\/gazdasagportal.hu\/index.php\/wp-json\/wp\/v2\/users\/1001007"}],"replies":[{"embeddable":true,"href":"https:\/\/gazdasagportal.hu\/index.php\/wp-json\/wp\/v2\/comments?post=132471"}],"version-history":[{"count":3,"href":"https:\/\/gazdasagportal.hu\/index.php\/wp-json\/wp\/v2\/posts\/132471\/revisions"}],"predecessor-version":[{"id":132474,"href":"https:\/\/gazdasagportal.hu\/index.php\/wp-json\/wp\/v2\/posts\/132471\/revisions\/132474"}],"wp:attachment":[{"href":"https:\/\/gazdasagportal.hu\/index.php\/wp-json\/wp\/v2\/media?parent=132471"}],"wp:term":[{"taxonomy":"category","embeddable":true,"href":"https:\/\/gazdasagportal.hu\/index.php\/wp-json\/wp\/v2\/categories?post=132471"},{"taxonomy":"post_tag","embeddable":true,"href":"https:\/\/gazdasagportal.hu\/index.php\/wp-json\/wp\/v2\/tags?post=132471"}],"curies":[{"name":"wp","href":"https:\/\/api.w.org\/{rel}","templated":true}]}}