{"id":132404,"date":"2021-01-09T14:52:27","date_gmt":"2021-01-09T13:52:27","guid":{"rendered":"http:\/\/gazdasagportal.hu\/?p=132404"},"modified":"2021-01-09T11:53:22","modified_gmt":"2021-01-09T10:53:22","slug":"otodevel-csokkent-tavaly-a-forgalomba-helyezett-autok-szama-nemetorszagban","status":"publish","type":"post","link":"https:\/\/gazdasagportal.hu\/index.php\/otodevel-csokkent-tavaly-a-forgalomba-helyezett-autok-szama-nemetorszagban\/","title":{"rendered":"\u00d6t\u00f6d\u00e9vel cs\u00f6kkent tavaly a forgalomba helyezett aut\u00f3k sz\u00e1ma N\u00e9metorsz\u00e1gban"},"content":{"rendered":"<p><strong>Csaknem \u00f6t\u00f6d\u00e9vel cs\u00f6kkent a forgalomba helyezett \u00faj szem\u00e9lyg\u00e9pkocsik sz\u00e1ma N\u00e9metorsz\u00e1gban, a n\u00e9met aut\u00f3ipar termel\u00e9se \u00e9s exportja pedig nagyj\u00e1b\u00f3l negyed\u00e9vel esett vissza tavaly, ami h\u00edven t\u00fckr\u00f6zi, hogy milyen hatalmas csap\u00e1st m\u00e9rt a gazdas\u00e1gra is a koronav\u00edrus-j\u00e1rv\u00e1ny.<\/strong><!--more--><\/p>\n<div class=\"ads-in-post1\"><div id=\"gazdasagportal.hu_fullbanner_wideboard\"><\/div>\r\n<\/div>\n<p>A j\u00e1rm\u0171ipari v\u00e1llalatok szakmai k\u00e9pviselet\u00e9nek (VDA) p\u00e9nteken k\u00f6z\u00f6lt jelent\u00e9se szerint 2020-ban nagyj\u00e1b\u00f3l 2,92 milli\u00f3 szem\u00e9lyg\u00e9pkocsit helyeztek forgalomba N\u00e9metorsz\u00e1gban, 19 sz\u00e1zal\u00e9kkal kevesebbet mint az el\u0151z\u0151 \u00e9vben.<br \/>\nEbb\u0151l tavaly decemberben 311 ezer 394 aut\u00f3 ker\u00fclt forgalomba, ami 10 sz\u00e1zal\u00e9kkal m\u00falta fel\u00fcl a 2019. decemberi adatot. Ebben szerepet j\u00e1tszott, hogy decemberben kett\u0151vel t\u00f6bb munkanap volt az egy \u00e9vvel kor\u00e1bbin\u00e1l. R\u00e1ad\u00e1sul az \u00e9v v\u00e9g\u00e9n lej\u00e1rt az \u00e1ltal\u00e1nos forgalmi ad\u00f3 kulcsainak cs\u00f6kkent\u00e9se, \u00edgy sokan el\u0151rehozt\u00e1k a v\u00e1s\u00e1rl\u00e1st, hogy m\u00e9g olcs\u00f3bban meg tudj\u00e1k venni a kiszemelt aut\u00f3t.<br \/>\nHildegard M\u00fcller, a VDA eln\u00f6ke kijelentette: v\u00e1rakoz\u00e1saik szerint 2021-ben talpra \u00e1ll a n\u00e9met aut\u00f3piac, de nem val\u00f3sz\u00edn\u0171, hogy a j\u00e1rv\u00e1ny el\u0151tti nagyon er\u0151s szintet el\u00e9ri.<br \/>\n2019-ben t\u00edz \u00e9ve nem l\u00e1tott magas szintre emelkedett a N\u00e9metorsz\u00e1gban forgalomba helyezett \u00faj szem\u00e9lyg\u00e9pkocsik sz\u00e1ma: 3,6 milli\u00f3 \u00faj aut\u00f3 ker\u00fclt az utakra, 5 sz\u00e1zal\u00e9kkal t\u00f6bb az el\u0151z\u0151 \u00e9vin\u00e9l. Ezt megel\u0151z\u0151en 2009-ben volt t\u00f6bb a forgalomba helyezett szem\u00e9lyg\u00e9pkocsik sz\u00e1ma, 3,8 milli\u00f3.<br \/>\nA n\u00e9met aut\u00f3gy\u00e1rt\u00f3k belf\u00f6ldi megrendel\u00e9se tavaly decemberben 16 sz\u00e1zal\u00e9kkal, az eg\u00e9sz \u00e9vet tekintve pedig 17 sz\u00e1zal\u00e9kkal volt alacsonyabb mint 2019-ben. A k\u00fclf\u00f6ldi kereslet enn\u00e9l sokkal jobban alakult: decemberben nem v\u00e1ltozott, az \u00e9v eg\u00e9sz\u00e9ben pedig 11 sz\u00e1zal\u00e9kos volt a cs\u00f6kken\u00e9s.<br \/>\nA n\u00e9met aut\u00f3ipar exportja decemberben stagn\u00e1lt, 219 ezer 400 aut\u00f3t sz\u00e1ll\u00edtottak ki szerte a vil\u00e1gba, nagyj\u00e1b\u00f3l ugyanannyit mint egy \u00e9vvel kor\u00e1bban. Az \u00e9v eg\u00e9sz\u00e9t tekintve azonban 24 sz\u00e1zal\u00e9kkal, 2,6 milli\u00f3ra s\u00fcllyedt a N\u00e9metorsz\u00e1gb\u00f3l export\u00e1lt szem\u00e9lyaut\u00f3k sz\u00e1ma.<br \/>\n<div class=\"ads-in-post1\"><div id=\"gazdasagportal.hu_fullbanner_wideboard\"><\/div>\r\n<\/div>\nA n\u00e9metorsz\u00e1gi gy\u00e1rt\u00f3sorokr\u00f3l decemberben 280 ezer 800 szem\u00e9lyaut\u00f3 g\u00f6rd\u00fclt le, 1 sz\u00e1zal\u00e9kkal t\u00f6bb mint 2019 december\u00e9ben. Az eg\u00e9sz \u00e9vben azonban a n\u00e9met aut\u00f3ipar csak 3,5 milli\u00f3 szem\u00e9lyg\u00e9pkocsit gy\u00e1rtott, ami az ut\u00f3bbi 45 \u00e9v legalacsonyabb sz\u00e1ma, 25 sz\u00e1zal\u00e9kkal kevesebb a 2019-es 4,66 milli\u00f3n\u00e1l.<\/p>\n<p><strong><a title=\"Hely megnyit\u00e1sa\" href=\"https:\/\/www.vda.de\/de\/presse\/Pressemeldungen\/210108-Corona-Effekt--Austausch--lterer-Autos-stockt.html\" target=\"_blank\" rel=\"noopener noreferrer\">https:\/\/www.vda.de\/de\/presse\/Pressemeldungen\/210108-Corona-Effekt&#8211;Austausch&#8211;lterer-Autos-stockt.html<\/a><\/strong><\/p><div id=\"gazda-4084124763\" class=\"gazda-tartalomban gazda-entity-placement\"><script async src=\"https:\/\/pagead2.googlesyndication.com\/pagead\/js\/adsbygoogle.js\"><\/script>\r\n<ins class=\"adsbygoogle\"\r\n     style=\"display:block\"\r\n     data-ad-format=\"fluid\"\r\n     data-ad-layout-key=\"-6t+ed+2i-1n-4w\"\r\n     data-ad-client=\"ca-pub-1959107119989764\"\r\n     data-ad-slot=\"4008251320\"><\/ins>\r\n<script>\r\n     (adsbygoogle = window.adsbygoogle || []).push({});\r\n<\/script><\/div>\n<p>&nbsp;<\/p>\n","protected":false},"excerpt":{"rendered":"<p>Csaknem \u00f6t\u00f6d\u00e9vel cs\u00f6kkent a forgalomba helyezett \u00faj szem\u00e9lyg\u00e9pkocsik sz\u00e1ma N\u00e9metorsz\u00e1gban, a n\u00e9met aut\u00f3ipar termel\u00e9se \u00e9s exportja pedig nagyj\u00e1b\u00f3l negyed\u00e9vel esett vissza tavaly, ami h\u00edven t\u00fckr\u00f6zi, hogy milyen hatalmas csap\u00e1st m\u00e9rt a gazdas\u00e1gra is a koronav\u00edrus-j\u00e1rv\u00e1ny.<\/p>\n","protected":false},"author":1001006,"featured_media":0,"comment_status":"closed","ping_status":"open","sticky":false,"template":"","format":"standard","meta":[],"categories":[12,246],"tags":[],"_links":{"self":[{"href":"https:\/\/gazdasagportal.hu\/index.php\/wp-json\/wp\/v2\/posts\/132404"}],"collection":[{"href":"https:\/\/gazdasagportal.hu\/index.php\/wp-json\/wp\/v2\/posts"}],"about":[{"href":"https:\/\/gazdasagportal.hu\/index.php\/wp-json\/wp\/v2\/types\/post"}],"author":[{"embeddable":true,"href":"https:\/\/gazdasagportal.hu\/index.php\/wp-json\/wp\/v2\/users\/1001006"}],"replies":[{"embeddable":true,"href":"https:\/\/gazdasagportal.hu\/index.php\/wp-json\/wp\/v2\/comments?post=132404"}],"version-history":[{"count":1,"href":"https:\/\/gazdasagportal.hu\/index.php\/wp-json\/wp\/v2\/posts\/132404\/revisions"}],"predecessor-version":[{"id":132405,"href":"https:\/\/gazdasagportal.hu\/index.php\/wp-json\/wp\/v2\/posts\/132404\/revisions\/132405"}],"wp:attachment":[{"href":"https:\/\/gazdasagportal.hu\/index.php\/wp-json\/wp\/v2\/media?parent=132404"}],"wp:term":[{"taxonomy":"category","embeddable":true,"href":"https:\/\/gazdasagportal.hu\/index.php\/wp-json\/wp\/v2\/categories?post=132404"},{"taxonomy":"post_tag","embeddable":true,"href":"https:\/\/gazdasagportal.hu\/index.php\/wp-json\/wp\/v2\/tags?post=132404"}],"curies":[{"name":"wp","href":"https:\/\/api.w.org\/{rel}","templated":true}]}}