{"id":132298,"date":"2021-01-04T14:57:12","date_gmt":"2021-01-04T13:57:12","guid":{"rendered":"http:\/\/gazdasagportal.hu\/?p=132298"},"modified":"2021-01-04T14:57:12","modified_gmt":"2021-01-04T13:57:12","slug":"megorizte-piacvezeto-helyet-a-suzuki","status":"publish","type":"post","link":"https:\/\/gazdasagportal.hu\/index.php\/megorizte-piacvezeto-helyet-a-suzuki\/","title":{"rendered":"Meg\u0151rizte piacvezet\u0151 hely\u00e9t a Suzuki"},"content":{"rendered":"<p><strong>A Suzuki 14 783 eladott \u00faj szem\u00e9lyg\u00e9pkocsival 11,55 sz\u00e1zal\u00e9kos r\u00e9szesed\u00e9st \u00e9rt el a magyar szem\u00e9lyaut\u00f3-piacon 2020-ban, ezzel \u00f6t egym\u00e1s ut\u00e1ni \u00e9vben piacvezet\u0151 szerepet szerzett &#8211; k\u00f6z\u00f6lte a t\u00e1rsas\u00e1g kommunik\u00e1ci\u00f3s vezet\u0151je h\u00e9tf\u0151n az MTI-vel.<\/strong><!--more--><\/p>\n<div class=\"ads-in-post1\"><div id=\"gazdasagportal.hu_fullbanner_wideboard\"><\/div>\r\n<\/div>\n<p>    Bonn\u00e1r-Csonka Zsuzsanna t\u00e1j\u00e9koztat\u00e1sa szerint az Esztergomban gy\u00e1rtott Vitara 30 sz\u00e1zal\u00e9kot meghalad\u00f3 r\u00e9szesed\u00e9ssel vezeti a SUV v\u00e1rosi-szabadid\u0151 kateg\u00f3ri\u00e1t \u00e9s a szem\u00e9lyaut\u00f3k mez\u0151ny\u00e9t, 6882 eladott darabbal.<br \/>\n    A teljes \u00fajszem\u00e9lyaut\u00f3-piac modellje k\u00f6z\u00f6tt a m\u00e1sodik helyet foglalja el a szint\u00e9n hazai gy\u00e1rt\u00e1s\u00fa, Suzuki SX4 S-CROSS, melyb\u0151l az \u00e9v v\u00e9g\u00e9ig 5578 darab kelt el.<br \/>\n    A k\u00e9t hazai modell gy\u00e1rt\u00e1s\u00e1t csaknem 2800 dolgoz\u00f3 \u00e9s 770 robot v\u00e9gzi k\u00e9t m\u0171szakban a Magyar Suzuki \u00fczem\u00e9ben. A gy\u00e1rt\u00e1s t\u00f6bb mint 65 sz\u00e1zal\u00e9ka m\u00e1r hibrid g\u00e9pj\u00e1rm\u0171 volt 2020-ban.<br \/>\n    A tov\u00e1bbi, nem Esztergomban k\u00e9sz\u00fclt, de Magyarorsz\u00e1gon is forgalmazott Suzuki t\u00edpusok k\u00f6z\u00fcl a Swiftb\u0151l 1401, az Ignisb\u0151l 618, Jimnyb\u0151l 194 darabot helyeztek forgalomba 2020-ban. A B szegmensben szerepl\u0151 Swift \u00e9s Ignis egy\u00fcttes r\u00e9szesed\u00e9se 13,38 sz\u00e1zal\u00e9kos.<br \/>\n    A v\u00e1llalat k\u00e9t \u00faj import hibrid modell \u00e9rt\u00e9kes\u00edt\u00e9s\u00e9t is megkezdte Eur\u00f3p\u00e1ban. Az elektromos h\u00e1l\u00f3zatr\u00f3l is t\u00f6lthet\u0151 SUV Acrossb\u00f3l 35 darabot,  a hibrid rendszerrel felszerelt Swace modellb\u0151l pedig 74 darabot regisztr\u00e1ltak el\u0151\u00e9rt\u00e9kes\u00edt\u00e9s keretein bel\u00fcl. A k\u00e9t modell piaci bevezet\u00e9se janu\u00e1rt\u00f3l indul Magyarorsz\u00e1gon.<br \/>\n    A Magyar Suzuki Zrt.-t 1991-ben alap\u00edtott\u00e1k, \u00e9s az\u00f3ta is a jap\u00e1n anyav\u00e1llalat egyetlen eur\u00f3pai gy\u00e1rt\u00f3egys\u00e9ge. A c\u00e9g partnereinek, besz\u00e1ll\u00edt\u00f3inak, valamint orsz\u00e1gos m\u00e1rkakeresked\u0151i h\u00e1l\u00f3zat\u00e1nak k\u00f6sz\u00f6nhet\u0151en hozz\u00e1vet\u0151legesen 10 ezer munkav\u00e1llal\u00f3 meg\u00e9lhet\u00e9s\u00e9hez j\u00e1rul hozz\u00e1.<br \/>\n<div class=\"ads-in-post1\"><div id=\"gazdasagportal.hu_fullbanner_wideboard\"><\/div>\r\n<\/div>\n    A Suzuki alap\u00edt\u00e1sa \u00f3ta 1,9 milli\u00e1rd eur\u00f3t fektetett be Magyarorsz\u00e1gon, ezzel az \u00e9rt\u00e9kkel a legnagyobb jap\u00e1n beruh\u00e1z\u00f3. A v\u00e1llalat 2019-ben 60 milli\u00f3 eur\u00f3t ford\u00edtott fejleszt\u00e9sekre, f\u0151k\u00e9nt a hibrid modellek bevezet\u00e9s\u00e9re.<br \/>\n    A t\u00e1rsas\u00e1g csaknem 2,41 milli\u00e1rd eur\u00f3 nett\u00f3 \u00e1rbev\u00e9tellel z\u00e1rta a 2019-es \u00e9vet. Exportb\u00f3l 2,07 milli\u00e1rd eur\u00f3 sz\u00e1rmazott, a belf\u00f6ldi \u00e9rt\u00e9kes\u00edt\u00e9s \u00e1rbev\u00e9tele 343,3 milli\u00f3 eur\u00f3 volt. A v\u00e1llalat a 2019-es adatok alapj\u00e1n az orsz\u00e1g 7. legnagyobb \u00e1rbev\u00e9tel\u0171 c\u00e9ge.(MTI)<\/p>\n","protected":false},"excerpt":{"rendered":"<p>A Suzuki 14 783 eladott \u00faj szem\u00e9lyg\u00e9pkocsival 11,55 sz\u00e1zal\u00e9kos r\u00e9szesed\u00e9st \u00e9rt el a magyar szem\u00e9lyaut\u00f3-piacon 2020-ban, ezzel \u00f6t egym\u00e1s ut\u00e1ni \u00e9vben piacvezet\u0151 szerepet szerzett &#8211; k\u00f6z\u00f6lte a t\u00e1rsas\u00e1g kommunik\u00e1ci\u00f3s vezet\u0151je h\u00e9tf\u0151n az MTI-vel.<\/p>\n","protected":false},"author":1001007,"featured_media":0,"comment_status":"closed","ping_status":"open","sticky":false,"template":"","format":"standard","meta":[],"categories":[19],"tags":[],"_links":{"self":[{"href":"https:\/\/gazdasagportal.hu\/index.php\/wp-json\/wp\/v2\/posts\/132298"}],"collection":[{"href":"https:\/\/gazdasagportal.hu\/index.php\/wp-json\/wp\/v2\/posts"}],"about":[{"href":"https:\/\/gazdasagportal.hu\/index.php\/wp-json\/wp\/v2\/types\/post"}],"author":[{"embeddable":true,"href":"https:\/\/gazdasagportal.hu\/index.php\/wp-json\/wp\/v2\/users\/1001007"}],"replies":[{"embeddable":true,"href":"https:\/\/gazdasagportal.hu\/index.php\/wp-json\/wp\/v2\/comments?post=132298"}],"version-history":[{"count":1,"href":"https:\/\/gazdasagportal.hu\/index.php\/wp-json\/wp\/v2\/posts\/132298\/revisions"}],"predecessor-version":[{"id":132299,"href":"https:\/\/gazdasagportal.hu\/index.php\/wp-json\/wp\/v2\/posts\/132298\/revisions\/132299"}],"wp:attachment":[{"href":"https:\/\/gazdasagportal.hu\/index.php\/wp-json\/wp\/v2\/media?parent=132298"}],"wp:term":[{"taxonomy":"category","embeddable":true,"href":"https:\/\/gazdasagportal.hu\/index.php\/wp-json\/wp\/v2\/categories?post=132298"},{"taxonomy":"post_tag","embeddable":true,"href":"https:\/\/gazdasagportal.hu\/index.php\/wp-json\/wp\/v2\/tags?post=132298"}],"curies":[{"name":"wp","href":"https:\/\/api.w.org\/{rel}","templated":true}]}}