{"id":132291,"date":"2021-01-04T12:09:35","date_gmt":"2021-01-04T11:09:35","guid":{"rendered":"http:\/\/gazdasagportal.hu\/?p=132291"},"modified":"2021-01-04T12:09:35","modified_gmt":"2021-01-04T11:09:35","slug":"koronavirus-nagy-britanniaban-megkezdodott-az-oxfordastrazeneca-vakcina-alkalmazasa","status":"publish","type":"post","link":"https:\/\/gazdasagportal.hu\/index.php\/koronavirus-nagy-britanniaban-megkezdodott-az-oxfordastrazeneca-vakcina-alkalmazasa\/","title":{"rendered":"Koronav\u00edrus &#8211; Nagy-Britanni\u00e1ban megkezd\u0151d\u00f6tt az Oxford\/AstraZeneca-vakcina alkalmaz\u00e1sa"},"content":{"rendered":"<p><strong>Megkezd\u0151d\u00f6tt h\u00e9tf\u0151n az Oxfordi Egyetem \u00e9s az AstraZeneca gy\u00f3gyszergy\u00e1r \u00e1ltal a koronav\u00edrus ellen k\u00f6z\u00f6sen kidolgozott olt\u00f3anyag nagy-britanniai alkalmaz\u00e1sa.<\/strong><!--more--><\/p>\n<div class=\"ads-in-post1\"><div id=\"gazdasagportal.hu_fullbanner_wideboard\"><\/div>\r\n<\/div>\n<p>    A brit \u00e1llami eg\u00e9szs\u00e9g\u00fcgyi szolg\u00e1lat (NHS) angliai tagozat\u00e1nak t\u00e1j\u00e9koztat\u00e1sa szerint a vil\u00e1gon els\u0151k\u00e9nt az oxfordi illet\u0151s\u00e9g\u0171 Brian Pinker kapta meg a vakcin\u00e1t. Pinker 82 esztend\u0151s \u00e9s dial\u00edziskezel\u00e9sre szorul, ez\u00e9rt k\u00e9t szempontb\u00f3l is a vesz\u00e9lyeztetett \u00e9s \u00edgy az els\u0151k k\u00f6z\u00f6tt oltand\u00f3k csoportj\u00e1ba tartozik.<br \/>\n    A brit korm\u00e1ny egyes\u00edtett olt\u00e1s\u00fcgyi bizotts\u00e1ga (Joint Committee on Vaccination and Immunisation, JCVI) \u00e1ltal m\u00e9g tavaly felv\u00e1zolt els\u0151bbs\u00e9gi lista koroszt\u00e1lyok \u00e9s eg\u00e9szs\u00e9gi \u00e1llapot szerint sorolja vesz\u00e9lyeztetetts\u00e9gi csoportokba a lakoss\u00e1got, \u00e9s a 80 \u00e9ven fel\u00fcliek, a kr\u00f3nikus eg\u00e9szs\u00e9gi gondokkal k\u00fcszk\u00f6d\u0151k, valamint az eg\u00e9szs\u00e9g\u00fcgyi \u00e9s a gondoz\u00f3i szolg\u00e1latok dolgoz\u00f3i a legmagasabb els\u0151bbs\u00e9gi csoportba tartoznak.<br \/>\n    Az Oxford\/AstraZeneca-vakcina &#8211; amelynek forgalmaz\u00e1s\u00e1t a m\u00falt h\u00e9ten enged\u00e9lyezte a brit gy\u00f3gyszerfel\u00fcgyeleti hat\u00f3s\u00e1g (MHRA) &#8211; a m\u00e1sodik olt\u00f3anyag a Pfizer \u00e9s a BioNtech k\u00f6z\u00f6s vakcin\u00e1ja ut\u00e1n, amelynek nagy-britanniai alkalmaz\u00e1sa megkezd\u0151d\u00f6tt.<br \/>\n    Az Oxford\/AstraZeneca-vakcina komoly el\u0151nye, hogy sz\u00e1ll\u00edt\u00e1s k\u00f6zben sem ig\u00e9nyel m\u00e9lyfagyaszt\u00e1st, a gy\u00e1rt\u00e1st\u00f3l a felhaszn\u00e1l\u00e1sig norm\u00e1l h\u0171t\u0151szekr\u00e9ny-h\u0151m\u00e9rs\u00e9kleten tarthat\u00f3.<br \/>\n<div class=\"ads-in-post1\"><div id=\"gazdasagportal.hu_fullbanner_wideboard\"><\/div>\r\n<\/div>\n    A Pfizer \u00e9s a BioNTech olt\u00f3anyag\u00e1t m\u00ednusz 70 fokon kell t\u00e1rolni sz\u00e1ll\u00edt\u00e1s k\u00f6zben, b\u00e1r a kisz\u00e1ll\u00edt\u00e1s ut\u00e1n \u00f6t napig ez a vakcina is norm\u00e1l h\u0171t\u0151szekr\u00e9ny-h\u0151m\u00e9rs\u00e9kleten, 2-8 fokon t\u00e1rolhat\u00f3.<br \/>\n    A brit korm\u00e1ny a Pfizer\/BioNTech-vakcin\u00e1b\u00f3l eddig 50 milli\u00f3, az Oxford\/AstraZeneca-olt\u00f3anyagb\u00f3l sz\u00e1zmilli\u00f3 adagot k\u00f6t\u00f6tt le.<br \/>\n    Nagy-Britanni\u00e1ban december 8-\u00e1n kezd\u0151d\u00f6tt a t\u00f6meges olt\u00e1si kamp\u00e1ny, \u00e9s Matt Hancock brit eg\u00e9szs\u00e9g\u00fcgyi miniszter az \u00faj \u00e9v els\u0151 napj\u00e1n k\u00f6z\u00f6lte, hogy el\u00e9rte az egymilli\u00f3t a beadott olt\u00e1sok sz\u00e1ma.<br \/>\n    Hancock a BBC brit k\u00f6zszolg\u00e1lati telev\u00edzi\u00f3 h\u00e9tf\u0151i magazinm\u0171sor\u00e1ban az Oxford\/AstraZeneca-vakcina alkalmaz\u00e1s\u00e1nak elkezd\u00e9s\u00e9t komment\u00e1lva kijelentette, hogy &#8222;lesz m\u00e9g n\u00e9h\u00e1ny kem\u00e9ny h\u00e9t&#8221;, de az olt\u00f3anyagok m\u00e1r a kiutat jelentik a koronav\u00edrus-j\u00e1rv\u00e1nyb\u00f3l.<br \/>\n    A brit adagol\u00e1si menetrend \u00e1talak\u00edt\u00e1s\u00e1ra utalva a miniszter azt monda: most m\u00e1r tudhat\u00f3, hogy az els\u0151 d\u00f3zis is v\u00e9delmet ny\u00fajt, ez\u00e9rt a m\u00e1sodik adag bead\u00e1s\u00e1val lehet ak\u00e1r 12 hetet is v\u00e1rni.<br \/>\n<div class=\"ads-in-post1\"><div id=\"gazdasagportal.hu_fullbanner_wideboard\"><\/div>\r\n<\/div>\n    Az eddig enged\u00e9lyezett k\u00e9t vakcin\u00e1b\u00f3l k\u00e9t adagot kell beadni. A JCVI aj\u00e1nl\u00e1s\u00e1ra azonban a brit korm\u00e1ny a m\u00e1sodik d\u00f3zis lehet\u0151 leggyorsabb bead\u00e1s\u00e1r\u00f3l arra helyezte \u00e1t a hangs\u00falyt. Ennek c\u00e9lja az, hogy a legvesz\u00e9lyeztetettebb lakoss\u00e1gi csoportok tagjai k\u00f6z\u00fcl min\u00e9l t\u00f6bben min\u00e9l hamarabb megkapj\u00e1k az els\u0151 adagot, \u00e9s \u00edgy gyorsan kialakuljon n\u00e1luk a koronav\u00edrus-fert\u0151z\u00e9s okozta s\u00falyos megbeteged\u00e9s elleni v\u00e9detts\u00e9g.<br \/>\n    Ennek alapj\u00e1n az eddigi h\u00e1romhetes id\u0151k\u00fcl\u00f6nbs\u00e9g helyett az els\u0151 d\u00f3zis bead\u00e1s\u00e1t 12 h\u00e9ten bel\u00fcl k\u00f6vetheti a m\u00e1sodik adag bead\u00e1sa.<br \/>\n    Chris Whitty angol, Michael McBride \u00e9szak-\u00edrorsz\u00e1gi, Gregor Smith sk\u00f3ciai \u00e9s Frank Atherton walesi tisztif\u0151orvos, valamint Jonathan Van-Tam angliai tisztif\u0151orvos-helyettes az eg\u00e9szs\u00e9g\u00fcgyi miniszt\u00e9rium \u00e1ltal a m\u00falt h\u00e9ten ismertetett k\u00f6z\u00f6s \u00e1ll\u00e1sfoglal\u00e1s\u00e1ban k\u00f6z\u00f6lte: a megbeteged\u00e9s elleni kezdeti v\u00e9delem jelent\u0151s r\u00e9szben m\u00e1r az els\u0151 d\u00f3zis bead\u00e1sa ut\u00e1n kialakul.<br \/>\n<div class=\"ads-in-post1\"><div id=\"gazdasagportal.hu_fullbanner_wideboard\"><\/div>\r\n<\/div>\n    A tisztif\u0151orvosok \u00e1ll\u00e1sfoglal\u00e1sa szerint k\u00f6zeg\u00e9szs\u00e9g\u00fcgyi szempontb\u00f3l nyilv\u00e1nval\u00f3an sokkal el\u0151ny\u00f6sebb, ha a k\u00f6vetkez\u0151 k\u00e9t-h\u00e1rom h\u00f3napban &#8211; az els\u0151 d\u00f3zis miel\u0151bbi bead\u00e1s\u00e1ra \u00e1thelyezve a hangs\u00falyt &#8211; k\u00e9tszer annyi embert lehet beoltani, mint az, ha a k\u00e9t d\u00f3zis min\u00e9l gyorsabb bead\u00e1s\u00e1ra koncentr\u00e1lva feleannyi ember kaphatja meg a vakcin\u00e1t.(MTI)<\/p>\n","protected":false},"excerpt":{"rendered":"<p>Megkezd\u0151d\u00f6tt h\u00e9tf\u0151n az Oxfordi Egyetem \u00e9s az AstraZeneca gy\u00f3gyszergy\u00e1r \u00e1ltal a koronav\u00edrus ellen k\u00f6z\u00f6sen kidolgozott olt\u00f3anyag nagy-britanniai alkalmaz\u00e1sa.<\/p>\n","protected":false},"author":1001007,"featured_media":132292,"comment_status":"closed","ping_status":"open","sticky":false,"template":"","format":"standard","meta":[],"categories":[146,12,427,246],"tags":[],"_links":{"self":[{"href":"https:\/\/gazdasagportal.hu\/index.php\/wp-json\/wp\/v2\/posts\/132291"}],"collection":[{"href":"https:\/\/gazdasagportal.hu\/index.php\/wp-json\/wp\/v2\/posts"}],"about":[{"href":"https:\/\/gazdasagportal.hu\/index.php\/wp-json\/wp\/v2\/types\/post"}],"author":[{"embeddable":true,"href":"https:\/\/gazdasagportal.hu\/index.php\/wp-json\/wp\/v2\/users\/1001007"}],"replies":[{"embeddable":true,"href":"https:\/\/gazdasagportal.hu\/index.php\/wp-json\/wp\/v2\/comments?post=132291"}],"version-history":[{"count":1,"href":"https:\/\/gazdasagportal.hu\/index.php\/wp-json\/wp\/v2\/posts\/132291\/revisions"}],"predecessor-version":[{"id":132293,"href":"https:\/\/gazdasagportal.hu\/index.php\/wp-json\/wp\/v2\/posts\/132291\/revisions\/132293"}],"wp:featuredmedia":[{"embeddable":true,"href":"https:\/\/gazdasagportal.hu\/index.php\/wp-json\/wp\/v2\/media\/132292"}],"wp:attachment":[{"href":"https:\/\/gazdasagportal.hu\/index.php\/wp-json\/wp\/v2\/media?parent=132291"}],"wp:term":[{"taxonomy":"category","embeddable":true,"href":"https:\/\/gazdasagportal.hu\/index.php\/wp-json\/wp\/v2\/categories?post=132291"},{"taxonomy":"post_tag","embeddable":true,"href":"https:\/\/gazdasagportal.hu\/index.php\/wp-json\/wp\/v2\/tags?post=132291"}],"curies":[{"name":"wp","href":"https:\/\/api.w.org\/{rel}","templated":true}]}}