{"id":132258,"date":"2021-01-01T14:36:53","date_gmt":"2021-01-01T13:36:53","guid":{"rendered":"http:\/\/gazdasagportal.hu\/?p=132258"},"modified":"2021-01-01T14:36:53","modified_gmt":"2021-01-01T13:36:53","slug":"nohetnek-a-villanyszamlak-romaniaban-miutan-liberalizaltak-az-energiapiacot","status":"publish","type":"post","link":"https:\/\/gazdasagportal.hu\/index.php\/nohetnek-a-villanyszamlak-romaniaban-miutan-liberalizaltak-az-energiapiacot\/","title":{"rendered":"N\u0151hetnek a villanysz\u00e1ml\u00e1k Rom\u00e1ni\u00e1ban, miut\u00e1n liberaliz\u00e1lt\u00e1k az energiapiacot"},"content":{"rendered":"<p><strong>Liberaliz\u00e1lt\u00e1k p\u00e9ntekt\u0151l az energiapiacot Rom\u00e1ni\u00e1ban, \u00edgy a lakoss\u00e1gi fogyaszt\u00f3k ezent\u00fal m\u00e1r nem az energia\u00e1rszab\u00e1lyoz\u00f3 hat\u00f3t\u00f3s\u00e1g (ANRE) \u00e1ltal megaszabott, hanem a piaci verseny \u00e1ltal kialak\u00edtott \u00e1rat fizetik a felhaszn\u00e1lt villany\u00e1ram\u00e9rt.<\/strong><!--more--><\/p>\n<div class=\"ads-in-post1\"><div id=\"gazdasagportal.hu_fullbanner_wideboard\"><\/div>\r\n<\/div>\n<p>    Az Agerpres h\u00edr\u00fcgyn\u00f6ks\u00e9g szerint az a hatmilli\u00f3 fogyaszt\u00f3, aki mostanig a szab\u00e1lyozott energiapiacon maradt, janu\u00e1r elsej\u00e9t\u0151l 13-26 sz\u00e1zal\u00e9kkal nagyobb villanysz\u00e1ml\u00e1ra sz\u00e1m\u00edthat, ha nem k\u00f6t\u00f6tt a versenypiacon \u00faj szerz\u0151d\u00e9st \u00e9s tov\u00e1bbra is az egyetemes szolg\u00e1ltat\u00e1si rendszerben maradt. A legnagyobb m\u00e9rt\u00e9k\u0171, 26 sz\u00e1zal\u00e9kos dr\u00e1gul\u00e1sra a b\u00e1ns\u00e1gi Enel Distributie, a legalacsonyabb, 13-14 sz\u00e1zal\u00e9kos \u00e1remel\u00e9sre az E.ON Distributie \u00e9s az \u00e9szak-erd\u00e9lyi Electrica \u00fcgyfelei sz\u00e1m\u00edthatnak.<br \/>\n    Rom\u00e1nia 2018-ban m\u00e1r bevezette egyszer az elektromos energiaszolg\u00e1ltat\u00e1s lakoss\u00e1gi piac\u00e1nak r\u00e9szleges liberaliz\u00e1ci\u00f3j\u00e1t, azonban 14 h\u00f3nap eltelt\u00e9vel, 2019. m\u00e1rcius 1-\u00e9t\u0151l kezd\u0151d\u0151en a korm\u00e1ny vissza\u00e1ll\u00edtotta az \u00e1rak hat\u00f3s\u00e1gi szab\u00e1lyoz\u00e1s\u00e1t, megakad\u00e1lyozand\u00f3, hogy a szolg\u00e1ltat\u00f3k a lakoss\u00e1gi fogyaszt\u00f3kra terhelj\u00e9k az energiaszektorra kivetett &#8211; majd 2020 janu\u00e1rj\u00e1ban elt\u00f6r\u00f6lt &#8211; k\u00fcl\u00f6nad\u00f3t.<br \/>\n    B\u00e1r az energiapiac teljes \u00e1rliberaliz\u00e1ci\u00f3j\u00e1r\u00f3l csaknem egy \u00e9ve d\u00f6nt\u00f6tt a bukaresti korm\u00e1ny, \u00e9s a jogszab\u00e1ly t\u00e1j\u00e9koztat\u00e1si k\u00f6telezetts\u00e9get is megszabott az ANRE, valamint a szolg\u00e1ltat\u00f3k sz\u00e1m\u00e1ra, egy decemberi felm\u00e9r\u00e9s szerint a fogyaszt\u00f3k t\u00f6bb mint 90 sz\u00e1zal\u00e9ka nem tudott arr\u00f3l, hogy 2021. janu\u00e1r elsej\u00e9t\u0151l szabadpiaci \u00e1rat kell fizetnie az \u00e1ramszolg\u00e1ltat\u00e1s\u00e9rt \u00e9s az el\u0151ny\u00f6sebb d\u00edjszab\u00e1s \u00e9rdek\u00e9ben szolg\u00e1ltat\u00f3t v\u00e1lthat.<br \/>\n<div class=\"ads-in-post1\"><div id=\"gazdasagportal.hu_fullbanner_wideboard\"><\/div>\r\n<\/div>\n    Az \u00f3\u00e9v utols\u00f3 napj\u00e1n Virgil Popescu energetikai miniszter egy r\u00e1di\u00f3s interj\u00faban azt mondta: \u0151 maga sem kapott \u00e9rtes\u00edt\u00e9st a szolg\u00e1ltat\u00f3j\u00e1t\u00f3l az energiapiaci \u00e1rliberaliz\u00e1ci\u00f3r\u00f3l, \u00e9s egy\u00e9rtelm\u0171, hogy a lakoss\u00e1g nagy r\u00e9sze nem tudja, mi a teend\u0151. A t\u00e1rcavezet\u0151 szerint kiv\u00e1rnak m\u00e9g janu\u00e1r 15-\u00e9ig, de nem kiz\u00e1rt, hogy az els\u0151 tapasztalatok alapj\u00e1n t\u00f6rv\u00e9nyi k\u00f6zbel\u00e9p\u00e9ssel fogj\u00e1k seg\u00edteni a fogyaszt\u00f3kat a legjobb megold\u00e1s megtal\u00e1l\u00e1s\u00e1ban. A miniszter azt szeretn\u00e9, hogy a fogyaszt\u00f3k ne ker\u00fcljenek automatikusan az egyetemes szolg\u00e1ltat\u00e1s &#8211; a versenyszf\u00e9ra \u00e1ltal aj\u00e1nlottn\u00e1l &#8211; dr\u00e1g\u00e1bb piac\u00e1ra, ameddig nem v\u00e1lasztottak \u00e1ramszolg\u00e1ltat\u00f3t.<br \/>\n    A fogyaszt\u00f3k az ANRE honlapj\u00e1n tal\u00e1lnak egy \u00e1r\u00f6sszehasonl\u00edt\u00f3 alkalmaz\u00e1st, amelynek seg\u00edts\u00e9g\u00e9vel &#8211; a megye, \u00e9s \u00e1tlagos energiaig\u00e9ny f\u00fcggv\u00e9ny\u00e9ben &#8211; kiv\u00e1laszthatj\u00e1k a legkedvez\u0151bb aj\u00e1nlatot.(MTI)<\/p>\n","protected":false},"excerpt":{"rendered":"<p>Liberaliz\u00e1lt\u00e1k p\u00e9ntekt\u0151l az energiapiacot Rom\u00e1ni\u00e1ban, \u00edgy a lakoss\u00e1gi fogyaszt\u00f3k ezent\u00fal m\u00e1r nem az energia\u00e1rszab\u00e1lyoz\u00f3 hat\u00f3t\u00f3s\u00e1g (ANRE) \u00e1ltal megaszabott, hanem a piaci verseny \u00e1ltal kialak\u00edtott \u00e1rat fizetik a felhaszn\u00e1lt villany\u00e1ram\u00e9rt.<\/p>\n","protected":false},"author":1001006,"featured_media":0,"comment_status":"closed","ping_status":"open","sticky":false,"template":"","format":"standard","meta":[],"categories":[12],"tags":[],"_links":{"self":[{"href":"https:\/\/gazdasagportal.hu\/index.php\/wp-json\/wp\/v2\/posts\/132258"}],"collection":[{"href":"https:\/\/gazdasagportal.hu\/index.php\/wp-json\/wp\/v2\/posts"}],"about":[{"href":"https:\/\/gazdasagportal.hu\/index.php\/wp-json\/wp\/v2\/types\/post"}],"author":[{"embeddable":true,"href":"https:\/\/gazdasagportal.hu\/index.php\/wp-json\/wp\/v2\/users\/1001006"}],"replies":[{"embeddable":true,"href":"https:\/\/gazdasagportal.hu\/index.php\/wp-json\/wp\/v2\/comments?post=132258"}],"version-history":[{"count":1,"href":"https:\/\/gazdasagportal.hu\/index.php\/wp-json\/wp\/v2\/posts\/132258\/revisions"}],"predecessor-version":[{"id":132259,"href":"https:\/\/gazdasagportal.hu\/index.php\/wp-json\/wp\/v2\/posts\/132258\/revisions\/132259"}],"wp:attachment":[{"href":"https:\/\/gazdasagportal.hu\/index.php\/wp-json\/wp\/v2\/media?parent=132258"}],"wp:term":[{"taxonomy":"category","embeddable":true,"href":"https:\/\/gazdasagportal.hu\/index.php\/wp-json\/wp\/v2\/categories?post=132258"},{"taxonomy":"post_tag","embeddable":true,"href":"https:\/\/gazdasagportal.hu\/index.php\/wp-json\/wp\/v2\/tags?post=132258"}],"curies":[{"name":"wp","href":"https:\/\/api.w.org\/{rel}","templated":true}]}}