{"id":132181,"date":"2020-12-30T04:04:12","date_gmt":"2020-12-30T03:04:12","guid":{"rendered":"http:\/\/gazdasagportal.hu\/?p=132181"},"modified":"2020-12-29T21:49:13","modified_gmt":"2020-12-29T20:49:13","slug":"ujabb-ezuttal-63-as-erossegu-foldrenges-razta-meg-horvatorszagot-halottak-serultek","status":"publish","type":"post","link":"https:\/\/gazdasagportal.hu\/index.php\/ujabb-ezuttal-63-as-erossegu-foldrenges-razta-meg-horvatorszagot-halottak-serultek\/","title":{"rendered":"\u00dajabb, ez\u00fattal 6,3-as er\u0151ss\u00e9g\u0171 f\u00f6ldreng\u00e9s r\u00e1zta meg Horv\u00e1torsz\u00e1got, halottak, s\u00e9r\u00fcltek"},"content":{"rendered":"<p><strong>\u00dajabb, a kor\u00e1bbiakn\u00e1l er\u0151sebb, 6,3-as magnit\u00fad\u00f3j\u00fa f\u00f6ldreng\u00e9s r\u00e1zta meg Horv\u00e1torsz\u00e1got kedden kora d\u00e9lut\u00e1n, a term\u00e9szeti katasztr\u00f3f\u00e1nak h\u00e9t hal\u00e1los \u00e1ldozata van, k\u00f6zt\u00fck egy gyermek is &#8211; k\u00f6z\u00f6lte a helyi sajt\u00f3. Huszonhat s\u00e9r\u00fcltet vittek k\u00f3rh\u00e1zba, amelyb\u0151l ugyanakkor evaku\u00e1lni kell a betegeket, mert nem biztons\u00e1gos.<\/strong><!--more--><\/p>\n<div class=\"ads-in-post1\"><div id=\"gazdasagportal.hu_fullbanner_wideboard\"><\/div>\r\n<\/div>\n<p>    A f\u00f6ldreng\u00e9s epicentruma Z\u00e1gr\u00e1bt\u00f3l 46 kilom\u00e9terre, a k\u00f6z\u00e9p-horv\u00e1torsz\u00e1gi Petrinja k\u00f6zel\u00e9ben volt, ahol t\u00f6bb \u00e9p\u00fclet is \u00f6sszed\u0151lt.<br \/>\n    Andrej Plenkovic horv\u00e1t korm\u00e1nyf\u0151 elindult a helysz\u00ednre. A romok eltakar\u00edt\u00e1s\u00e1ra katonai alakulatokat is vez\u00e9nyeltek.<br \/>\n    A f\u00f6ldmozg\u00e1st eg\u00e9sz Horv\u00e1torsz\u00e1gban, de a szomsz\u00e9dos orsz\u00e1gokban, k\u00f6zt\u00fck Magyarorsz\u00e1gon is \u00e9rezni lehetett.<br \/>\n    Petrinj\u00e1ban egy f\u00e9rfit aut\u00f3j\u00e1b\u00f3l mentettek ki, amelyre r\u00e1d\u0151lt egy \u00e9p\u00fcletr\u00e9sz. Egy m\u00e1sik \u00f6sszed\u0151lt h\u00e1zb\u00f3l egy ap\u00e1t \u00e9s egy gyermeket hoztak ki, a gyerek belehalt s\u00falyos s\u00e9r\u00fcl\u00e9seibe. Az Index.hr h\u00edrport\u00e1l jelent\u00e9se szerint tov\u00e1bbi \u00f6t halottja van term\u00e9szeti katasztr\u00f3f\u00e1nak. Egy 20 \u00e9ves f\u00e9rfi, egy apa \u00e9s fia, valamint egy id\u0151sebb f\u00e9rfi \u00e9s m\u00e9g egy szem\u00e9ly. Mind az \u00f6ten a Glin\u00e1hoz k\u00f6zeli Majsko Polje telep\u00fcl\u00e9sen haltak meg, r\u00e1juk d\u0151lt a h\u00e1z. Egy embernek pedig m\u00e9g k\u00fczdenek az \u00e9let\u00e9\u00e9rt. Egy \u00fajabb holtest is el\u0151ker\u00fclt a romok al\u00f3l, a f\u00e9rfit egy templom temette maga al\u00e1 a Sziszek melletti, Zazina faluban. Nem kiz\u00e1rt, hogy tov\u00e1bbi \u00e1ldozatok is vannak.<br \/>\n    Huszonhat s\u00e9r\u00fcltet sz\u00e1ll\u00edtottak a k\u00f6zeli, sziszeki k\u00f3rh\u00e1zba, k\u00f6z\u00fcl\u00fck hatot s\u00falyos s\u00e9r\u00fcl\u00e9sekkel. Ek\u00f6zben a k\u00f3rh\u00e1z egyik sz\u00e1rny\u00e1b\u00f3l, amely nem biztons\u00e1gos, egy m\u00e1sik, f\u00e9lig k\u00e9sz sz\u00e1rnyba evaku\u00e1lj\u00e1k a betegeket. Negyven beteget \u00e1tsz\u00e1ll\u00edtottak Z\u00e1gr\u00e1bba. Sziszek v\u00e1ros\u00e1ban nem s\u00e9r\u00fclt meg senki, a f\u00f6ldmozg\u00e1s azonban itt is s\u00falyos k\u00e1rokat okozott az \u00e9p\u00fcletekben.<br \/>\n<div class=\"ads-in-post1\"><div id=\"gazdasagportal.hu_fullbanner_wideboard\"><\/div>\r\n<\/div>\n    A korm\u00e1nyf\u0151 a sajt\u00f3nak \u00fagy nyilatkozott: Petrinj\u00e1ban az \u00e9p\u00fcletek nem biztons\u00e1gosak, ez\u00e9rt a legt\u00f6bb ember nem t\u00e9rhet vissza otthon\u00e1ba. &#8222;Ez egy igazi trag\u00e9dia&#8221; &#8211; mondta.<br \/>\n    Kont\u00e9nereket \u00e9s s\u00e1trakat \u00e1ll\u00edt fel a katonas\u00e1g a lakoss\u00e1g r\u00e9sz\u00e9re. A k\u00f6zeli Glina telep\u00fcl\u00e9sen is k\u00f6zel k\u00e9tsz\u00e1zan maradtak biztons\u00e1gos fed\u00e9l n\u00e9lk\u00fcl.<br \/>\n    A nemzeti v\u00e1ls\u00e1gst\u00e1b azonnali hat\u00e1llyal feloldotta a janu\u00e1r 8-ig tart\u00f3 lakhelyelhagy\u00e1si tilalmat, amelyet a koronav\u00edrus-j\u00e1rv\u00e1ny terjed\u00e9s\u00e9nek megf\u00e9kez\u00e9s\u00e9re rendelt el m\u00e9g december 23-\u00e1n.<br \/>\n    Az orsz\u00e1g egyes r\u00e9szein nincs \u00e1ramszolg\u00e1ltat\u00e1s, nem m\u0171k\u00f6dik a telefon \u00e9s az internet. A hat\u00f3s\u00e1gok arra k\u00e9rik az embereket, hogy hagyj\u00e1k szabadon a m\u00e9g m\u0171k\u00f6d\u0151 telefonvonalakat.<br \/>\n    A f\u00f6ldreng\u00e9s Z\u00e1gr\u00e1bban is megrong\u00e1lt \u00e9p\u00fcleteket, a lakoss\u00e1g egy r\u00e9sze elhagyja a f\u0151v\u00e1rost, p\u00e1nik \u00e9s r\u00e9m\u00fclet lett \u00farr\u00e1 k\u00f6r\u00fckben.<br \/>\n    H\u00e9tf\u0151n kora reggel egy 5,2-es er\u0151ss\u00e9g\u0171 f\u00f6ldreng\u00e9s r\u00e1zta meg ugyanezt a ter\u00fcletet, amelyet m\u00e1sf\u00e9l \u00f3r\u00e1n bel\u00fcl egy 4,7-es \u00e9s egy 4,1-es er\u0151ss\u00e9g\u0171 f\u00f6ldmozg\u00e1s k\u00f6vetett.<br \/>\n    Szakemberek arra figyelmeztetnek, hogy ut\u00f3reng\u00e9sekre kell sz\u00e1m\u00edtani. A d\u00e9lut\u00e1n folyam\u00e1n n\u00e9gy nagyobb reng\u00e9s is volt, amelyek Z\u00e1gr\u00e1bban is j\u00f3 \u00e9rezhet\u0151ek voltak.<br \/>\n    A horv\u00e1t f\u0151v\u00e1rost \u00e9s k\u00f6rny\u00e9k\u00e9t kor\u00e1bban m\u00e1rcius 22-\u00e9n r\u00e1zta meg nagyobb f\u00f6ldreng\u00e9s. A f\u00e9l \u00f3ra k\u00fcl\u00f6nbs\u00e9ggel bek\u00f6vetkezett 5,6-os, majd 5,1-es er\u0151ss\u00e9g\u0171 f\u00f6ldmozg\u00e1sban sz\u00e1mos \u00e9p\u00fclet megrong\u00e1l\u00f3dott, \u00e9s t\u00f6bb ember megs\u00e9r\u00fclt. Az akkori f\u00f6ldmozg\u00e1s Z\u00e1gr\u00e1bban \u00e9s k\u00f6rny\u00e9k\u00e9n 25 ezer \u00e9p\u00fcletben okozott k\u00e1rt. A belv\u00e1rosban megrong\u00e1l\u00f3dott a f\u0151v\u00e1ros jelk\u00e9p\u00e9nek sz\u00e1m\u00edt\u00f3 katedr\u00e1lis, a horv\u00e1t parlament \u00e9s a korm\u00e1ny \u00e9p\u00fclete, valamint t\u00f6bb templom \u00e9s kultur\u00e1lis \u00f6r\u00f6ks\u00e9ghez tartoz\u00f3 \u00e9p\u00edtm\u00e9ny. T\u00f6bb k\u00f3rh\u00e1zb\u00f3l is evaku\u00e1lni kellett az embereket.<br \/>\n<div class=\"ads-in-post1\"><div id=\"gazdasagportal.hu_fullbanner_wideboard\"><\/div>\r\n<\/div>\n    Z\u00e1gr\u00e1bban a m\u00e1rciusi f\u00f6ldreng\u00e9s \u00f3ra folyamatosak az ut\u00f3reng\u00e9sek. A szakemberek mintegy k\u00e9tezret jegyeztek fel, amelyek negyede volt \u00e9rezhet\u0151. Hatezer \u00e9p\u00fclet a mai napig nem biztons\u00e1gos, k\u00f6zt\u00fck t\u00f6bb \u00f3voda, \u00e1ltal\u00e1nos iskola, k\u00f6z\u00e9piskola, egyetem, kultur\u00e1lis \u00e9s tudom\u00e1nyos int\u00e9zet.<br \/>\n    A keddi f\u00f6ldreg\u00e9s harmincszor er\u0151sebb volt, mint a tavaszi z\u00e1gr\u00e1bi &#8211; \u00edrta a sajt\u00f3.(MTI)<\/p>\n","protected":false},"excerpt":{"rendered":"<p>\u00dajabb, a kor\u00e1bbiakn\u00e1l er\u0151sebb, 6,3-as magnit\u00fad\u00f3j\u00fa f\u00f6ldreng\u00e9s r\u00e1zta meg Horv\u00e1torsz\u00e1got kedden kora d\u00e9lut\u00e1n, a term\u00e9szeti katasztr\u00f3f\u00e1nak h\u00e9t hal\u00e1los \u00e1ldozata van, k\u00f6zt\u00fck egy gyermek is &#8211; k\u00f6z\u00f6lte a helyi sajt\u00f3. Huszonhat s\u00e9r\u00fcltet vittek k\u00f3rh\u00e1zba, amelyb\u0151l ugyanakkor evaku\u00e1lni kell a betegeket, mert nem biztons\u00e1gos.<\/p>\n","protected":false},"author":1001006,"featured_media":0,"comment_status":"closed","ping_status":"open","sticky":false,"template":"","format":"standard","meta":[],"categories":[12],"tags":[],"_links":{"self":[{"href":"https:\/\/gazdasagportal.hu\/index.php\/wp-json\/wp\/v2\/posts\/132181"}],"collection":[{"href":"https:\/\/gazdasagportal.hu\/index.php\/wp-json\/wp\/v2\/posts"}],"about":[{"href":"https:\/\/gazdasagportal.hu\/index.php\/wp-json\/wp\/v2\/types\/post"}],"author":[{"embeddable":true,"href":"https:\/\/gazdasagportal.hu\/index.php\/wp-json\/wp\/v2\/users\/1001006"}],"replies":[{"embeddable":true,"href":"https:\/\/gazdasagportal.hu\/index.php\/wp-json\/wp\/v2\/comments?post=132181"}],"version-history":[{"count":1,"href":"https:\/\/gazdasagportal.hu\/index.php\/wp-json\/wp\/v2\/posts\/132181\/revisions"}],"predecessor-version":[{"id":132182,"href":"https:\/\/gazdasagportal.hu\/index.php\/wp-json\/wp\/v2\/posts\/132181\/revisions\/132182"}],"wp:attachment":[{"href":"https:\/\/gazdasagportal.hu\/index.php\/wp-json\/wp\/v2\/media?parent=132181"}],"wp:term":[{"taxonomy":"category","embeddable":true,"href":"https:\/\/gazdasagportal.hu\/index.php\/wp-json\/wp\/v2\/categories?post=132181"},{"taxonomy":"post_tag","embeddable":true,"href":"https:\/\/gazdasagportal.hu\/index.php\/wp-json\/wp\/v2\/tags?post=132181"}],"curies":[{"name":"wp","href":"https:\/\/api.w.org\/{rel}","templated":true}]}}