{"id":132179,"date":"2020-12-30T07:47:07","date_gmt":"2020-12-30T06:47:07","guid":{"rendered":"http:\/\/gazdasagportal.hu\/?p=132179"},"modified":"2020-12-29T21:47:47","modified_gmt":"2020-12-29T20:47:47","slug":"mol-a-horvatorszagi-foldrenges-nem-veszelyeztette-az-ina-horvat-olajipari-vallalat-olaj-es-gaztermeleset","status":"publish","type":"post","link":"https:\/\/gazdasagportal.hu\/index.php\/mol-a-horvatorszagi-foldrenges-nem-veszelyeztette-az-ina-horvat-olajipari-vallalat-olaj-es-gaztermeleset\/","title":{"rendered":"Mol: a horv\u00e1torsz\u00e1gi f\u00f6ldreng\u00e9s nem vesz\u00e9lyeztette az INA horv\u00e1t olajipari v\u00e1llalat olaj- \u00e9s g\u00e1ztermel\u00e9s\u00e9t"},"content":{"rendered":"<p><strong>A horv\u00e1torsz\u00e1gi \u00fajabb, a kor\u00e1bbiakn\u00e1l er\u0151sebb, 6,3-as magnit\u00fad\u00f3j\u00fa keddi f\u00f6ldreng\u00e9s nem vesz\u00e9lyeztette sem az INA horv\u00e1t olajipari v\u00e1llalat olaj- \u00e9s g\u00e1ztermel\u00e9s\u00e9t, sem pedig a finom\u00edt\u00e1st, a logisztik\u00e1t, illetve a nagy- \u00e9s kiskereskedelmi tev\u00e9kenys\u00e9get &#8211; k\u00f6z\u00f6lte a Mol Zrt. kommunik\u00e1ci\u00f3s irod\u00e1ja kedden az MTI-vel.<\/strong><!--more--><\/p>\n<div class=\"ads-in-post1\"><div id=\"gazdasagportal.hu_fullbanner_wideboard\"><\/div>\r\n<\/div>\n<p>    A k\u00f6zlem\u00e9nyben kihangs\u00falyozt\u00e1k: az INA Downstream 2023 New Course elnevez\u00e9s\u0171 transzform\u00e1ci\u00f3s programj\u00e1nak megfelel\u0151en az INA minden, horv\u00e1torsz\u00e1gi k\u0151olaj-feldolgoz\u00e1ssal kapcsolatos tev\u00e9kenys\u00e9g\u00e9t a rijekai finom\u00edt\u00f3ba k\u00f6zpontos\u00edtotta. A sziszeki (Sisak) telephelyet ipari ter\u00fclett\u00e9 alak\u00edtja \u00e1t, amelyben fenntarthat\u00f3 tev\u00e9kenys\u00e9gek (logisztikai hub, bitumen el\u0151\u00e1ll\u00edt\u00e1s, fotovoltaikus er\u0151m\u0171), valamint v\u00e1rhat\u00f3an biofinom\u00edt\u00f3 kap helyet &#8211; tett\u00e9k hozz\u00e1.<br \/>\n    A f\u00f6ldreng\u00e9s csak kisebb k\u00e1rokat okozott a sziszeki telephely \u00e9p\u00fcleteiben, Rijeka viszont k\u00edv\u00fcl esett a reng\u00e9s hat\u00f3sugar\u00e1n. A piac ell\u00e1t\u00e1sa garant\u00e1lt \u00e9s biztons\u00e1gos &#8211; h\u00fazt\u00e1k al\u00e1.<br \/>\n    A f\u00f6ldreng\u00e9s epicentruma Z\u00e1gr\u00e1bt\u00f3l 46 kilom\u00e9terre, a k\u00f6z\u00e9p-horv\u00e1torsz\u00e1gi Petrinja k\u00f6zel\u00e9ben volt, Sziszekt\u0151l 12 kilom\u00e9terre.<br \/>\n    H\u00e9tf\u0151n kora reggel egy 5,2-es er\u0151ss\u00e9g\u0171 f\u00f6ldreng\u00e9s r\u00e1zta meg ugyanezt a ter\u00fcletet, amelyet m\u00e1sf\u00e9l \u00f3r\u00e1n bel\u00fcl egy 4,7-es \u00e9s egy 4,1-es er\u0151ss\u00e9g\u0171 f\u00f6ldmozg\u00e1s k\u00f6vetett.(MTI)<\/p>\n","protected":false},"excerpt":{"rendered":"<p>A horv\u00e1torsz\u00e1gi \u00fajabb, a kor\u00e1bbiakn\u00e1l er\u0151sebb, 6,3-as magnit\u00fad\u00f3j\u00fa keddi f\u00f6ldreng\u00e9s nem vesz\u00e9lyeztette sem az INA horv\u00e1t olajipari v\u00e1llalat olaj- \u00e9s g\u00e1ztermel\u00e9s\u00e9t, sem pedig a finom\u00edt\u00e1st, a logisztik\u00e1t, illetve a nagy- \u00e9s kiskereskedelmi tev\u00e9kenys\u00e9get &#8211; k\u00f6z\u00f6lte a Mol Zrt. kommunik\u00e1ci\u00f3s irod\u00e1ja kedden az MTI-vel.<\/p>\n","protected":false},"author":1001006,"featured_media":0,"comment_status":"closed","ping_status":"open","sticky":false,"template":"","format":"standard","meta":[],"categories":[8,7],"tags":[],"_links":{"self":[{"href":"https:\/\/gazdasagportal.hu\/index.php\/wp-json\/wp\/v2\/posts\/132179"}],"collection":[{"href":"https:\/\/gazdasagportal.hu\/index.php\/wp-json\/wp\/v2\/posts"}],"about":[{"href":"https:\/\/gazdasagportal.hu\/index.php\/wp-json\/wp\/v2\/types\/post"}],"author":[{"embeddable":true,"href":"https:\/\/gazdasagportal.hu\/index.php\/wp-json\/wp\/v2\/users\/1001006"}],"replies":[{"embeddable":true,"href":"https:\/\/gazdasagportal.hu\/index.php\/wp-json\/wp\/v2\/comments?post=132179"}],"version-history":[{"count":1,"href":"https:\/\/gazdasagportal.hu\/index.php\/wp-json\/wp\/v2\/posts\/132179\/revisions"}],"predecessor-version":[{"id":132180,"href":"https:\/\/gazdasagportal.hu\/index.php\/wp-json\/wp\/v2\/posts\/132179\/revisions\/132180"}],"wp:attachment":[{"href":"https:\/\/gazdasagportal.hu\/index.php\/wp-json\/wp\/v2\/media?parent=132179"}],"wp:term":[{"taxonomy":"category","embeddable":true,"href":"https:\/\/gazdasagportal.hu\/index.php\/wp-json\/wp\/v2\/categories?post=132179"},{"taxonomy":"post_tag","embeddable":true,"href":"https:\/\/gazdasagportal.hu\/index.php\/wp-json\/wp\/v2\/tags?post=132179"}],"curies":[{"name":"wp","href":"https:\/\/api.w.org\/{rel}","templated":true}]}}