{"id":132168,"date":"2020-12-29T15:07:08","date_gmt":"2020-12-29T14:07:08","guid":{"rendered":"http:\/\/gazdasagportal.hu\/?p=132168"},"modified":"2020-12-29T15:07:08","modified_gmt":"2020-12-29T14:07:08","slug":"magyarorszag-tobb-pontjan-is-eszleltek-a-horvatorszagi-foldrengest","status":"publish","type":"post","link":"https:\/\/gazdasagportal.hu\/index.php\/magyarorszag-tobb-pontjan-is-eszleltek-a-horvatorszagi-foldrengest\/","title":{"rendered":"Magyarorsz\u00e1g t\u00f6bb pontj\u00e1n is \u00e9szlelt\u00e9k a horv\u00e1torsz\u00e1gi f\u00f6ldreng\u00e9st"},"content":{"rendered":"<p><strong>Magyarorsz\u00e1g t\u00f6bb pontj\u00e1n is kisebb f\u00f6ldreng\u00e9st \u00e9szleltek az emberek kedden, nem sokkal d\u00e9lut\u00e1n negyed egy ut\u00e1n. A K\u00f6vesligethy Rad\u00f3 Szeizmol\u00f3giai Obszervat\u00f3rium t\u00e1j\u00e9koztat\u00e1sa szerint Horv\u00e1torsz\u00e1gban volt 6,3-as f\u00f6ldreng\u00e9s, ez volt \u00e9rezhet\u0151 Magyarorsz\u00e1g t\u00f6bb telep\u00fcl\u00e9s\u00e9n is.<\/strong><!--more--><\/p>\n<div class=\"ads-in-post1\"><div id=\"gazdasagportal.hu_fullbanner_wideboard\"><\/div>\r\n<\/div>\n<p>    S\u00fcle B\u00e1lint, a CSFK GGI K\u00f6vesligethy Rad\u00f3 Szeizmol\u00f3giai Obszervat\u00f3rium szeizmol\u00f3gus\u00e1nak k\u00f6zlem\u00e9nye szerint kedden helyi id\u0151 szerint 12.19-kor \u00f6t kilom\u00e9teres m\u00e9lys\u00e9gben 6,3-as magnit\u00fad\u00f3j\u00fa f\u00f6ldreng\u00e9s keletkezett Horv\u00e1torsz\u00e1gban.<br \/>\n    A reng\u00e9s epicentruma Z\u00e1gr\u00e1bt\u00f3l t\u00f6bb mint 40 kilom\u00e9terre d\u00e9lkeletre, a magyar orsz\u00e1ghat\u00e1rt\u00f3l csaknem sz\u00e1z kilom\u00e9terre volt &#8211; \u00edrta.<br \/>\n    Megjegyezte: a f\u0151 reng\u00e9s ut\u00e1n v\u00e1rhat\u00f3k m\u00e9g ut\u00f3reng\u00e9sek, amelyek k\u00f6z\u00f6tt er\u0151sek is lehetnek.<br \/>\n    A f\u00f6ldreng\u00e9st Magyarorsz\u00e1g nagy ter\u00fclet\u00e9n \u00e9rz\u00e9kelte a lakoss\u00e1g, \u00e9szlelt\u00e9k egyebek mellett Budapesten, \u00c9rden, Veszpr\u00e9mben, a Balatonn\u00e1l, Nagykanizs\u00e1n \u00e9s P\u00e9csen is.<br \/>\n<div class=\"ads-in-post1\"><div id=\"gazdasagportal.hu_fullbanner_wideboard\"><\/div>\r\n<\/div>\n    A f\u00f6ldreng\u00e9s h\u00e1rom Baranya megyei telep\u00fcl\u00e9sen okozott kisebb anyagi k\u00e1rokat &#8211; tudatta a katasztr\u00f3fav\u00e9delem, jelezve: arr\u00f3l nem \u00e9rkezett bejelent\u00e9s, hogy megs\u00e9r\u00fclt volna valaki.(MTI)<\/p>\n","protected":false},"excerpt":{"rendered":"<p>Magyarorsz\u00e1g t\u00f6bb pontj\u00e1n is kisebb f\u00f6ldreng\u00e9st \u00e9szleltek az emberek kedden, nem sokkal d\u00e9lut\u00e1n negyed egy ut\u00e1n. A K\u00f6vesligethy Rad\u00f3 Szeizmol\u00f3giai Obszervat\u00f3rium t\u00e1j\u00e9koztat\u00e1sa szerint Horv\u00e1torsz\u00e1gban volt 6,3-as f\u00f6ldreng\u00e9s, ez volt \u00e9rezhet\u0151 Magyarorsz\u00e1g t\u00f6bb telep\u00fcl\u00e9s\u00e9n is.<\/p>\n","protected":false},"author":1001006,"featured_media":0,"comment_status":"closed","ping_status":"open","sticky":false,"template":"","format":"standard","meta":[],"categories":[4],"tags":[],"_links":{"self":[{"href":"https:\/\/gazdasagportal.hu\/index.php\/wp-json\/wp\/v2\/posts\/132168"}],"collection":[{"href":"https:\/\/gazdasagportal.hu\/index.php\/wp-json\/wp\/v2\/posts"}],"about":[{"href":"https:\/\/gazdasagportal.hu\/index.php\/wp-json\/wp\/v2\/types\/post"}],"author":[{"embeddable":true,"href":"https:\/\/gazdasagportal.hu\/index.php\/wp-json\/wp\/v2\/users\/1001006"}],"replies":[{"embeddable":true,"href":"https:\/\/gazdasagportal.hu\/index.php\/wp-json\/wp\/v2\/comments?post=132168"}],"version-history":[{"count":1,"href":"https:\/\/gazdasagportal.hu\/index.php\/wp-json\/wp\/v2\/posts\/132168\/revisions"}],"predecessor-version":[{"id":132169,"href":"https:\/\/gazdasagportal.hu\/index.php\/wp-json\/wp\/v2\/posts\/132168\/revisions\/132169"}],"wp:attachment":[{"href":"https:\/\/gazdasagportal.hu\/index.php\/wp-json\/wp\/v2\/media?parent=132168"}],"wp:term":[{"taxonomy":"category","embeddable":true,"href":"https:\/\/gazdasagportal.hu\/index.php\/wp-json\/wp\/v2\/categories?post=132168"},{"taxonomy":"post_tag","embeddable":true,"href":"https:\/\/gazdasagportal.hu\/index.php\/wp-json\/wp\/v2\/tags?post=132168"}],"curies":[{"name":"wp","href":"https:\/\/api.w.org\/{rel}","templated":true}]}}