{"id":132073,"date":"2020-12-23T11:14:36","date_gmt":"2020-12-23T10:14:36","guid":{"rendered":"http:\/\/gazdasagportal.hu\/?p=132073"},"modified":"2020-12-23T10:15:37","modified_gmt":"2020-12-23T09:15:37","slug":"no-a-megtakaritani-vagyok-aranya-a-megtakaritani-tudok-pedig-tobbet-tesznek-felre-mint-a-koronavirus-jarvany-elott","status":"publish","type":"post","link":"https:\/\/gazdasagportal.hu\/index.php\/no-a-megtakaritani-vagyok-aranya-a-megtakaritani-tudok-pedig-tobbet-tesznek-felre-mint-a-koronavirus-jarvany-elott\/","title":{"rendered":"N\u0151 a megtakar\u00edtani v\u00e1gy\u00f3k ar\u00e1nya, a megtakar\u00edtani tud\u00f3k pedig t\u00f6bbet tesznek f\u00e9lre, mint a koronav\u00edrus-j\u00e1rv\u00e1ny el\u0151tt"},"content":{"rendered":"<p style=\"font-weight: 400;\"><strong>R\u00e9gi\u00f3s \u00f6sszehasonl\u00edt\u00e1sban is kiemelked\u0151en n\u0151tt a magyarok megtakar\u00edt\u00e1si kedve, a t\u00f6bbs\u00e9g rendszeresen tesz f\u00e9lre, \u00e1tlagosan 22 ezer 600 forintot havonta. A legt\u00f6bben valamilyen v\u00e1ratlan kiad\u00e1sra sp\u00f3rolnak, de sokan gy\u0171jtenek lak\u00e1sra, valamint a nyugd\u00edjc\u00e9l\u00fa \u00f6ngondoskod\u00e1s szerepe is nagyot n\u0151tt tavalyhoz k\u00e9pest. A kock\u00e1zatv\u00e1llal\u00e1si hajland\u00f3s\u00e1g tov\u00e1bbra is alacsony, a t\u00f6bbs\u00e9g ink\u00e1bb a biztons\u00e1gra t\u00f6rekszik, a legt\u00f6bben banksz\u00e1ml\u00e1n vagy k\u00e9szp\u00e9nzben parkoltatj\u00e1k a megtakar\u00edt\u00e1sukat. A kock\u00e1zatker\u00fcl\u00e9s Kelet-K\u00f6z\u00e9p-Eur\u00f3p\u00e1ban \u00e1ltal\u00e1nos jelens\u00e9g.<\/strong><\/p>\n<p><!--more--><\/p>\n<div class=\"ads-in-post1\"><div id=\"gazdasagportal.hu_fullbanner_wideboard\"><\/div>\r\n<\/div>\n<p style=\"font-weight: 400;\">Fel\u00e9rt\u00e9kelte a p\u00e9nz\u00fcgyi megtakar\u00edt\u00e1sok szerep\u00e9t, fontoss\u00e1g\u00e1t a koronav\u00edrus-j\u00e1rv\u00e1ny. Jelenleg a magyarok 80 sz\u00e1zal\u00e9ka tartja sz\u00fcks\u00e9gesnek, hogy megtakar\u00edtson, m\u00edg ez az ar\u00e1ny tavaly m\u00e9g 70 sz\u00e1zal\u00e9k volt \u2013 der\u00fcl ki az IMAS International az Erste Csoport sz\u00e1m\u00e1ra v\u00e9gzett felm\u00e9r\u00e9s\u00e9b\u0151l. A legnagyobb ugr\u00e1st a fiatalabbak megtakar\u00edt\u00e1si hajland\u00f3s\u00e1g\u00e1ban hozta a pand\u00e9mi\u00e1s v\u00e1ls\u00e1g: m\u00edg 2019-ben a 15-29 \u00e9vesek mind\u00f6ssze 56 sz\u00e1zal\u00e9ka gondolta fontosnak, hogy f\u00e9lretegyen, addig 2020-ban ez az ar\u00e1ny m\u00e1r 80 sz\u00e1zal\u00e9k. A 30-49 \u00e9vesek eset\u00e9ben az ar\u00e1ny egy \u00e9v alatt 70-r\u0151l 80 sz\u00e1zal\u00e9kra n\u0151tt, az 50 \u00e9v feletti v\u00e1laszad\u00f3k eset\u00e9ben pedig 76-r\u00f3l 79 sz\u00e1zal\u00e9ka emelkedett.<\/p>\n<p style=\"font-weight: 400;\">A h\u00e9t r\u00e9gi\u00f3s orsz\u00e1gban azonos m\u00f3dszertannal, azonos k\u00e9rd\u00e9sekkel 2015 \u00f3ta minden \u00e9vben elk\u00e9sz\u00edtett felm\u00e9r\u00e9s szerint a megtakar\u00edt\u00e1si hajland\u00f3s\u00e1g n\u00f6veked\u00e9se \u00e1ltal\u00e1nos jelens\u00e9g Kelet-K\u00f6z\u00e9p-Eur\u00f3p\u00e1ban: azok ar\u00e1nya, akik szerint a rendszeres megtakar\u00edt\u00e1s, befektet\u00e9s nagyon vagy el\u00e9gg\u00e9 fontos Szlov\u00e1ki\u00e1ban 10 sz\u00e1zal\u00e9kpontot n\u0151tt (86 sz\u00e1zal\u00e9kra), de Csehorsz\u00e1gban \u00e9s Rom\u00e1ni\u00e1ban is jelent\u0151s m\u00e9rt\u00e9kben b\u0151v\u00fclt (8 illetve 6 sz\u00e1zal\u00e9kponttal). Mindez egy\u00fctt j\u00e1rt a megtakar\u00edt\u00e1sok n\u00f6veked\u00e9s\u00e9vel is: a v\u00e1laszad\u00f3knak minden orsz\u00e1gban siker\u00fclt t\u00f6bbet f\u00e9lretenni\u00fck 2020-ban, mint egy \u00e9vvel ezel\u0151tt \u2013 a helyi p\u00e9nznemben kifejezve. Ugyanakkor a valuta\u00e1rfolyamok v\u00e1ltoz\u00e1sa t\u00f6bb hely\u00fctt rontotta az eur\u00f3ban sz\u00e1molt megtakar\u00edt\u00e1si \u00f6sszegeket. Magyarorsz\u00e1gon a forintban kifejezett havi megtakar\u00edt\u00e1si \u00f6sszeg ugyan n\u0151tt, de eur\u00f3ban cs\u00f6kkent, haz\u00e1nk azonban \u00edgy is meg\u0151rizte negyedik hely\u00e9t a f\u00e9lretett \u00f6sszegek nagys\u00e1g\u00e1t tekintve.<\/p><div id=\"gazda-192380174\" class=\"gazda-tartalomban gazda-entity-placement\"><script async src=\"https:\/\/pagead2.googlesyndication.com\/pagead\/js\/adsbygoogle.js\"><\/script>\r\n<ins class=\"adsbygoogle\"\r\n     style=\"display:block\"\r\n     data-ad-format=\"fluid\"\r\n     data-ad-layout-key=\"-6t+ed+2i-1n-4w\"\r\n     data-ad-client=\"ca-pub-1959107119989764\"\r\n     data-ad-slot=\"4008251320\"><\/ins>\r\n<script>\r\n     (adsbygoogle = window.adsbygoogle || []).push({});\r\n<\/script><\/div>\n<p style=\"font-weight: 400;\">A helyi p\u00e9nznemben sz\u00e1molva mind a h\u00e9t, a felm\u00e9r\u00e9sben szerepl\u0151 orsz\u00e1gban n\u0151tt id\u00e9n az \u00e1tlagos havi megtakar\u00edt\u00e1s. A legnagyobb m\u00e9rt\u00e9kben a csehek \u00e9s a szerbek emelt\u00e9k tavalyhoz k\u00e9pest a f\u00e9lretett \u00f6sszeget (9 sz\u00e1zal\u00e9kkal), m\u00edg a magyarok \u00e1tlag 3 sz\u00e1zal\u00e9kkal takar\u00edtanak meg t\u00f6bbet havonta. Eur\u00f3ban sz\u00e1molva 2015-h\u00f6z k\u00e9pest mind a h\u00e9t orsz\u00e1gban emelkedett a f\u00e9lretett \u00f6sszeg, a b\u0151v\u00fcl\u00e9s m\u00e9rt\u00e9ke a legnagyobb Csehorsz\u00e1gban (43 sz\u00e1zal\u00e9k), Ausztri\u00e1ban (35 sz\u00e1zal\u00e9k) \u00e9s Magyarorsz\u00e1gon (34 sz\u00e1zal\u00e9k) volt (mik\u00f6zben a forint \u00e1rfolyama az id\u0151szakban jelent\u0151sen gyeng\u00fclt). Ezzel szemben a horv\u00e1torsz\u00e1gi megtakar\u00edt\u00f3k csak 5 sz\u00e1zal\u00e9kkal tesznek t\u00f6bbet f\u00e9lre havi alapon eur\u00f3ban kifejezve, mint 2015-ben. A helyi p\u00e9nznemben sz\u00e1molva az elm\u00falt \u00f6t \u00e9vet tekintve Magyarorsz\u00e1g rekordot \u00e9rt el a megtakar\u00edt\u00e1sok n\u00f6veked\u00e9s\u00e9ben. M\u00edg 2015-ben \u00e1tlagosan havi 15 ezer forintot sp\u00f3roltak meg megtakar\u00edt\u00e1si c\u00e9llal a magyarok, addig 2020-ban m\u00e1r 22 ezer 600 forintot, ami 50 sz\u00e1zal\u00e9kos n\u00f6veked\u00e9st jelent.<\/p>\n<p style=\"font-weight: 400;\">A legt\u00f6bben a r\u00e9gi\u00f3 eg\u00e9sz\u00e9ben v\u00e9szhelyzetre sp\u00f3rolnak (Magyarorsz\u00e1gon 79 sz\u00e1zal\u00e9k, szemben a tavalyi 70 sz\u00e1zal\u00e9kkal), m\u00edg a m\u00e1sodik legfontosabb c\u00e9l a kisebb-nagyobb j\u00f6v\u0151beli kiad\u00e1s, p\u00e9ld\u00e1ul lak\u00e1sv\u00e1s\u00e1rl\u00e1s vagy -fel\u00faj\u00edt\u00e1s. (A magyar v\u00e1laszad\u00f3k 51 sz\u00e1zal\u00e9ka ezt jel\u00f6lte meg c\u00e9lk\u00e9nt, m\u00edg egy \u00e9vvel kor\u00e1bban 45 sz\u00e1zal\u00e9k). Jelent\u0151sen n\u0151tt a nyugd\u00edjc\u00e9l\u00fa \u00f6ngondoskod\u00e1s ar\u00e1nya is, 36 sz\u00e1zal\u00e9kra a 2019-es 22 sz\u00e1zal\u00e9kr\u00f3l, ugyanakkor ez az ar\u00e1ny m\u00e9g \u00edgy is messze elmarad a 2015-ben m\u00e9rtt\u0151l (47 sz\u00e1zal\u00e9k). A magyarok 25 sz\u00e1zal\u00e9ka egy\u00e1ltal\u00e1n nem el\u00e9gedett, tov\u00e1bbi 19 sz\u00e1zal\u00e9k pedig ink\u00e1bb nem el\u00e9gedett azzal az \u00f6sszeggel, amit f\u00e9lre tud tenni.<\/p>\n<div class=\"ads-in-post1\"><div id=\"gazdasagportal.hu_fullbanner_wideboard\"><\/div>\r\n<\/div>\n<p style=\"font-weight: 400;\">Az el\u00e9gedetts\u00e9get tekintve a vizsg\u00e1lt k\u00f6z\u00e9p-kelet-eur\u00f3pai piacokon jelent\u0151s volt az elt\u00e9r\u00e9s: az osztr\u00e1k v\u00e1laszad\u00f3k k\u00f6zel 60 sz\u00e1zal\u00e9ka mondta, hogy nagyon vagy ink\u00e1bb el\u00e9gedett volt a megtakar\u00edtott \u00f6sszeggel, Csehorsz\u00e1gban \u00e9s Szlov\u00e1ki\u00e1ban is 40 sz\u00e1zal\u00e9k feletti volt az ar\u00e1ny. A magyarokhoz hasonl\u00f3an a szerb \u00e9s a horv\u00e1t v\u00e1laszad\u00f3k voltak a legkev\u00e9sb\u00e9 el\u00e9gedettek (t\u00edzb\u0151l csak h\u00e1rman).<\/p>\n<p style=\"font-weight: 400;\">Ugyanakkor nemcsak a megtakar\u00edt\u00e1si c\u00e9lokban, de a befektet\u00e9sek kezel\u00e9s\u00e9ben is homog\u00e9nnek mutatkozik a r\u00e9gi\u00f3:\u00a0a vizsg\u00e1lt piacok t\u00f6bbs\u00e9g\u00e9n tov\u00e1bbra is a hagyom\u00e1nyos megtakar\u00edt\u00e1si term\u00e9kek (takar\u00e9kk\u00f6nyvek, k\u00e1rty\u00e1k \u00e9s sz\u00e1ml\u00e1k) a legn\u00e9pszer\u0171bbek. A Szlov\u00e1ki\u00e1ban a v\u00e1laszad\u00f3k 72, Csehorsz\u00e1gban 50 sz\u00e1zal\u00e9ka v\u00e1lasztja a hagyom\u00e1nyos term\u00e9keket, m\u00edg ez az ar\u00e1ny Horv\u00e1torsz\u00e1gban 41, Magyarorsz\u00e1gon viszont csak 24 sz\u00e1zal\u00e9k.\u00a0A hazai megtakar\u00edt\u00f3knak ugyanakkor mind\u00f6ssze 8 sz\u00e1zal\u00e9ka hajland\u00f3 csak nagyobb kock\u00e1zatot v\u00e1llalni a nagyobb hozam\u00e9rt, m\u00edg 78 sz\u00e1zal\u00e9k ink\u00e1bb a biztons\u00e1gra t\u00f6rekszik. A r\u00e9szv\u00e9nybefektet\u00e9sekkel szembeni idegenked\u00e9s valamelyest cs\u00f6kkent az elm\u00falt \u00e9vekben, a v\u00e1laszad\u00f3k 15 sz\u00e1zal\u00e9ka volt teljesen elutas\u00edt\u00f3, szemben a 2015-ben m\u00e9rt 20 sz\u00e1zal\u00e9kkal. Ugyanakkor a kor\u00e1bbi pozit\u00edv attit\u0171d is romlott: m\u00edg kor\u00e1bban 26 sz\u00e1zal\u00e9k gondolta \u00fagy, hogy az \u00e9rt\u00e9kpap\u00edrok neki val\u00f3k, ma m\u00e1r csak 24 sz\u00e1zal\u00e9k v\u00e9lekedik \u00edgy. Az \u00e9rt\u00e9kpap\u00edr befektet\u00e9sek meg\u00edt\u00e9l\u00e9se ugyanakkor nagyban m\u00falik azon is, hogy melyik befektet\u00e9si szolg\u00e1ltat\u00f3val \u00e1llnak kapcsolatban: az Erste Bank \u00fcgyfelei 27 sz\u00e1zal\u00e9kban tartj\u00e1k j\u00f3 vagy nagyon j\u00f3 alternat\u00edv\u00e1nak a r\u00e9szv\u00e9nypiacokat.<\/p>\n<p style=\"font-weight: 400;\">A megtakar\u00edt\u00e1sok szerkezete is ennek, a kock\u00e1zatker\u00fcl\u0151 hozz\u00e1\u00e1ll\u00e1snak megfelel\u0151en alakul. A v\u00e1laszad\u00f3k 24 sz\u00e1zal\u00e9ka nyilatkozott \u00fagy, hogy p\u00e9nz\u00e9t els\u0151sorban l\u00e1tra sz\u00f3l\u00f3 sz\u00e1mlap\u00e9nzben parkoltatja, m\u00edg 24 sz\u00e1zal\u00e9k k\u00e9szp\u00e9nzben tartja azt. A v\u00e1laszad\u00f3k 21 sz\u00e1zal\u00e9ka rendelkezik \u00e9letbiztos\u00edt\u00e1ssal, 14 sz\u00e1zal\u00e9ka ingatlanbefektet\u00e9ssel, \u00e9s mind\u00f6ssze 9 sz\u00e1zal\u00e9k mondta azt, hogy legal\u00e1bb r\u00e9szben \u00e9rt\u00e9kpap\u00edrban fialtatja megtakar\u00edt\u00e1s\u00e1t.<\/p>\n<div class=\"ads-in-post1\"><div id=\"gazdasagportal.hu_fullbanner_wideboard\"><\/div>\r\n<\/div>\n<p style=\"font-weight: 400;\">\u201eA koronav\u00edrus-j\u00e1rv\u00e1ny hat\u00e1s\u00e1ra az elm\u00falt id\u0151szakban cs\u00f6kkent a fogyaszt\u00e1s \u00e9s a hitelfelv\u00e9teli kedv, n\u0151ttek viszont a megtakar\u00edt\u00e1sok, a befektet\u00e9sek \u00e9s a bet\u00e9t\u00e1llom\u00e1nyok. Magyarorsz\u00e1gon most m\u00e9g t\u00f6bben tartj\u00e1k fontosnak, hogy f\u00e9lretegyenek, s b\u00e1r t\u00f6bben sz\u00e1moltak be p\u00e9nz\u00fcgyi helyzet\u00fck roml\u00e1s\u00e1r\u00f3l, mint ah\u00e1nyan annak javul\u00e1s\u00e1t \u00e9rz\u00e9kelt\u00e9k, a megtakar\u00edt\u00f3k ar\u00e1nya m\u00e9gis emelkedett tavalyhoz k\u00e9pest. Az ut\u00f3bbi \u00e9vek folyamatos cs\u00f6kken\u00e9se ut\u00e1n a nyugd\u00edjc\u00e9l\u00fa \u00f6ngondoskod\u00e1s n\u00f6veked\u00e9se \u00f6rvendetes fordulat, fontos a hossz\u00fa t\u00e1v\u00fa megtakar\u00edt\u00e1sok szerep\u00e9nek er\u0151s\u00f6d\u00e9se\u201d \u2013 \u00e9rt\u00e9kelte a felm\u00e9r\u00e9s eredm\u00e9nyeit Harmati L\u00e1szl\u00f3, az Erste Bank lakoss\u00e1gi ter\u00fclet\u00e9rt felel\u0151s vez\u00e9rigazgat\u00f3-helyettese. A pand\u00e9mi\u00e1s v\u00e1ls\u00e1gb\u00f3l fakad\u00f3 bizonytalans\u00e1g \u00e9s az alacsony kock\u00e1zatv\u00e1llal\u00e1si hajland\u00f3s\u00e1g fel\u00e9rt\u00e9keli a banki tan\u00e1csad\u00e1st. A befektet\u00e9si d\u00f6nt\u00e9sekn\u00e9l t\u00f6bben t\u00e1maszkodnak a p\u00e9nzint\u00e9zetek tapasztalat\u00e1ra, mint tavaly, m\u00edg a bar\u00e1ti-, csal\u00e1di tan\u00e1csok szerepe cs\u00f6kkent \u2013 tette hozz\u00e1 Harmati L\u00e1szl\u00f3.<\/p>\n","protected":false},"excerpt":{"rendered":"<p>R\u00e9gi\u00f3s \u00f6sszehasonl\u00edt\u00e1sban is kiemelked\u0151en n\u0151tt a magyarok megtakar\u00edt\u00e1si kedve, a t\u00f6bbs\u00e9g rendszeresen tesz f\u00e9lre, \u00e1tlagosan 22 ezer 600 forintot havonta. A legt\u00f6bben valamilyen v\u00e1ratlan kiad\u00e1sra sp\u00f3rolnak, de sokan gy\u0171jtenek lak\u00e1sra, valamint a nyugd\u00edjc\u00e9l\u00fa \u00f6ngondoskod\u00e1s szerepe is nagyot n\u0151tt tavalyhoz k\u00e9pest. A kock\u00e1zatv\u00e1llal\u00e1si hajland\u00f3s\u00e1g tov\u00e1bbra is alacsony, a t\u00f6bbs\u00e9g ink\u00e1bb a biztons\u00e1gra t\u00f6rekszik, a legt\u00f6bben banksz\u00e1ml\u00e1n &#8230;<\/p>\n","protected":false},"author":1001006,"featured_media":0,"comment_status":"closed","ping_status":"open","sticky":false,"template":"","format":"standard","meta":[],"categories":[19],"tags":[],"_links":{"self":[{"href":"https:\/\/gazdasagportal.hu\/index.php\/wp-json\/wp\/v2\/posts\/132073"}],"collection":[{"href":"https:\/\/gazdasagportal.hu\/index.php\/wp-json\/wp\/v2\/posts"}],"about":[{"href":"https:\/\/gazdasagportal.hu\/index.php\/wp-json\/wp\/v2\/types\/post"}],"author":[{"embeddable":true,"href":"https:\/\/gazdasagportal.hu\/index.php\/wp-json\/wp\/v2\/users\/1001006"}],"replies":[{"embeddable":true,"href":"https:\/\/gazdasagportal.hu\/index.php\/wp-json\/wp\/v2\/comments?post=132073"}],"version-history":[{"count":1,"href":"https:\/\/gazdasagportal.hu\/index.php\/wp-json\/wp\/v2\/posts\/132073\/revisions"}],"predecessor-version":[{"id":132074,"href":"https:\/\/gazdasagportal.hu\/index.php\/wp-json\/wp\/v2\/posts\/132073\/revisions\/132074"}],"wp:attachment":[{"href":"https:\/\/gazdasagportal.hu\/index.php\/wp-json\/wp\/v2\/media?parent=132073"}],"wp:term":[{"taxonomy":"category","embeddable":true,"href":"https:\/\/gazdasagportal.hu\/index.php\/wp-json\/wp\/v2\/categories?post=132073"},{"taxonomy":"post_tag","embeddable":true,"href":"https:\/\/gazdasagportal.hu\/index.php\/wp-json\/wp\/v2\/tags?post=132073"}],"curies":[{"name":"wp","href":"https:\/\/api.w.org\/{rel}","templated":true}]}}