{"id":132023,"date":"2020-12-21T14:19:32","date_gmt":"2020-12-21T13:19:32","guid":{"rendered":"http:\/\/gazdasagportal.hu\/?p=132023"},"modified":"2020-12-21T14:19:32","modified_gmt":"2020-12-21T13:19:32","slug":"milyen-lesz-az-idei-karacsony-a-kiskereskedelemben","status":"publish","type":"post","link":"https:\/\/gazdasagportal.hu\/index.php\/milyen-lesz-az-idei-karacsony-a-kiskereskedelemben\/","title":{"rendered":"Milyen lesz az idei kar\u00e1csony a kiskereskedelemben?"},"content":{"rendered":"<p><strong>Az idei kar\u00e1csonyi aj\u00e1nd\u00e9kv\u00e1s\u00e1rl\u00e1si kedv a koronav\u00edrus okozta gazdas\u00e1gi cs\u00f6kken\u00e9s \u00e9s a kereskedelmi korl\u00e1toz\u00e1sok k\u00f6vetkezt\u00e9ben megt\u00f6rni l\u00e1tszik az el\u0151z\u0151 \u00e9vek trendj\u00e9hez k\u00e9pest, \u00e9s a v\u00e1s\u00e1rl\u00f3k egyre tudatosabban keresik a legjobb \u00e1r-\u00e9rt\u00e9k ar\u00e1ny\u00fa term\u00e9keket. <\/strong><!--more--><\/p>\n<div class=\"ads-in-post1\"><div id=\"gazdasagportal.hu_fullbanner_wideboard\"><\/div>\r\n<\/div>\n<p>Az \u00c1rukeres\u0151.hu \u00e9s a GKI Digital 2020. \u00e9vi k\u00f6z\u00f6s felm\u00e9r\u00e9se alapj\u00e1n id\u00e9n legink\u00e1bb a sz\u0171k csal\u00e1dtagok sz\u00e1m\u00e1ra v\u00e1s\u00e1rolunk aj\u00e1nd\u00e9kokat, n\u00f6vekv\u0151 ar\u00e1nyban hazai internetes \u00e1ruh\u00e1zak k\u00edn\u00e1lat\u00e1b\u00f3l \u00e9s \u00e1ltal\u00e1ban akkor, amikor a kiszemelt term\u00e9k a legjobb \u00e1ron el\u00e9rhet\u0151. Az \u00e1r-\u00e9rt\u00e9k ar\u00e1ny id\u00e9n k\u00fcl\u00f6n\u00f6sen fontoss\u00e1 v\u00e1lt a magyar v\u00e1s\u00e1rl\u00f3k sz\u00e1m\u00e1ra, r\u00e9szben a gazdas\u00e1gi bizonytalans\u00e1gnak k\u00f6sz\u00f6nhet\u0151en is. 2020 november\u00e9ben ugyanis az el\u0151z\u0151 \u00e9v azonos h\u00f3napj\u00e1hoz k\u00e9pest 64 ezer f\u0151vel (1,4%-kal) cs\u00f6kkent a foglalkoztatottak sz\u00e1ma, valamint 96,5 ezer egy\u00e9ni v\u00e1llalkoz\u00e1s sz\u00fcneteltette a tev\u00e9kenys\u00e9g\u00e9t &#8211; der\u00fcl ki a KSH Heti Monitor adataib\u00f3l.<\/p>\n<p><strong>\u00a0<\/strong><\/p>\n<p><strong>Egyszeri elt\u00e9r\u00e9s vagy trendfordul\u00f3?<\/strong><\/p><div id=\"gazda-2071311642\" class=\"gazda-tartalomban gazda-entity-placement\"><script async src=\"https:\/\/pagead2.googlesyndication.com\/pagead\/js\/adsbygoogle.js\"><\/script>\r\n<ins class=\"adsbygoogle\"\r\n     style=\"display:block\"\r\n     data-ad-format=\"fluid\"\r\n     data-ad-layout-key=\"-6t+ed+2i-1n-4w\"\r\n     data-ad-client=\"ca-pub-1959107119989764\"\r\n     data-ad-slot=\"4008251320\"><\/ins>\r\n<script>\r\n     (adsbygoogle = window.adsbygoogle || []).push({});\r\n<\/script><\/div>\n<p><strong>\u00a0<\/strong><\/p>\n<p>A Cofidis Hitel Monitor kutat\u00e1s\u00e1ban megk\u00e9rdezettek t\u00f6bbs\u00e9ge interneten szerzi be az aj\u00e1nd\u00e9kokat, a hagyom\u00e1nyos bolti v\u00e1s\u00e1rl\u00e1s n\u00e9pszer\u0171s\u00e9ge \u00e1tlagosan 10 sz\u00e1zal\u00e9kponttal cs\u00f6kkent. \u00c9rthet\u0151 m\u00f3don a kar\u00e1csonyi v\u00e1s\u00e1rok s\u00falya esett legink\u00e1bb, hiszen a nagyobb v\u00e1s\u00e1rokat a jogszab\u00e1lyi korl\u00e1toz\u00e1s miatt id\u00e9n nem rendezik meg.<\/p>\n<p>&nbsp;<\/p>\n<p>Nemcsak az aj\u00e1nd\u00e9kozottak \u00e9s a v\u00e1s\u00e1rl\u00e1si helysz\u00ednek k\u00f6re sz\u0171k\u00fcl, hanem az aj\u00e1nd\u00e9kokra sz\u00e1nt p\u00e9nz\u00f6sszeg is: \u00e1tlagosan k\u00f6zel 5 ezer forinttal terveznek a magyarok kevesebbet k\u00f6lteni, az \u00e9vek \u00f3ta n\u00f6vekv\u0151 tendenci\u00e1t megt\u00f6rve.<\/p>\n<p>&nbsp;<\/p>\n<p><em>\u201eA felm\u00e9r\u00e9sek szerint a k\u00f6lt\u00e9sek visszafog\u00e1s\u00e1ban jelent\u0151s szerepet j\u00e1tszik a jelenlegi rendk\u00edv\u00fcli helyzet. Felmer\u00fcl ugyanakkor a k\u00e9rd\u00e9s, hogy az idei kar\u00e1csony el\u0151tti \u00f3vatosabb, tudatosabb v\u00e1s\u00e1rl\u00f3i magatart\u00e1s hossz\u00fa t\u00e1v\u00fa trend kezdet\u00e9t jelenti-e, vagy csup\u00e1n egyszeri elt\u00e9r\u00e9sr\u0151l van sz\u00f3\u201d <\/em>\u2013 mondta dr. Laczka S\u00e1ndor igazgat\u00f3, a Deloitte magyarorsz\u00e1gi Kiskereskedelmi-\u00c9lelmiszeripari tan\u00e1csad\u00f3 csoportj\u00e1nak vezet\u0151je.<\/p>\n<p>&nbsp;<br \/>\n<div class=\"ads-in-post1\"><div id=\"gazdasagportal.hu_fullbanner_wideboard\"><\/div>\r\n<\/div>\n<p><strong>2020 kar\u00e1csonyi sl\u00e1gerterm\u00e9kei<\/strong><\/p>\n<p><strong>\u00a0<\/strong><\/p>\n<p>Magyarorsz\u00e1gon a legn\u00e9pszer\u0171bb aj\u00e1nd\u00e9kt\u00edpus \u00e9vek \u00f3ta a ruh\u00e1zati cikk, ut\u00e1na szorosan a k\u00fcl\u00f6nb\u00f6z\u0151 sz\u00e9ps\u00e9g\u00e1pol\u00e1si term\u00e9kek, \u00e9s v\u00e9g\u00fcl a j\u00e1t\u00e9kok szerepelnek. <em>\u201eAz \u201e\u00e9lm\u00e9ny-aj\u00e1nd\u00e9kok\u201d, mint a wellness h\u00e9tv\u00e9ge, utaz\u00e1s, koncertjegy is hasonl\u00f3 n\u00e9pszer\u0171s\u00e9gnek \u00f6rvendtek az el\u0151z\u0151 \u00e9vekben, id\u00e9n viszont a j\u00e1rv\u00e1nyhelyzet okozta bizonytalans\u00e1g \u00e9s tervezhetetlens\u00e9g miatt ezeket v\u00e1rhat\u00f3an j\u00f3val kevesebben v\u00e1lasztj\u00e1k\u201d<\/em> \u2013 tette hozz\u00e1 dr. Aracsi Bernadett, a Deloitte magyarorsz\u00e1gi Kiskereskedelmi-\u00c9lelmiszeripari tan\u00e1csad\u00f3 csoportj\u00e1nak menedzsere.<\/p>\n<p>&nbsp;<\/p>\n<p>Az \u00fcnnepi hangulathoz azonban nem a nagy\u00e9rt\u00e9k\u0171 aj\u00e1nd\u00e9kok, hanem a csal\u00e1d fog legink\u00e1bb hi\u00e1nyozni \u2013 der\u00fcl ki a Cofidis Hitel Monitor felm\u00e9r\u00e9s\u00e9b\u0151l. B\u00e1r a megk\u00e9rdezettek t\u00f6bbs\u00e9ge (76%) elfogadja, s\u0151t k\u00f6z\u00fcl\u00fck sokan helyes d\u00f6nt\u00e9snek is tartj\u00e1k a szem\u00e9lyes k\u00f6z\u00f6s \u00fcnnepl\u00e9sr\u0151l val\u00f3 lemond\u00e1st, nehezen \u00e9lik meg a korl\u00e1toz\u00e1sokat. A v\u00e1laszad\u00f3k k\u00f6zel 60%-a ugyanakkor nem halasztan\u00e1 k\u00e9s\u0151bbre az \u00fcnnepl\u00e9st, a szokatlan k\u00f6r\u00fclm\u00e9nyek ellen\u00e9re sem.<\/p>\n<p>&nbsp;<\/p>\n<p><strong>Hogyan v\u00e1s\u00e1rolunk az idei \u00fcnnepekre?<\/strong><\/p>\n<p><strong>\u00a0<\/strong><\/p>\n<p>Az internetes v\u00e1s\u00e1rl\u00e1s sor\u00e1n m\u00e9g mindig a h\u00e1zhozsz\u00e1ll\u00edt\u00e1s a legn\u00e9pszer\u0171bb. A v\u00e1s\u00e1rl\u00f3k t\u00falnyom\u00f3 t\u00f6bbs\u00e9ge az olcs\u00f3bb sz\u00e1ll\u00edt\u00e1st v\u00e1lasztja, \u00e9s csak minim\u00e1lis plusz \u00f6sszeget hajland\u00f3 fizetni a gyorsabb sz\u00e1ll\u00edt\u00e1si m\u00f3dok\u00e9rt. A takar\u00e9koss\u00e1gi szempontok figyelembev\u00e9tele eredm\u00e9nyezheti a boltban t\u00f6rt\u00e9n\u0151 szem\u00e9lyes \u00e1tv\u00e9tel n\u00f6vekv\u0151 n\u00e9pszer\u0171s\u00e9g\u00e9t is. A j\u00e1rv\u00e1nyhelyzet elej\u00e9n m\u00e9g ink\u00e1bb eg\u00e9szs\u00e9gv\u00e9delmi okokb\u00f3l, a v\u00e1s\u00e1rl\u00e1sok sz\u00e1m\u00e1nak \u00e9s id\u0151tartam\u00e1nak cs\u00f6kkent\u00e9se c\u00e9lj\u00e1b\u00f3l v\u00e1lasztott\u00e1k ezt a v\u00e1s\u00e1rl\u00e1si m\u00f3dot. Az ut\u00f3bbi id\u0151ben azonban egyre ink\u00e1bb a norm\u00e1l kisz\u00e1ll\u00edt\u00e1s alternat\u00edv\u00e1jak\u00e9nt veszik ig\u00e9nybe, mert olcs\u00f3bb \u00e9s gyorsabb ann\u00e1l \u2013 der\u00fcl ki az amerikai Deloitte \u00e1ltal az idei kar\u00e1csonyi \u00fcnnepekre publik\u00e1lt kiskereskedelmi felm\u00e9r\u00e9sb\u0151l.<\/p>\n<div class=\"ads-in-post1\"><div id=\"gazdasagportal.hu_fullbanner_wideboard\"><\/div>\r\n<\/div>\n&nbsp;<\/p>\n<p>Az internetes t\u00e9rben a digit\u00e1lis befoly\u00e1s is nagyobb: a k\u00f6z\u00f6ss\u00e9gi m\u00e9dia haszn\u00e1lat enyh\u00e9n n\u00f6vekv\u0151 trendet mutat, legink\u00e1bb az ezredfordul\u00f3 k\u00f6rny\u00e9k\u00e9n \u00e9s azt k\u00f6vet\u0151en sz\u00fcletett fiataloknak, az \u00fan. Z-gener\u00e1ci\u00f3 tagjainak k\u00f6sz\u00f6nhet\u0151en. M\u00e1sok v\u00e9lem\u00e9ny\u00e9t sokan figyelembe veszik az internetes v\u00e1s\u00e1rl\u00e1s el\u0151tt. A v\u00e1s\u00e1rl\u00f3k kb. harmada ugyanis megn\u00e9zi a keresked\u0151 honlapj\u00e1n vagy egy\u00e9b f\u00f3rumokon a term\u00e9kre vonatkoz\u00f3 vev\u0151i v\u00e9lem\u00e9nyeket, a v\u00e1s\u00e1rl\u00f3k tizede pedig k\u00edv\u00e1ncsi az \u00fan. influenszerek v\u00e9lem\u00e9ny\u00e9re is.<\/p>\n<p>&nbsp;<\/p>\n<p>A Deloitte-r\u00f3l<\/p>\n<p>A Deloitte sz\u00e1mos ipar\u00e1gban ny\u00fajt k\u00f6nyvvizsg\u00e1lati, valamint ad\u00f3- \u00e9s egy\u00e9b tan\u00e1csad\u00e1si, tov\u00e1bb\u00e1 jogi szolg\u00e1ltat\u00e1sokat (\u00fcgyfeleinknek egy\u00fcttm\u0171k\u00f6d\u0151 \u00fcgyv\u00e9di irod\u00e1nk, a Deloitte Legal G\u00f6nd\u00f6cz \u00e9s T\u00e1rsai \u00dcgyv\u00e9di Iroda ny\u00fajtja a jogi tan\u00e1csad\u00e1si szolg\u00e1ltat\u00e1sokat) \u00e1llami \u00e9s mag\u00e1nc\u00e9gek r\u00e9sz\u00e9re egyar\u00e1nt. T\u00f6bb mint 150 orsz\u00e1gban jelen l\u00e9v\u0151 h\u00e1l\u00f3zat\u00e1n kereszt\u00fcl a Deloitte vil\u00e1gsz\u00ednvonal\u00fa szak\u00e9rtelm\u00e9vel \u00e9s min\u0151s\u00e9gi szolg\u00e1ltat\u00e1saival seg\u00edti \u00fcgyfeleit abban, hogy megfeleljenek az el\u0151tt\u00fck \u00e1ll\u00f3 \u00fczleti kih\u00edv\u00e1soknak. A Deloitte mintegy 312 000 szak\u00e9rt\u0151je egyt\u0151l egyig arra t\u00f6rekszik, hogy a kiv\u00e1l\u00f3s\u00e1g m\u00e9rc\u00e9j\u00e9v\u00e9 v\u00e1ljon.<\/p>\n<p>A Deloitte n\u00e9v az Egyes\u00fclt Kir\u00e1lys\u00e1gban \u201ccompany limited by guarantee\u201d form\u00e1ban alap\u00edtott Deloitte Touche Tohmatsu Limited t\u00e1rsas\u00e1gra \u00e9s tagv\u00e1llalatainak h\u00e1l\u00f3zat\u00e1ra utal, melyek mindegyike \u00f6n\u00e1ll\u00f3, egym\u00e1st\u00f3l elk\u00fcl\u00f6n\u00fcl\u0151 jogi szem\u00e9ly. A Deloitte Touche Tohmatsu Limited \u00e9s tagv\u00e1llalatai jogi strukt\u00far\u00e1j\u00e1nak r\u00e9szletes bemutat\u00e1s\u00e1t a k\u00f6vetkez\u0151 link alatt tal\u00e1lja:\u00a0<a href=\"http:\/\/www.deloitte.com\/hu\/magunkrol\" target=\"_blank\" rel=\"noopener noreferrer\">www.deloitte.com\/hu\/magunkrol<\/a>.<\/p>\n","protected":false},"excerpt":{"rendered":"<p>Az idei kar\u00e1csonyi aj\u00e1nd\u00e9kv\u00e1s\u00e1rl\u00e1si kedv a koronav\u00edrus okozta gazdas\u00e1gi cs\u00f6kken\u00e9s \u00e9s a kereskedelmi korl\u00e1toz\u00e1sok k\u00f6vetkezt\u00e9ben megt\u00f6rni l\u00e1tszik az el\u0151z\u0151 \u00e9vek trendj\u00e9hez k\u00e9pest, \u00e9s a v\u00e1s\u00e1rl\u00f3k egyre tudatosabban keresik a legjobb \u00e1r-\u00e9rt\u00e9k ar\u00e1ny\u00fa term\u00e9keket.<\/p>\n","protected":false},"author":1001007,"featured_media":0,"comment_status":"closed","ping_status":"open","sticky":false,"template":"","format":"standard","meta":[],"categories":[19],"tags":[],"_links":{"self":[{"href":"https:\/\/gazdasagportal.hu\/index.php\/wp-json\/wp\/v2\/posts\/132023"}],"collection":[{"href":"https:\/\/gazdasagportal.hu\/index.php\/wp-json\/wp\/v2\/posts"}],"about":[{"href":"https:\/\/gazdasagportal.hu\/index.php\/wp-json\/wp\/v2\/types\/post"}],"author":[{"embeddable":true,"href":"https:\/\/gazdasagportal.hu\/index.php\/wp-json\/wp\/v2\/users\/1001007"}],"replies":[{"embeddable":true,"href":"https:\/\/gazdasagportal.hu\/index.php\/wp-json\/wp\/v2\/comments?post=132023"}],"version-history":[{"count":1,"href":"https:\/\/gazdasagportal.hu\/index.php\/wp-json\/wp\/v2\/posts\/132023\/revisions"}],"predecessor-version":[{"id":132024,"href":"https:\/\/gazdasagportal.hu\/index.php\/wp-json\/wp\/v2\/posts\/132023\/revisions\/132024"}],"wp:attachment":[{"href":"https:\/\/gazdasagportal.hu\/index.php\/wp-json\/wp\/v2\/media?parent=132023"}],"wp:term":[{"taxonomy":"category","embeddable":true,"href":"https:\/\/gazdasagportal.hu\/index.php\/wp-json\/wp\/v2\/categories?post=132023"},{"taxonomy":"post_tag","embeddable":true,"href":"https:\/\/gazdasagportal.hu\/index.php\/wp-json\/wp\/v2\/tags?post=132023"}],"curies":[{"name":"wp","href":"https:\/\/api.w.org\/{rel}","templated":true}]}}