{"id":131997,"date":"2020-12-20T11:45:47","date_gmt":"2020-12-20T10:45:47","guid":{"rendered":"http:\/\/gazdasagportal.hu\/?p=131997"},"modified":"2020-12-20T11:45:47","modified_gmt":"2020-12-20T10:45:47","slug":"jonak-lenni-jo-tobb-mint-54-millio-forint-gyult-ossze-a-musor-kezdeteig","status":"publish","type":"post","link":"https:\/\/gazdasagportal.hu\/index.php\/jonak-lenni-jo-tobb-mint-54-millio-forint-gyult-ossze-a-musor-kezdeteig\/","title":{"rendered":"J\u00f3nak lenni j\u00f3! &#8211; T\u00f6bb mint 54 milli\u00f3 forint gy\u0171lt \u00f6ssze a m\u0171sor kezdet\u00e9ig"},"content":{"rendered":"<p><strong>Eg\u00e9sz napos m\u0171sorral v\u00e1rja a k\u00f6z\u00f6ns\u00e9get vas\u00e1rnap a J\u00f3nak lenni j\u00f3!, amelynek idei kedvezm\u00e9nyezettje az Egy\u00fctt az Autist\u00e1k\u00e9rt Alap\u00edtv\u00e1ny. A k\u00f6zm\u00e9dia j\u00f3t\u00e9konys\u00e1gi kamp\u00e1ny\u00e1ban a m\u0171sor vas\u00e1rnap d\u00e9lel\u0151tti kezdet\u00e9ig t\u00f6bb mint 54 milli\u00f3 forint gy\u0171lt \u00f6ssze.<\/strong><!--more--><\/p>\n<div class=\"ads-in-post1\"><div id=\"gazdasagportal.hu_fullbanner_wideboard\"><\/div>\r\n<\/div>\n<p>A m\u0171sorban elhangzott, hogy az id\u00e9n a kamp\u00e1ny t\u00e1mogat\u00f3i autista gyerekeket \u00e9s csal\u00e1djukat seg\u00edt\u0151 diagnosztikai \u00e9s ter\u00e1pi\u00e1s centrum l\u00e9trehoz\u00e1s\u00e1hoz j\u00e1rulhatnak hozz\u00e1. A felm\u00e9r\u00e9sek szerint Magyarorsz\u00e1gon megk\u00f6zel\u00edt\u0151leg minden 15. csal\u00e1dot \u00e9rint az autizmus.<br \/>\nMint elhangzott, a vil\u00e1gj\u00e1rv\u00e1ny az \u0151 \u00e9let\u00fcket is teljesen felforgatta. A megv\u00e1ltozott helyzet sz\u00e1mukra pedig m\u00e9g nehezebb feldolgozni, ez\u00e9rt most m\u00e9g t\u00f6bb odafigyel\u00e9sre van sz\u00fcks\u00e9g\u00fck. A m\u0171sor c\u00e9lja k\u00fcl\u00f6nb\u00f6z\u0151 t\u00f6rt\u00e9neteken kereszt\u00fcl jobban megismertetni ezt a vil\u00e1got.<br \/>\nVas\u00e1rnap a Dun\u00e1n, a Duna World\u00f6n \u00e9s az M4 Sportcsatorn\u00e1n is l\u00e1that\u00f3 lesz a m\u0171sor k\u00e9s\u0151 estig.<br \/>\nMint elhangzott, eddig t\u00f6bben seg\u00edtettek mint az el\u0151z\u0151 \u00e9vekben.<br \/>\nSzijj\u00e1rt\u00f3-Nagy Szilvia, az Egy\u00fctt az Autist\u00e1k\u00e9rt Alap\u00edtv\u00e1ny eln\u00f6ke a m\u0171sorban kiemelte: 2018-ban egy ambici\u00f3zus c\u00e9lt t\u0171ztek ki maguk el\u00e9 \u00e9s most elmondhatj\u00e1k, hogy 2021 tavasz\u00e1n meg tudj\u00e1k nyitni az autista mintah\u00e1zat, diagnosztikai \u00e9s fejleszt\u0151 k\u00f6zpontot. Hozz\u00e1tette, hogy az autizmus ter\u00fclet\u00e9n seg\u00edteni\u00fck kell a gyermekeket \u00e9s a csal\u00e1dokat is, az orsz\u00e1g minden ter\u00fclet\u00e9n. Ehhez fog seg\u00edts\u00e9get ny\u00fajtani a k\u00f6zpont.<br \/>\nSzeleczki Istv\u00e1n gy\u00f3gypedag\u00f3gus arr\u00f3l besz\u00e9lt, hogy az autizmus spektrumzavar ak\u00e1r a lakoss\u00e1g 1-2 sz\u00e1zal\u00e9k\u00e1t is \u00e9rintheti. A sz\u00e1m az\u00e9rt is n\u00f6vekszik, mert egyre ink\u00e1bb felismerik az autizmussal \u00e9l\u0151 gyermekeket. Min\u00e9l t\u00f6bb diagn\u00f3zis sz\u00fcletik, ann\u00e1l t\u00f6bb teend\u0151 van az ell\u00e1t\u00e1s ter\u00fclet\u00e9n &#8211; tett hozz\u00e1.<br \/>\nAz ad\u00e1s ideje alatt licit\u00e1lni lehet a Labrosse Dani k\u00e9pz\u0151m\u0171v\u00e9sz \u00e9s a Strand Fesztiv\u00e1l k\u00f6z\u00f6ns\u00e9ge \u00e1ltal k\u00f6z\u00f6sen k\u00e9sz\u00edtett balatoni festm\u00e9nyre; Szoboszlai Dominik v\u00e1logatott labdar\u00fag\u00f3 mez\u00e9re; Melocco Mikl\u00f3s szobr\u00e1szm\u0171v\u00e9sz L\u00e9da \u00e9s a hatty\u00fa c\u00edm\u0171 kisplasztik\u00e1j\u00e1ra; Benk\u0151 L\u00e1szl\u00f3 egyedi tervez\u00e9s\u0171 fell\u00e9p\u0151ruh\u00e1j\u00e1ra; a Herendi Porcel\u00e1nmanufakt\u00fara f\u0151nixmad\u00e1r figur\u00e1j\u00e1ra; \u00c1der J\u00e1nos k\u00f6zt\u00e1rsas\u00e1gi eln\u00f6k \u00e9s feles\u00e9ge, Herczeg Anita felaj\u00e1nl\u00e1s\u00e1ra, egy k\u00fcl\u00f6nleges horv\u00e1t sakkt\u00e1bl\u00e1ra \u00e9s a Ferencv\u00e1rosi Torna Club \u00e1ltal licitre bocs\u00e1tott relikvi\u00e1ra, az FC Barcelona mez\u00e9re, a spanyol labdar\u00fag\u00f3 csapat tagjainak al\u00e1\u00edr\u00e1s\u00e1val.<br \/>\n<div class=\"ads-in-post1\"><div id=\"gazdasagportal.hu_fullbanner_wideboard\"><\/div>\r\n<\/div>\nAz \u00e1rver\u00e9sen szerepl\u0151 t\u00e1rgyakr\u00f3l \u00e9s a fix \u00e1ron m\u00e9g megv\u00e1s\u00e1rolhat\u00f3 t\u00e1rgyakr\u00f3l a\u00a0<a title=\"Hely megnyit\u00e1sa\" href=\"http:\/\/www.mediaklikk.hu\/jonaklennijo\" target=\"_blank\" rel=\"noopener noreferrer\">www.mediaklikk.hu\\jonaklennijo<\/a>\u00a0oldalon t\u00e1j\u00e9koz\u00f3dhatnak az \u00e9rdekl\u0151d\u0151k.<br \/>\nA k\u00f6zm\u00e9dia m\u0171sorvezet\u0151i eg\u00e9sz nap v\u00e1rj\u00e1k telefonon a p\u00e9nzbeni felaj\u00e1nl\u00e1sokat. Mindezeken fel\u00fcl a 13616-as sz\u00e1m t\u00e1rcs\u00e1z\u00e1s\u00e1val vagy a 13616-as sz\u00e1mra k\u00fcld\u00f6tt smssel h\u00edv\u00e1sonk\u00e9nt \u00e9s \u00fczenetenk\u00e9nt 500 forinttal lehet t\u00e1mogatni az autista gyerekeket \u00e9s csal\u00e1djaikat seg\u00edt\u0151 Egy\u00fctt az Autist\u00e1k\u00e9rt Alap\u00edtv\u00e1nyt.(MTI)<\/p>\n<p>&nbsp;<\/p><div id=\"gazda-1321458131\" class=\"gazda-tartalomban gazda-entity-placement\"><script async src=\"https:\/\/pagead2.googlesyndication.com\/pagead\/js\/adsbygoogle.js\"><\/script>\r\n<ins class=\"adsbygoogle\"\r\n     style=\"display:block\"\r\n     data-ad-format=\"fluid\"\r\n     data-ad-layout-key=\"-6t+ed+2i-1n-4w\"\r\n     data-ad-client=\"ca-pub-1959107119989764\"\r\n     data-ad-slot=\"4008251320\"><\/ins>\r\n<script>\r\n     (adsbygoogle = window.adsbygoogle || []).push({});\r\n<\/script><\/div>\n","protected":false},"excerpt":{"rendered":"<p>Eg\u00e9sz napos m\u0171sorral v\u00e1rja a k\u00f6z\u00f6ns\u00e9get vas\u00e1rnap a J\u00f3nak lenni j\u00f3!, amelynek idei kedvezm\u00e9nyezettje az Egy\u00fctt az Autist\u00e1k\u00e9rt Alap\u00edtv\u00e1ny. A k\u00f6zm\u00e9dia j\u00f3t\u00e9konys\u00e1gi kamp\u00e1ny\u00e1ban a m\u0171sor vas\u00e1rnap d\u00e9lel\u0151tti kezdet\u00e9ig t\u00f6bb mint 54 milli\u00f3 forint gy\u0171lt \u00f6ssze.<\/p>\n","protected":false},"author":1001006,"featured_media":0,"comment_status":"closed","ping_status":"open","sticky":false,"template":"","format":"standard","meta":[],"categories":[4],"tags":[],"_links":{"self":[{"href":"https:\/\/gazdasagportal.hu\/index.php\/wp-json\/wp\/v2\/posts\/131997"}],"collection":[{"href":"https:\/\/gazdasagportal.hu\/index.php\/wp-json\/wp\/v2\/posts"}],"about":[{"href":"https:\/\/gazdasagportal.hu\/index.php\/wp-json\/wp\/v2\/types\/post"}],"author":[{"embeddable":true,"href":"https:\/\/gazdasagportal.hu\/index.php\/wp-json\/wp\/v2\/users\/1001006"}],"replies":[{"embeddable":true,"href":"https:\/\/gazdasagportal.hu\/index.php\/wp-json\/wp\/v2\/comments?post=131997"}],"version-history":[{"count":1,"href":"https:\/\/gazdasagportal.hu\/index.php\/wp-json\/wp\/v2\/posts\/131997\/revisions"}],"predecessor-version":[{"id":131998,"href":"https:\/\/gazdasagportal.hu\/index.php\/wp-json\/wp\/v2\/posts\/131997\/revisions\/131998"}],"wp:attachment":[{"href":"https:\/\/gazdasagportal.hu\/index.php\/wp-json\/wp\/v2\/media?parent=131997"}],"wp:term":[{"taxonomy":"category","embeddable":true,"href":"https:\/\/gazdasagportal.hu\/index.php\/wp-json\/wp\/v2\/categories?post=131997"},{"taxonomy":"post_tag","embeddable":true,"href":"https:\/\/gazdasagportal.hu\/index.php\/wp-json\/wp\/v2\/tags?post=131997"}],"curies":[{"name":"wp","href":"https:\/\/api.w.org\/{rel}","templated":true}]}}