{"id":131963,"date":"2020-12-18T14:34:53","date_gmt":"2020-12-18T13:34:53","guid":{"rendered":"http:\/\/gazdasagportal.hu\/?p=131963"},"modified":"2020-12-18T13:38:01","modified_gmt":"2020-12-18T12:38:01","slug":"viszlat-adobevallasok","status":"publish","type":"post","link":"https:\/\/gazdasagportal.hu\/index.php\/viszlat-adobevallasok\/","title":{"rendered":"Viszl\u00e1t ad\u00f3bevall\u00e1sok?"},"content":{"rendered":"<p><strong>Az OECD keretein bel\u00fcl m\u0171k\u00f6d\u0151 Ad\u00f3hat\u00f3s\u00e1gok F\u00f3ruma nemr\u00e9giben tartotta legut\u00f3bbi \u00fcl\u00e9s\u00e9t, melynek eredm\u00e9nyek\u00e9pp jelent meg az ad\u00f3hat\u00f3s\u00e1gi m\u0171k\u00f6d\u00e9s legfrissebb ir\u00e1nyait k\u00f6rvonalaz\u00f3 elk\u00e9pzel\u00e9s, az \u00fan. \u201eTax Administration 3.0\u201d. A F\u00f3rum legut\u00f3bbi \u00fcl\u00e9s\u00e9nek egyik f\u0151 c\u00e9lja, hogy az ad\u00f3hat\u00f3s\u00e1gok egy\u00fcttm\u0171k\u00f6d\u00e9s\u00e9t, valamint az ad\u00f3hat\u00f3s\u00e1gi gyakorlatot min\u00e9l hat\u00e9konyabb\u00e1 tegye \u00e9s felz\u00e1rk\u00f3ztassa a glob\u00e1lis gazdas\u00e1g legfrissebb kih\u00edv\u00e1saihoz.<\/strong><!--more--><\/p>\n<div class=\"ads-in-post1\"><div id=\"gazdasagportal.hu_fullbanner_wideboard\"><\/div>\r\n<\/div>\n<p><strong>\u00a0<\/strong><\/p>\n<p>A kezdem\u00e9nyez\u00e9s m\u00f6g\u00f6tt rejl\u0151 egyik f\u0151 hajt\u00f3er\u0151 az, hogy a folyamatosan fejl\u0151d\u0151 technol\u00f3giai megold\u00e1soknak k\u00f6sz\u00f6nhet\u0151en az ad\u00f3hat\u00f3s\u00e1gokat proakt\u00edvan m\u0171k\u00f6d\u0151, felhaszn\u00e1l\u00f3bar\u00e1t \u00e9s a kih\u00edv\u00e1sokhoz r\u00f6vid id\u0151 alatt alkalmazkodni k\u00e9pes korm\u00e1nyzati \u00e9s gazdas\u00e1gi szerepl\u0151kk\u00e9 tegy\u00e9k.<\/p>\n<p>A COVID-19 j\u00e1rv\u00e1ny okozta gazdas\u00e1gi v\u00e1ls\u00e1g is r\u00e1mutatott arra, hogy az ad\u00f3hat\u00f3s\u00e1goknak k\u00e9pesnek kell lenni\u00fck azonnali \u00e9s hat\u00e9kony v\u00e1laszokat adni kor\u00e1bban ismeretlen helyzetekre. Emellett a jelenleg is zajl\u00f3, szinte valamennyi ter\u00fcletet \u00e9rint\u0151 digitaliz\u00e1ci\u00f3s robban\u00e1s f\u00e9ny\u00e9ben az ad\u00f3z\u00f3k oldal\u00e1r\u00f3l is egyre nagyobb ig\u00e9ny mutatkozik arra, hogy ad\u00f3\u00fcgyeik int\u00e9z\u00e9s\u00e9vel kapcsolatban gyorsan \u00e9s hat\u00e9konyan tudj\u00e1k a megfelel\u0151 inform\u00e1ci\u00f3kat el\u00e9rni \u00e9s azokra reag\u00e1lni. A kiadv\u00e1ny hangs\u00falyozza, hogy ezen v\u00e1ltoz\u00e1s megval\u00f3sul\u00e1s\u00e1hoz teljes paradigmav\u00e1lt\u00e1sra van sz\u00fcks\u00e9g az ad\u00f3adminisztr\u00e1ci\u00f3s gyakorlatban, \u00e9s a rendszert felhaszn\u00e1l\u00f3i szeml\u00e9let ment\u00e9n kell az ad\u00f3z\u00f3kra szabni.<\/p><div id=\"gazda-3180104025\" class=\"gazda-tartalomban gazda-entity-placement\"><script async src=\"https:\/\/pagead2.googlesyndication.com\/pagead\/js\/adsbygoogle.js\"><\/script>\r\n<ins class=\"adsbygoogle\"\r\n     style=\"display:block\"\r\n     data-ad-format=\"fluid\"\r\n     data-ad-layout-key=\"-6t+ed+2i-1n-4w\"\r\n     data-ad-client=\"ca-pub-1959107119989764\"\r\n     data-ad-slot=\"4008251320\"><\/ins>\r\n<script>\r\n     (adsbygoogle = window.adsbygoogle || []).push({});\r\n<\/script><\/div>\n<p>Ezen elk\u00e9pzel\u00e9sek t\u00fckr\u00e9ben az ad\u00f3adminisztr\u00e1ci\u00f3 egy felhaszn\u00e1l\u00f3bar\u00e1t folyamatt\u00e1 v\u00e1lna, amely val\u00f3s id\u0151ben, jelent\u0151sebb er\u0151forr\u00e1sok felhaszn\u00e1l\u00e1sa n\u00e9lk\u00fcl, szinte automatikusan rendezn\u00e9 a felmer\u00fcl\u0151 ad\u00f3\u00fcgyi feladatokat.<\/p>\n<div class=\"ads-in-post1\"><div id=\"gazdasagportal.hu_fullbanner_wideboard\"><\/div>\r\n<\/div>\n\u201e<em>A c\u00e9lok megval\u00f3s\u00edt\u00e1s\u00e1nak egyik lehets\u00e9ges m\u00f3dja, hogy az ad\u00f3adminisztr\u00e1ci\u00f3s elj\u00e1r\u00e1sok olyan digit\u00e1lis fel\u00fcleteken menjenek v\u00e9gbe, amelyek \u00f6sszekapcsolj\u00e1k az ad\u00f3z\u00f3k, az ad\u00f3hat\u00f3s\u00e1gok \u00e9s a relev\u00e1ns szolg\u00e1ltat\u00f3k saj\u00e1t bels\u0151 rendszereit<\/em>\u201d \u2013 mondta el P\u00f3czak Ferenc, a Deloitte ad\u00f3oszt\u00e1ly\u00e1nak partnere.<\/p>\n<p>Az elk\u00e9pzel\u00e9sek szerint az egyes szerepl\u0151k \u00e1ltal haszn\u00e1lt platformok \u00f6sszekapcsol\u00e1sa egy z\u00e1rt \u00e9s biztons\u00e1gos rendszerben t\u00f6rt\u00e9nne, melynek megfelel\u0151 m\u0171k\u00f6d\u00e9s\u00e9\u00e9rt \u00e9s fenntart\u00e1s\u00e1\u00e9rt korm\u00e1nyzati szervek lenn\u00e9nek felel\u0151sek. Az ad\u00f3z\u00f3knak ugyanakkor teljes fel\u00fcgyeleti \u00e9s ellen\u0151rz\u00e9si lehet\u0151s\u00e9g\u00fck lenne saj\u00e1t ad\u00f3\u00fcgyeik felett tov\u00e1bbra is. Az \u00faj ad\u00f3adminisztr\u00e1ci\u00f3s rendszerek a kor\u00e1bbi formanyomtatv\u00e1nyokon alapul\u00f3, nagyban manu\u00e1lis rendszereket cser\u00e9ln\u00e9k adat vez\u00e9relt h\u00e1l\u00f3zatok \u00f6sszekapcsol\u00e1s\u00e1ra, amelyek val\u00f3s id\u0151ben tudj\u00e1k kezelni \u00e9s r\u00f6gz\u00edteni a bek\u00f6vetkez\u0151 esem\u00e9nyeket, \u00e9s amelyekb\u0151l val\u00f3s id\u0151ben kinyerhet\u0151k a megfelel\u0151 inform\u00e1ci\u00f3k. Ezzel az ad\u00f3hat\u00f3s\u00e1gok \u00e9s az ad\u00f3z\u00f3k is jelent\u0151s m\u00e9rt\u00e9k\u0171 er\u0151forr\u00e1st tudn\u00e1nak felszabad\u00edtani \u00e9s \u00e1tcsoportos\u00edtani m\u0171k\u00f6d\u00e9s\u00fck sor\u00e1n.<\/p>\n<p>\u201e<em>Az elk\u00e9pzel\u00e9sek szerint az ad\u00f3z\u00e1s hossz\u00fa t\u00e1von minim\u00e1lis ad\u00f3z\u00f3i k\u00f6zrem\u0171k\u00f6d\u00e9s\u00e9t ig\u00e9nyelne \u00e9s a jelenleg komoly er\u0151forr\u00e1sokat felem\u00e9szt\u0151 adminisztr\u00e1ci\u00f3 nagy r\u00e9sze automatiz\u00e1lt folyamat r\u00e9sz\u00e9v\u00e9 v\u00e1lna<\/em>\u201d \u2013 tette hozz\u00e1 Bella M\u00e1ri\u00f3 P\u00e9ter, a Deloitte ad\u00f3oszt\u00e1ly\u00e1nak menedzsere.<\/p>\n<div class=\"ads-in-post1\"><div id=\"gazdasagportal.hu_fullbanner_wideboard\"><\/div>\r\n<\/div>\nA tervek megalkot\u00f3i szerint az \u00faj rendszer legink\u00e1bb a mag\u00e1nszem\u00e9lyek j\u00f6vedelm\u00e9nek ad\u00f3ztat\u00e1s\u00e1hoz lenne hasonl\u00edthat\u00f3, ahol sz\u00e1mos orsz\u00e1gban, k\u00f6zt\u00fck haz\u00e1nkban is az ad\u00f3z\u00f3, azaz a munkav\u00e1llal\u00f3 r\u00e9sz\u00e9r\u0151l minim\u00e1lis k\u00f6zrem\u0171k\u00f6d\u00e9s sz\u00fcks\u00e9ges az ad\u00f3 befizet\u00e9s\u00e9hez \u00e9s a vonatkoz\u00f3 bevall\u00e1sok, illetve adatszolg\u00e1ltat\u00e1sok megt\u00e9tel\u00e9hez. Ugyanakkor, a folyamat az ad\u00f3z\u00f3 sz\u00e1m\u00e1ra ellen\u0151rizhet\u0151 \u00e9s lek\u00f6vethet\u0151, sz\u00fcks\u00e9g eset\u00e9n pedig a megfelel\u0151 korrekci\u00f3k elv\u00e9gezhet\u0151k \u2013 gondoljunk csak az ad\u00f3hat\u00f3s\u00e1g \u00e1ltal automatikusan \u00f6ssze\u00e1ll\u00edtott \u00e9s az ad\u00f3z\u00f3 rendelkez\u00e9s\u00e9re bocs\u00e1tott ad\u00f3bevall\u00e1s-tervezetekre. \u00c1ltal\u00e1nos esetben teh\u00e1t a folyamatban az ad\u00f3fizet\u00e9s \u00e9s a bevall\u00e1s elk\u00e9sz\u00edt\u00e9se is a munkav\u00e1llal\u00f3 akt\u00edv k\u00f6zrem\u0171k\u00f6d\u00e9se n\u00e9lk\u00fcl, automatikusan t\u00f6rt\u00e9nik.<\/p>\n<p>A fenti c\u00e9lkit\u0171z\u00e9s egyel\u0151re tov\u00e1bbi egyeztet\u00e9sek t\u00e1rgya, valamint sz\u00e1mtalan kih\u00edv\u00e1ssal kell megk\u00fczdeni a technikai megval\u00f3s\u00edt\u00e1s ter\u00e9n. Ennek megfelel\u0151en az Ad\u00f3hat\u00f3s\u00e1gok F\u00f3ruma v\u00e1llal\u00e1st tett arra, hogy 2021-ben publik\u00e1lni fog egy \u00f6sszefoglal\u00f3t a t\u00e9nylegesen kit\u0171z\u00f6tt c\u00e9lokr\u00f3l \u00e9s azok megval\u00f3s\u00edt\u00e1s\u00e1nak r\u00e9szletes \u00fctemterv\u00e9r\u0151l. A F\u00f3rum ezzel akt\u00edv kezdem\u00e9nyez\u0151 szerepl\u0151v\u00e9 k\u00edv\u00e1nja tenni az ad\u00f3hat\u00f3s\u00e1gokat annak \u00e9rdek\u00e9ben, hogy az ad\u00f3hat\u00f3s\u00e1gok ne ut\u00f3lag, hanem a digitaliz\u00e1ci\u00f3 egyre rohamosabb fejl\u0151d\u00e9s\u00e9vel p\u00e1rhuzamosan reag\u00e1ljanak a gazdas\u00e1gi k\u00f6rnyezet v\u00e1ltoz\u00e1s\u00e1ra.<\/p>\n<p>&nbsp;<\/p>\n<h3>A Deloitte-r\u00f3l<\/h3>\n<p>A Deloitte sz\u00e1mos ipar\u00e1gban ny\u00fajt k\u00f6nyvvizsg\u00e1lati, valamint ad\u00f3- \u00e9s egy\u00e9b tan\u00e1csad\u00e1si, tov\u00e1bb\u00e1 jogi szolg\u00e1ltat\u00e1sokat (\u00fcgyfeleinknek egy\u00fcttm\u0171k\u00f6d\u0151 \u00fcgyv\u00e9di irod\u00e1nk, a Deloitte Legal G\u00f6nd\u00f6cz \u00e9s T\u00e1rsai \u00dcgyv\u00e9di Iroda ny\u00fajtja a jogi tan\u00e1csad\u00e1si szolg\u00e1ltat\u00e1sokat) \u00e1llami \u00e9s mag\u00e1nc\u00e9gek r\u00e9sz\u00e9re egyar\u00e1nt. T\u00f6bb mint 150 orsz\u00e1gban jelen l\u00e9v\u0151 h\u00e1l\u00f3zat\u00e1n kereszt\u00fcl a Deloitte vil\u00e1gsz\u00ednvonal\u00fa szak\u00e9rtelm\u00e9vel \u00e9s min\u0151s\u00e9gi szolg\u00e1ltat\u00e1saival seg\u00edti \u00fcgyfeleit abban, hogy megfeleljenek az el\u0151tt\u00fck \u00e1ll\u00f3 \u00fczleti kih\u00edv\u00e1soknak. A Deloitte mintegy 312 000 szak\u00e9rt\u0151je egyt\u0151l egyig arra t\u00f6rekszik, hogy a kiv\u00e1l\u00f3s\u00e1g m\u00e9rc\u00e9j\u00e9v\u00e9 v\u00e1ljon.<\/p>\n<p>A Deloitte n\u00e9v az Egyes\u00fclt Kir\u00e1lys\u00e1gban \u201ccompany limited by guarantee\u201d form\u00e1ban alap\u00edtott Deloitte Touche Tohmatsu Limited t\u00e1rsas\u00e1gra \u00e9s tagv\u00e1llalatainak h\u00e1l\u00f3zat\u00e1ra utal, melyek mindegyike \u00f6n\u00e1ll\u00f3, egym\u00e1st\u00f3l elk\u00fcl\u00f6n\u00fcl\u0151 jogi szem\u00e9ly. A Deloitte Touche Tohmatsu Limited \u00e9s tagv\u00e1llalatai jogi strukt\u00far\u00e1j\u00e1nak r\u00e9szletes bemutat\u00e1s\u00e1t a k\u00f6vetkez\u0151 link alatt tal\u00e1lja:\u00a0<a href=\"http:\/\/www.deloitte.com\/hu\/magunkrol\" target=\"_blank\" rel=\"noopener noreferrer\">www.deloitte.com\/hu\/magunkrol<\/a>.<\/p>\n","protected":false},"excerpt":{"rendered":"<p>Az OECD keretein bel\u00fcl m\u0171k\u00f6d\u0151 Ad\u00f3hat\u00f3s\u00e1gok F\u00f3ruma nemr\u00e9giben tartotta legut\u00f3bbi \u00fcl\u00e9s\u00e9t, melynek eredm\u00e9nyek\u00e9pp jelent meg az ad\u00f3hat\u00f3s\u00e1gi m\u0171k\u00f6d\u00e9s legfrissebb ir\u00e1nyait k\u00f6rvonalaz\u00f3 elk\u00e9pzel\u00e9s, az \u00fan. \u201eTax Administration 3.0\u201d. A F\u00f3rum legut\u00f3bbi \u00fcl\u00e9s\u00e9nek egyik f\u0151 c\u00e9lja, hogy az ad\u00f3hat\u00f3s\u00e1gok egy\u00fcttm\u0171k\u00f6d\u00e9s\u00e9t, valamint az ad\u00f3hat\u00f3s\u00e1gi gyakorlatot min\u00e9l hat\u00e9konyabb\u00e1 tegye \u00e9s felz\u00e1rk\u00f3ztassa a glob\u00e1lis gazdas\u00e1g legfrissebb kih\u00edv\u00e1saihoz.<\/p>\n","protected":false},"author":1001006,"featured_media":88101,"comment_status":"closed","ping_status":"open","sticky":false,"template":"","format":"standard","meta":[],"categories":[146,20,19],"tags":[],"_links":{"self":[{"href":"https:\/\/gazdasagportal.hu\/index.php\/wp-json\/wp\/v2\/posts\/131963"}],"collection":[{"href":"https:\/\/gazdasagportal.hu\/index.php\/wp-json\/wp\/v2\/posts"}],"about":[{"href":"https:\/\/gazdasagportal.hu\/index.php\/wp-json\/wp\/v2\/types\/post"}],"author":[{"embeddable":true,"href":"https:\/\/gazdasagportal.hu\/index.php\/wp-json\/wp\/v2\/users\/1001006"}],"replies":[{"embeddable":true,"href":"https:\/\/gazdasagportal.hu\/index.php\/wp-json\/wp\/v2\/comments?post=131963"}],"version-history":[{"count":1,"href":"https:\/\/gazdasagportal.hu\/index.php\/wp-json\/wp\/v2\/posts\/131963\/revisions"}],"predecessor-version":[{"id":131964,"href":"https:\/\/gazdasagportal.hu\/index.php\/wp-json\/wp\/v2\/posts\/131963\/revisions\/131964"}],"wp:featuredmedia":[{"embeddable":true,"href":"https:\/\/gazdasagportal.hu\/index.php\/wp-json\/wp\/v2\/media\/88101"}],"wp:attachment":[{"href":"https:\/\/gazdasagportal.hu\/index.php\/wp-json\/wp\/v2\/media?parent=131963"}],"wp:term":[{"taxonomy":"category","embeddable":true,"href":"https:\/\/gazdasagportal.hu\/index.php\/wp-json\/wp\/v2\/categories?post=131963"},{"taxonomy":"post_tag","embeddable":true,"href":"https:\/\/gazdasagportal.hu\/index.php\/wp-json\/wp\/v2\/tags?post=131963"}],"curies":[{"name":"wp","href":"https:\/\/api.w.org\/{rel}","templated":true}]}}