{"id":131939,"date":"2020-12-17T19:18:48","date_gmt":"2020-12-17T18:18:48","guid":{"rendered":"http:\/\/gazdasagportal.hu\/?p=131939"},"modified":"2020-12-17T19:18:48","modified_gmt":"2020-12-17T18:18:48","slug":"tozsdezaras-elemzo-a-richter-huzta-fel-a-bux-ot","status":"publish","type":"post","link":"https:\/\/gazdasagportal.hu\/index.php\/tozsdezaras-elemzo-a-richter-huzta-fel-a-bux-ot\/","title":{"rendered":"T\u0151zsdez\u00e1r\u00e1s &#8211; Elemz\u0151: a Richter h\u00fazta fel a BUX-ot"},"content":{"rendered":"<p><strong>A Budapesti \u00c9rt\u00e9kt\u0151zsde r\u00e9szv\u00e9nyindexe, a BUX 176,76 pontos, 0,42 sz\u00e1zal\u00e9kos emelked\u00e9ssel, 42 088,03 ponton z\u00e1rt cs\u00fct\u00f6rt\u00f6k\u00f6n.<\/strong><!--more--><\/p>\n<div class=\"ads-in-post1\"><div id=\"gazdasagportal.hu_fullbanner_wideboard\"><\/div>\r\n<\/div>\n<p>    A r\u00e9szv\u00e9nypiac forgalma 13,5 milli\u00e1rd forint volt, a vezet\u0151 r\u00e9szv\u00e9nyek a Mol kiv\u00e9tel\u00e9vel emelkedtek az el\u0151z\u0151 napi z\u00e1r\u00e1shoz k\u00e9pest.<br \/>\n    Varga Zolt\u00e1n, az Equilor Befektet\u00e9si Zrt. senior elemz\u0151je az MTI-nek elmondta, hogy a Richter emelked\u00e9s\u00e9nek k\u00f6sz\u00f6nhet\u0151en z\u00e1rt pluszban a BUX-index.<br \/>\n    Hozz\u00e1tette, hogy a kedvev\u0151 nemzetk\u00f6zi befektet\u0151i hangulat hat\u00e1s\u00e1ra az OTP \u00e9s a Magyar Telekom \u00e1rfolyama is er\u0151s\u00f6d\u00f6tt.<br \/>\n    A Mol v\u00e1ltozatlanul 2172 forinton \u00e1llt, 1,2 milli\u00e1rd forintos forgalomban.<br \/>\n    Az OTP-r\u00e9szv\u00e9nyek \u00e1ra 80 forinttal, 0,59 sz\u00e1zal\u00e9kkal 13 530 forintra n\u0151tt, forgalmuk 9,5 milli\u00e1rd forintot tett ki.<br \/>\n    A Magyar Telekom \u00e1rfolyama 0,5 forinttal, 0,13 sz\u00e1zal\u00e9kkal 374 forintra emelkedett, forgalma 197,1 milli\u00f3 forint volt.<br \/>\n    A Richter-pap\u00edrok \u00e1rfolyama 65 forinttal, 0,88 sz\u00e1zal\u00e9kkal 7470 forintra er\u0151s\u00f6d\u00f6tt, a r\u00e9szv\u00e9nyek forgalma 2,0 milli\u00e1rd forintot \u00e9rt el.<br \/>\n    A BUMIX 3543,31 ponton z\u00e1rt cs\u00fct\u00f6rt\u00f6k\u00f6n, ez 7,38 pontos, 0,21 sz\u00e1zal\u00e9kos cs\u00f6kken\u00e9s a szerdai z\u00e1r\u00e1shoz viszony\u00edtva.(MTI)<\/p>\n","protected":false},"excerpt":{"rendered":"<p>A Budapesti \u00c9rt\u00e9kt\u0151zsde r\u00e9szv\u00e9nyindexe, a BUX 176,76 pontos, 0,42 sz\u00e1zal\u00e9kos emelked\u00e9ssel, 42 088,03 ponton z\u00e1rt cs\u00fct\u00f6rt\u00f6k\u00f6n.<\/p>\n","protected":false},"author":1001006,"featured_media":0,"comment_status":"closed","ping_status":"open","sticky":false,"template":"","format":"standard","meta":[],"categories":[7],"tags":[],"_links":{"self":[{"href":"https:\/\/gazdasagportal.hu\/index.php\/wp-json\/wp\/v2\/posts\/131939"}],"collection":[{"href":"https:\/\/gazdasagportal.hu\/index.php\/wp-json\/wp\/v2\/posts"}],"about":[{"href":"https:\/\/gazdasagportal.hu\/index.php\/wp-json\/wp\/v2\/types\/post"}],"author":[{"embeddable":true,"href":"https:\/\/gazdasagportal.hu\/index.php\/wp-json\/wp\/v2\/users\/1001006"}],"replies":[{"embeddable":true,"href":"https:\/\/gazdasagportal.hu\/index.php\/wp-json\/wp\/v2\/comments?post=131939"}],"version-history":[{"count":1,"href":"https:\/\/gazdasagportal.hu\/index.php\/wp-json\/wp\/v2\/posts\/131939\/revisions"}],"predecessor-version":[{"id":131940,"href":"https:\/\/gazdasagportal.hu\/index.php\/wp-json\/wp\/v2\/posts\/131939\/revisions\/131940"}],"wp:attachment":[{"href":"https:\/\/gazdasagportal.hu\/index.php\/wp-json\/wp\/v2\/media?parent=131939"}],"wp:term":[{"taxonomy":"category","embeddable":true,"href":"https:\/\/gazdasagportal.hu\/index.php\/wp-json\/wp\/v2\/categories?post=131939"},{"taxonomy":"post_tag","embeddable":true,"href":"https:\/\/gazdasagportal.hu\/index.php\/wp-json\/wp\/v2\/tags?post=131939"}],"curies":[{"name":"wp","href":"https:\/\/api.w.org\/{rel}","templated":true}]}}