{"id":131935,"date":"2020-12-17T14:13:19","date_gmt":"2020-12-17T13:13:19","guid":{"rendered":"http:\/\/gazdasagportal.hu\/?p=131935"},"modified":"2020-12-17T14:13:19","modified_gmt":"2020-12-17T13:13:19","slug":"letettek-a-lynx-harcjarmugyar-alapkovet-zalaegerszegen","status":"publish","type":"post","link":"https:\/\/gazdasagportal.hu\/index.php\/letettek-a-lynx-harcjarmugyar-alapkovet-zalaegerszegen\/","title":{"rendered":"Letett\u00e9k a Lynx-harcj\u00e1rm\u0171gy\u00e1r alapk\u00f6v\u00e9t Zalaegerszegen"},"content":{"rendered":"<p><strong>Honv\u00e9ds\u00e9gi helikopterrel tett\u00e9k le az alapk\u00f6v\u00e9t cs\u00fct\u00f6rt\u00f6k\u00f6n Zalaegerszegen a n\u00e9met Rheinmetall \u00e9s a magyar \u00e1llam vegyesv\u00e1llalata \u00e1ltal mintegy 60 milli\u00e1rd forintb\u00f3l \u00e9p\u00fcl\u0151, Lynx harcj\u00e1rm\u0171veket gy\u00e1rt\u00f3 \u00fczemnek; a rendezv\u00e9nyen az is elhangzott, hogy V\u00e1rpalot\u00e1n robban\u00f3anyagok \u00e9s nagykaliber\u0171 l\u0151szerek gy\u00e1rt\u00e1s\u00e1ra \u00faj \u00fczemeket hoznak l\u00e9tre.<\/strong><!--more--><\/p>\n<div class=\"ads-in-post1\"><div id=\"gazdasagportal.hu_fullbanner_wideboard\"><\/div>\r\n<\/div>\n<p>    Palkovics L\u00e1szl\u00f3 innov\u00e1ci\u00f3s \u00e9s technol\u00f3giai miniszter azt mondta: a kateg\u00f3ri\u00e1j\u00e1ban legkorszer\u0171bbnek sz\u00e1m\u00edt\u00f3 Lynx harcj\u00e1rm\u0171vekb\u0151l 218 ker\u00fcl a Magyar Honv\u00e9ds\u00e9ghez, ebb\u0151l 172-t gy\u00e1rtanak majd a 2023-ra elk\u00e9sz\u00fcl\u0151 zalai \u00fczemben, amely kutat\u00e1s-fejleszt\u00e9ssel \u00e9s tesztel\u00e9ssel is foglalkozik.<br \/>\n    Hozz\u00e1tette, hogy a h\u00e1romhekt\u00e1ros ter\u00fcleten fel\u00e9p\u00edtend\u0151 gy\u00e1r\u00e9p\u00fclet \u00e9s a hozz\u00e1 kapcsol\u00f3d\u00f3 tesztk\u00f6rnyezet kivitelez\u00e9se &#8211; k\u00f6zvetlen\u00fcl a ZalaZone J\u00e1rm\u0171ipari tesztp\u00e1lya szomsz\u00e9ds\u00e1g\u00e1ban &#8211; meg is kezd\u0151dik.<br \/>\n    Palkovics L\u00e1szl\u00f3 \u00fagy fogalmazott: az alapk\u0151let\u00e9tellel \u00faj korszak is kezd\u0151dik a hazai hader\u0151, hadiipar \u00e9s gazdas\u00e1g sz\u00e1m\u00e1ra azzal, hogy a megl\u00e9v\u0151 magas technikai sz\u00ednvonalon is t\u00falmutat\u00f3, kiemelked\u0151 hozz\u00e1adott \u00e9rt\u00e9ket k\u00e9pvisel\u0151 termel\u00e9si \u00e1gat honos\u00edtanak meg. Mindez azonban nem el\u0151zm\u00e9nyek n\u00e9lk\u00fcli, hiszen a kor\u00e1bbi \u00e9vtizedekben Magyarorsz\u00e1g m\u00e9g komoly hadiiparral \u00e9s ehhez kapcsol\u00f3d\u00f3 j\u00e1rm\u0171gy\u00e1rt\u00e1ssal rendelkezett.<br \/>\n    Az \u00faj korszak innov\u00e1ci\u00f3s b\u00f6lcs\u0151je Zalaegerszegen lesz, a 45 milli\u00e1rd forintos beruh\u00e1z\u00e1ssal \u00e9p\u00fcl\u0151 j\u00e1rm\u0171ipari tesztp\u00e1lya mellett, annak p\u00e1ratlan adotts\u00e1gaira \u00e9p\u00fclve j\u00f6n l\u00e9tre egy nemzetk\u00f6zi szinten is jelent\u0151s \u00fajabb ipari-innov\u00e1ci\u00f3s b\u00e1zis. A ZalaZone Ipari Park Zrt. \u00e9s a Rheinmetall Landsysteme GmbH k\u00f6z\u00f6s vegyesv\u00e1llalata, a Rheinmetall Hungary Zrt. Eur\u00f3pa egyik legkomplexebb off-road tesztk\u00f6rnyezet\u00e9t is kialak\u00edtja &#8211; ismertette a miniszter.<br \/>\n    Palkovics L\u00e1szl\u00f3 jelezte tov\u00e1bb\u00e1: a korm\u00e1ny h\u00e9tf\u0151n fogja t\u00e1rgyalni \u00e9s varhat\u00f3an elfogadni azt a hadiipari fejleszt\u00e9si el\u0151terjeszt\u00e9st, amelynek egyik legfontosabb eleme a Lynx-gy\u00e1r. A Rheinmetallal pedig tov\u00e1bbi &#8211; egyel\u0151re nem r\u00e9szletezhet\u0151 tartalm\u00fa &#8211; t\u00e1rgyal\u00e1sok zajlanak \u00fajabb beruh\u00e1z\u00e1sokr\u00f3l, de annyit el\u00e1rult, hogy a n\u00e9met c\u00e9g vezet\u0151i ennek kapcs\u00e1n Zalaegerszeg ut\u00e1n a szegedi l\u00e9zerk\u00f6zpontban tesznek l\u00e1togat\u00e1st.<br \/>\n    Benk\u0151 Tibor honv\u00e9delmi miniszter \u00fagy v\u00e9lekedett, nemcsak Zalaegerszeg \u00e9s t\u00e9rs\u00e9ge, hanem Magyarorsz\u00e1g sz\u00e1m\u00e1ra is hatalmas el\u0151rel\u00e9p\u00e9s a zalaegerszegi harcj\u00e1rm\u0171gy\u00e1r meg\u00e9p\u00edt\u00e9se.<br \/>\n<div class=\"ads-in-post1\"><div id=\"gazdasagportal.hu_fullbanner_wideboard\"><\/div>\r\n<\/div>\n    A korm\u00e1ny elk\u00f6telezett a honv\u00e9ds\u00e9g fejleszt\u00e9s\u00e9ben, mert er\u0151s nemzeti hadsereg n\u00e9lk\u00fcl nincs nemzeti megbecs\u00fcl\u00e9s, \u00f6nbecs\u00fcl\u00e9s \u00e9s \u00e9rdek\u00e9rv\u00e9nyes\u00edt\u00e9s. A honv\u00e9delem nemzeti \u00fcgy, amelynek alappill\u00e9re a honv\u00e9ds\u00e9g felk\u00e9sz\u00fclts\u00e9ge \u00e9s eszk\u00f6zei, az er\u0151s NATO-sz\u00f6vets\u00e9g \u00e9s a magyar \u00e1llampolg\u00e1rok elk\u00f6telezetts\u00e9ge a haza, a nemzet \u00fcgyei ir\u00e1nt &#8211; sorolta a honv\u00e9delmi t\u00e1rca vezet\u0151je.<br \/>\n    Szavai szerint m\u00e1ra el\u00e9rt\u00fck, hogy NATO-sz\u00f6vets\u00e9geseinek feln\u00e9znek r\u00e1nk, m\u00edg kor\u00e1bban &#8222;potyautask\u00e9nt&#8221; jellemeztek benn\u00fcnket, most azonban m\u00e1r p\u00e9lda\u00e9rt\u00e9k\u0171nek tekintik a magyarorsz\u00e1gi hader\u0151fejleszt\u00e9si folyamatokat.<br \/>\n    Mar\u00f3th G\u00e1sp\u00e1r v\u00e9delmi fejleszt\u00e9sek\u00e9rt felel\u0151s korm\u00e1nybiztos arr\u00f3l sz\u00e1molt be: a vegyesv\u00e1llalat k\u00f6vetkez\u0151 beruh\u00e1z\u00e1sak\u00e9nt V\u00e1rpalot\u00e1n robban\u00f3anyagokat, illetve nagykaliber\u0171 l\u0151szereket \u00e9s aknavet\u0151gr\u00e1n\u00e1tokat gy\u00e1rt\u00f3 \u00fczemeket \u00e9p\u00edtenek fel.<br \/>\n    Hozz\u00e1tette, hogy az eur\u00f3pai k\u00f6z\u00f6ss\u00e9g sz\u00e1m\u00e1ra is kiemelked\u0151 ez a beruh\u00e1z\u00e1s, mert robban\u00f3anyagokb\u00f3l hi\u00e1nyt szenved Eur\u00f3pa. A nagykaliber\u0171 l\u0151szerek gy\u00e1rt\u00e1s\u00e1hoz csatlakozva pedig a nemr\u00e9g az \u00e1llam \u00e1ltal megv\u00e1s\u00e1rolt Hirtenberger aknavet\u0151gy\u00e1r gr\u00e1n\u00e1tgy\u00e1rt\u00e1s\u00e1t is V\u00e1rpalot\u00e1ra helyezn\u00e9k \u00e1t.<br \/>\n    Armin Papperger, a Rheinmetall eln\u00f6k-vez\u00e9rigazgat\u00f3ja egyebek mellett azt hangs\u00falyozta, hogy olyan gy\u00e1r \u00e9p\u00fcl Zalaegerszegen, amilyen m\u00e9g nincs Eur\u00f3p\u00e1ban, ugyanis olyan technol\u00f3gi\u00e1kat is alkalmaznak, amelyek a mesters\u00e9ges intelligenci\u00e1t is felhaszn\u00e1lj\u00e1k. Ezzel a technol\u00f3gi\u00e1val, digit\u00e1lis berendez\u00e9sekkel a katon\u00e1kat is v\u00e9deni tudj\u00e1k.<br \/>\n    Kijelentette: a mesters\u00e9ges intelligencia a k\u00f6vetkez\u0151 t\u00edz \u00e9vben be\u00e9p\u00fcl a harc\u00e1szati rendszerekbe, a zalai fejleszt\u00e9s pedig olyannyira el\u0151remutat\u00f3, hogy sehol a vil\u00e1gon nincs hasonl\u00f3, a k\u00f6vetkez\u0151 10-15 \u00e9vben pedig tart\u00f3san az amerikai technik\u00e1t is megel\u0151zi. A Rheinmetall t\u00f6bb mint 600 milli\u00f3 eur\u00f3s befektet\u00e9st tervez a k\u00f6vetkez\u0151 \u00e9vekben Magyarorsz\u00e1gon, a kutat\u00e1s-fejleszt\u00e9s ter\u00fclet\u00e9n \u00e9s a fegyverzet- \u00e9s l\u0151szergy\u00e1rt\u00e1st illet\u0151en pedig mindez Magyarorsz\u00e1got Eur\u00f3p\u00e1ban is vezet\u0151v\u00e9 teszi.<br \/>\n    Korom Ferenc, a Magyar Honv\u00e9ds\u00e9g parancsnoka \u00fagy fogalmazott: a Lynx-gy\u00e1r a magyar hadiipar fejl\u0151d\u00e9s\u00e9nek leg\u00fajabb \u00e1llom\u00e1sa, ami a munkaer\u0151piacra \u00e9s a t\u00e9rs\u00e9g gazdas\u00e1gi fejl\u0151d\u00e9s\u00e9re is kedvez\u0151 hat\u00e1ssal lesz.<br \/>\n<div class=\"ads-in-post1\"><div id=\"gazdasagportal.hu_fullbanner_wideboard\"><\/div>\r\n<\/div>\n    Balaicz Zolt\u00e1n polg\u00e1rmester (Fidesz-KDNP) a helyi gazdas\u00e1g meger\u0151s\u00edt\u00e9se \u00e9rdek\u00e9ben tett, minden kor\u00e1bbi \u00e1lmot fel\u00fclm\u00fal\u00f3 \u00fajabb l\u00e9p\u00e9snek nevezte a harcj\u00e1rm\u0171gy\u00e1r beruh\u00e1z\u00e1s\u00e1t, ami egyben \u00fajrapozicion\u00e1lja a zalai megyesz\u00e9khely szerep\u00e9t is.<br \/>\n    Vigh L\u00e1szl\u00f3, a t\u00e9rs\u00e9g fideszes orsz\u00e1ggy\u0171l\u00e9si k\u00e9pvisel\u0151je a ZalaZone J\u00e1rm\u0171ipari tesztp\u00e1lya miniszteri biztosak\u00e9nt jelezte: jelenleg mintegy 80 sz\u00e1zal\u00e9kos k\u00e9sz\u00fclts\u00e9gen \u00e1ll a beruh\u00e1z\u00e1s, \u00e9s m\u00e1r hat\u00e1rid\u0151 el\u0151tt, a j\u00f6v\u0151 \u00e9v v\u00e9g\u00e9re mindennel szeretn\u00e9nek elk\u00e9sz\u00fclni.<br \/>\n    A zalaegerszegi rendezv\u00e9nyen a honv\u00e9ds\u00e9g H145M helikopter\u00e9vel helyezt\u00e9k el a beruh\u00e1z\u00e1s alapk\u00f6v\u00e9t, mindezt a r\u00e9sztvev\u0151k online k\u00f6zvet\u00edt\u00e9sen kereszt\u00fcl tekinthett\u00e9k meg.<br \/>\n    A zalai \u00fczemben 2023-t\u00f3l gy\u00e1rtand\u00f3 Lynx harcj\u00e1rm\u0171 egy p\u00e9ld\u00e1ny\u00e1t a helysz\u00ednen m\u0171k\u00f6d\u00e9s k\u00f6zben is bemutatt\u00e1k. Az ak\u00e1r t\u00edz katona sz\u00e1ll\u00edt\u00e1s\u00e1ra is alkalmas p\u00e1nc\u00e9lozott j\u00e1rm\u0171 g\u00e9p\u00e1gy\u00fat, g\u00e9ppusk\u00e1t \u00e9s ir\u00e1ny\u00edtott rak\u00e9t\u00e1kat tud kil\u0151ni, az 1140 l\u00f3er\u0151s motorja 70 kilom\u00e9teres sebess\u00e9g el\u00e9r\u00e9s\u00e9re k\u00e9pes, egyetlen tank \u00fczemanyaggal 500 kilom\u00e9tert tud megtenni.(MTI)<\/p>\n","protected":false},"excerpt":{"rendered":"<p>Honv\u00e9ds\u00e9gi helikopterrel tett\u00e9k le az alapk\u00f6v\u00e9t cs\u00fct\u00f6rt\u00f6k\u00f6n Zalaegerszegen a n\u00e9met Rheinmetall \u00e9s a magyar \u00e1llam vegyesv\u00e1llalata \u00e1ltal mintegy 60 milli\u00e1rd forintb\u00f3l \u00e9p\u00fcl\u0151, Lynx harcj\u00e1rm\u0171veket gy\u00e1rt\u00f3 \u00fczemnek; a rendezv\u00e9nyen az is elhangzott, hogy V\u00e1rpalot\u00e1n robban\u00f3anyagok \u00e9s nagykaliber\u0171 l\u0151szerek gy\u00e1rt\u00e1s\u00e1ra \u00faj \u00fczemeket hoznak l\u00e9tre.<\/p>\n","protected":false},"author":1001006,"featured_media":0,"comment_status":"closed","ping_status":"open","sticky":false,"template":"","format":"standard","meta":[],"categories":[19],"tags":[],"_links":{"self":[{"href":"https:\/\/gazdasagportal.hu\/index.php\/wp-json\/wp\/v2\/posts\/131935"}],"collection":[{"href":"https:\/\/gazdasagportal.hu\/index.php\/wp-json\/wp\/v2\/posts"}],"about":[{"href":"https:\/\/gazdasagportal.hu\/index.php\/wp-json\/wp\/v2\/types\/post"}],"author":[{"embeddable":true,"href":"https:\/\/gazdasagportal.hu\/index.php\/wp-json\/wp\/v2\/users\/1001006"}],"replies":[{"embeddable":true,"href":"https:\/\/gazdasagportal.hu\/index.php\/wp-json\/wp\/v2\/comments?post=131935"}],"version-history":[{"count":1,"href":"https:\/\/gazdasagportal.hu\/index.php\/wp-json\/wp\/v2\/posts\/131935\/revisions"}],"predecessor-version":[{"id":131936,"href":"https:\/\/gazdasagportal.hu\/index.php\/wp-json\/wp\/v2\/posts\/131935\/revisions\/131936"}],"wp:attachment":[{"href":"https:\/\/gazdasagportal.hu\/index.php\/wp-json\/wp\/v2\/media?parent=131935"}],"wp:term":[{"taxonomy":"category","embeddable":true,"href":"https:\/\/gazdasagportal.hu\/index.php\/wp-json\/wp\/v2\/categories?post=131935"},{"taxonomy":"post_tag","embeddable":true,"href":"https:\/\/gazdasagportal.hu\/index.php\/wp-json\/wp\/v2\/tags?post=131935"}],"curies":[{"name":"wp","href":"https:\/\/api.w.org\/{rel}","templated":true}]}}