{"id":131933,"date":"2020-12-17T13:02:27","date_gmt":"2020-12-17T12:02:27","guid":{"rendered":"http:\/\/gazdasagportal.hu\/?p=131933"},"modified":"2020-12-17T13:02:27","modified_gmt":"2020-12-17T12:02:27","slug":"magyar-nyelvu-app-valt-elerhetove-a-beszedzavarral-kuzdo-gyerekek-es-felnottek-szamara","status":"publish","type":"post","link":"https:\/\/gazdasagportal.hu\/index.php\/magyar-nyelvu-app-valt-elerhetove-a-beszedzavarral-kuzdo-gyerekek-es-felnottek-szamara\/","title":{"rendered":"Magyar nyelv\u0171 app v\u00e1lt el\u00e9rhet\u0151v\u00e9 a besz\u00e9dzavarral k\u00fczd\u0151 gyerekek \u00e9s feln\u0151ttek sz\u00e1m\u00e1ra"},"content":{"rendered":"<p style=\"font-weight: 400;\"><strong>Magyar nyelven is el\u00e9rhet\u0151v\u00e9 v\u00e1lt a s\u00falyos besz\u00e9dzavarral k\u00fczd\u0151 gyermekek \u00e9s feln\u0151ttek akad\u00e1lymentes kommunik\u00e1ci\u00f3j\u00e1t t\u00e1mogat\u00f3 alkalmaz\u00e1s, az\u00a0<\/strong><a href=\"https:\/\/avazapp.com\/avaz-app-hungarian\/\" data-saferedirecturl=\"https:\/\/www.google.com\/url?hl=hu&amp;q=https:\/\/avazapp.com\/avaz-app-hungarian\/&amp;source=gmail&amp;ust=1608292886814000&amp;usg=AFQjCNH2ceotg3J1QjIF__9qoloS9Jl1Pg\" target=\"_blank\" rel=\"noopener\"><strong>AVAZ<\/strong><\/a><strong>. A Telenor t\u00e1mogat\u00e1s\u00e1val megval\u00f3sult fejleszt\u00e9s \u2013 amelyet a\u00a0<\/strong><strong>nagyon ritka betegs\u00e9ggel sz\u00fcletett,\u00a0kilenc\u00e9ves Vince\u00a0<\/strong><strong>csal\u00e1dja kezdem\u00e9nyezett \u2013 t\u00f6bb ezer \u00e9rintettnek ny\u00fajthat seg\u00edts\u00e9get.<\/strong><\/p>\n<p><!--more--><\/p>\n<div class=\"ads-in-post1\"><div id=\"gazdasagportal.hu_fullbanner_wideboard\"><\/div>\r\n<\/div>\n<p style=\"font-weight: 400;\"><strong>\u00a0<\/strong><\/p>\n<p style=\"font-weight: 400;\">Az AVAZ applik\u00e1ci\u00f3 els\u0151sorban azoknak k\u00e9sz\u00fclt, akik k\u00fcl\u00f6nb\u00f6z\u0151 betegs\u00e9gek miatt s\u00falyos besz\u00e9dzavarral k\u00fczdenek \u2013 azaz nem, vagy csak korl\u00e1tozottan k\u00e9pesek besz\u00e9lni \u2013, de a k\u00e9pi megjelen\u00edt\u00e9s \u00e9s a modern mobil eszk\u00f6z\u00f6k haszn\u00e1lat\u00e1val m\u00e9gis k\u00e9pesek lehetnek gondolataik megoszt\u00e1s\u00e1ra, hogy a t\u00e1gabb vil\u00e1ggal is k\u00f6nnyen meg\u00e9rtess\u00e9k magukat. A vil\u00e1gszerte 15 nyelvre leford\u00edtott, eredetileg Indi\u00e1ban fejlesztett app magyar verzi\u00f3j\u00e1nak l\u00e9trej\u00f6tt\u00e9t a kilenc\u00e9ves Vince csal\u00e1dja kezdem\u00e9nyezte \u00e9s fogja \u00f6ssze. Vince az \u00edz\u00fcleteit \u00e9s izmait \u00e9rint\u0151 nagyon ritka betegs\u00e9g, az \u00fan. AMC miatt nem tanult meg besz\u00e9lni, ez\u00e9rt jelenleg is applik\u00e1ci\u00f3n kereszt\u00fcl kommunik\u00e1l.<\/p>\n<p style=\"font-weight: 400;\">\n<p style=\"font-weight: 400;\">Vince sz\u00fclei, a N\u00e9meth csal\u00e1d az ELTE B\u00e1rczi Guszt\u00e1v Gy\u00f3gypedag\u00f3giai Kar szakembereivel, t\u00f6bbek k\u00f6z\u00f6tt nyelv\u00e9szekkel, pszichol\u00f3gusokkal \u00e9s AAK szak\u00e9rt\u0151kkel, valamint a\u00a0<a href=\"http:\/\/www.kishoseink.hu\/\" data-saferedirecturl=\"https:\/\/www.google.com\/url?hl=hu&amp;q=http:\/\/www.kishoseink.hu\/&amp;source=gmail&amp;ust=1608292886814000&amp;usg=AFQjCNE6kru4p2W9VfFByxDMlpylhAUFcw\" target=\"_blank\" rel=\"noopener\">Kis H\u0151seink Alap\u00edtv\u00e1ny<\/a>\u00a0k\u00f6zrem\u0171k\u00f6d\u00e9s\u00e9vel dolgoznak az AVAZ magyar nyelv\u0171 v\u00e1ltozat\u00e1nak fejleszt\u00e9s\u00e9n. A munka r\u00e9v\u00e9n Vince \u2013 \u00e9s rajta k\u00edv\u00fcl\u00a0sok ezer kommunik\u00e1ci\u00f3s neh\u00e9zs\u00e9ggel k\u00fczd\u0151 gyermek \u00e9s feln\u0151tt,\u00a0p\u00e9ld\u00e1ul autist\u00e1k, cerebr\u00e1lis par\u00e9zissel, k\u00f6zponti idegrendszeri s\u00e9r\u00fcl\u00e9ssel, af\u00e1zi\u00e1val \u00e9s egy\u00e9b besz\u00e9dk\u00e9ptelens\u00e9get okoz\u00f3 neh\u00e9zs\u00e9ggel \u00e9l\u0151k\u00a0\u2013 k\u00f6nnyen az egy\u00e9ni ig\u00e9nyek szerint alak\u00edthat\u00f3, magyar mondatok alkot\u00e1s\u00e1ra alkalmas eszk\u00f6zt kapnak a mindennapi kommunik\u00e1ci\u00f3hoz.<\/p>\n<p style=\"font-weight: 400;\">\n<p style=\"font-weight: 400;\"><em>\u201eNemzetk\u00f6zi szakirodalmi adatok szerint k\u00f6r\u00fclbel\u00fcl a n\u00e9pess\u00e9g 0,5%-\u00e1nak \u00e9letmin\u0151s\u00e9g\u00e9t jav\u00edthatja nagyban a vizualit\u00e1son alapul\u00f3, \u00fan.\u00a0alternat\u00edv \u00e9s augmentat\u00edv kommunik\u00e1ci\u00f3 (AAK) lehet\u0151s\u00e9ge, ami\u00a0<\/em><em>Magyarorsz\u00e1gon t\u00f6bb ezer f\u0151t jelenthet. Ezt a m\u00f3dszert alkalmazza az AVAZ is, amely itthon hi\u00e1nyp\u00f3tl\u00f3: jelenleg ez az egyetlen olyan applik\u00e1ci\u00f3, amelyben az \u00edrott kommunik\u00e1ci\u00f3 k\u00e9pi megseg\u00edt\u00e9ssel \u00e9s predikci\u00f3val egy\u00fctt \u00e9rhet\u0151 el magyar nyelven. Egyar\u00e1nt seg\u00edts\u00e9get jelenthet p\u00e9ld\u00e1ul a komplex kommunik\u00e1ci\u00f3s ig\u00e9ny\u0171 gyermekek olvasni tanul\u00e1sa sor\u00e1n, de a be\u00e1ll\u00edt\u00e1sok m\u00f3dos\u00edt\u00e1s\u00e1val feln\u0151ttek sz\u00e1m\u00e1ra is haszn\u00e1lhat\u00f3, amikor p\u00e9ld\u00e1ul Parkinson-k\u00f3r vagy stroke eset\u00e9n van sz\u00fcks\u00e9g kommunik\u00e1ci\u00f3s t\u00e1mogat\u00e1sra\u201d<\/em>\u00a0\u2013 mondta Miksztai-R\u00e9they Brigitta, az ELTE B\u00e1rczi Guszt\u00e1v Gy\u00f3gypedag\u00f3giai Kar tan\u00e1rseg\u00e9dje, aki szak\u00e9rt\u0151k\u00e9nt vesz r\u00e9szt az app magyar\u00edt\u00e1s\u00e1ban.<\/p>\n<p style=\"font-weight: 400;\">\n<div class=\"ads-in-post1\"><div id=\"gazdasagportal.hu_fullbanner_wideboard\"><\/div>\r\n<\/div>\n<p style=\"font-weight: 400;\">Az applik\u00e1ci\u00f3 magyar v\u00e1ltozat\u00e1nak anyagi h\u00e1tter\u00e9t a Telenor biztos\u00edtotta.\u00a0<em>\u201eA digit\u00e1lis oktat\u00e1st seg\u00edt\u0151 programjaink egyik alapelve, hogy mindent az alapokt\u00f3l kell j\u00f3l fel\u00e9p\u00edteni. Ebben az esetben az egyik legalapvet\u0151bb ter\u00fcletet, az emberi besz\u00e9det \u00e9s kapcsolattart\u00e1st seg\u00edt\u0151 technol\u00f3gia l\u00e9trej\u00f6tt\u00e9hez j\u00e1rultunk hozz\u00e1, ami rem\u00e9nyeink szerint t\u00f6bb ezer ember sz\u00e1m\u00e1ra teremt val\u00f3ban \u00faj alapot a tov\u00e1bbi tanul\u00e1shoz \u00e9s a teljes \u00e9rt\u00e9k\u0171 \u00e9lethez.\u201d\u00a0<\/em>\u2013 mondta M\u00e9sz\u00e1ros Attila, a v\u00e1llalat t\u00e1rsadalmi felel\u0151ss\u00e9gv\u00e1llal\u00e1si programjai\u00e9rt felel\u0151s igazgat\u00f3ja.<\/p>\n<p style=\"font-weight: 400;\">\n<p style=\"font-weight: 400;\"><strong>Hogyan m\u0171k\u00f6dik az alkalmaz\u00e1s?<\/strong><\/p>\n<p style=\"font-weight: 400;\">\n<p style=\"font-weight: 400;\">Az alkalmaz\u00e1s az AAK m\u00f3dszert haszn\u00e1l\u00f3 emberek sz\u00e1m\u00e1ra teljes k\u00f6r\u0171 k\u00e9p- \u00e9s sz\u00f6vegalap\u00fa lehet\u0151s\u00e9get ny\u00fajt a verb\u00e1lis kifejez\u00e9sre, szintetiz\u00e1lt besz\u00e9d seg\u00edts\u00e9g\u00e9vel. Az AVAZ magyar verzi\u00f3j\u00e1nak sz\u00f3kincse t\u00f6bb mint 2500 sz\u00f3b\u00f3l \u00e1ll, \u00e9s egyszer\u0171en szem\u00e9lyre szabhat\u00f3. Az appban 45000 k\u00e9p tal\u00e1lhat\u00f3, melyekb\u0151l mindenki testre szabhatja saj\u00e1t akt\u00edv sz\u00f3kincs\u00e9t \u00e9s \u00fan. kommunik\u00e1ci\u00f3s t\u00e1bl\u00e1it. A t\u00e1bl\u00e1n minden egyes k\u00e9phez egy-egy sz\u00f3 vagy mondat rendelhet\u0151, melyek megnyom\u00e1s\u00e1val a szavak \u00e9s az \u00f6ssze\u00e1ll\u00edtott mondatok magyar hangon sz\u00f3lalnak meg. A grafikus \u00e1br\u00e1k mellett a mondatalkot\u00e1s folyamata billenty\u0171zeten is kieg\u00e9sz\u00edthet\u0151, valamint k\u00e9p- \u00e9s sz\u00f6vegpredikci\u00f3k is el\u00e9rhet\u0151k, \u00edgy hat\u00e9konyabb\u00e1 \u00e9s k\u00e9nyelmesebb\u00e9 tehet\u0151 az appon kereszt\u00fcl folytatott kommunik\u00e1ci\u00f3. Sz\u00f3keres\u00e9sn\u00e9l pedig a be\u00edrt kezd\u0151bet\u0171k hat\u00e1s\u00e1ra megmutatja az app a sz\u00f3 pontos elhelyezked\u00e9s\u00e9t a t\u00e1bl\u00e1n.<\/p>\n<p style=\"font-weight: 400;\">\n<p style=\"font-weight: 400;\">Az applik\u00e1ci\u00f3ban elk\u00e9sz\u00edtett mondatok jelenleg kim\u00e1solhat\u00f3ak e-mail-be, vagy b\u00e1rmely \u00fczenetk\u00fcld\u00e9si fel\u00fcletre. A fejleszt\u00e9s k\u00e9s\u0151bbi f\u00e1zis\u00e1ban az elk\u00e9sz\u00fclt gondolatoknak nem csak sz\u00f6veges v\u00e1ltozata, hanem a k\u00e9pi megjelen\u00edt\u00e9se is k\u00f6zvetlen\u00fcl az applik\u00e1ci\u00f3b\u00f3l tov\u00e1bbk\u00fcldhet\u0151 lesz, ami seg\u00edti p\u00e9ld\u00e1ul a t\u00e1voli kommunik\u00e1ci\u00f3t a logop\u00e9dussal vagy terapeut\u00e1val. A tervek k\u00f6z\u00f6tt szerepel a k\u00e9perny\u0151megoszt\u00e1s-funkci\u00f3 is, \u00edgy egy online meetingen a besz\u00e9lget\u00e9s r\u00e9sztvev\u0151i hallhatj\u00e1k is a megszerkesztett mondatokat, ezzel az AVAZ a besz\u00e9dzavarral k\u00fczd\u0151k online oktat\u00e1s\u00e1ban is alkalmazhat\u00f3 lesz.<\/p>\n<p style=\"font-weight: 400;\">\n<div class=\"ads-in-post1\"><div id=\"gazdasagportal.hu_fullbanner_wideboard\"><\/div>\r\n<\/div>\n<p style=\"font-weight: 400;\">Az AVAZ a fejleszt\u00e9s els\u0151 f\u00e1zis\u00e1ban iOS-en, iPaden \u00e9rhet\u0151 el\u00a0<a href=\"https:\/\/apps.apple.com\/us\/app\/avaz-aak-magyar\/id1542020705\" data-saferedirecturl=\"https:\/\/www.google.com\/url?hl=hu&amp;q=https:\/\/apps.apple.com\/us\/app\/avaz-aak-magyar\/id1542020705&amp;source=gmail&amp;ust=1608292886814000&amp;usg=AFQjCNE0oBoDuq9zI6emg8JJg1OsyfYHyA\" target=\"_blank\" rel=\"noopener\">az AppStore-ban<\/a>, \u00e9s janu\u00e1r 2-ig bevezet\u0151 \u00e1ron, 17.990 forint\u00e9rt t\u00f6lthet\u0151 le. Az iPhone-os, valamint Androidra el\u00e9rhet\u0151 verzi\u00f3 v\u00e1rhat\u00f3an tavasszal lesz el\u00e9rhet\u0151.<\/p>\n<p style=\"font-weight: 400;\">\n<p style=\"font-weight: 400;\">Vinc\u00e9r\u0151l \u00e9s csal\u00e1dj\u00e1r\u00f3l k\u00e9sz\u00fclt vide\u00f3:\u00a0<a href=\"https:\/\/www.youtube.com\/watch?v=z7uBz_6Lu3o\" data-saferedirecturl=\"https:\/\/www.google.com\/url?hl=hu&amp;q=https:\/\/www.youtube.com\/watch?v%3Dz7uBz_6Lu3o&amp;source=gmail&amp;ust=1608292886814000&amp;usg=AFQjCNErqPiF0ko1Dw-qIQ6TwNB-I8k-aA\" target=\"_blank\" rel=\"noopener\">https:\/\/www.youtube.com\/watch?v=z7uBz_6Lu3o<\/a><\/p>\n<p style=\"font-weight: 400;\">\n<p style=\"font-weight: 400;\"><strong><em>A Telenor Magyarorsz\u00e1gr\u00f3l:<\/em><\/strong><\/p>\n<p style=\"font-weight: 400;\"><em>A Pannon GSM n\u00e9ven alap\u00edtott Telenor Magyarorsz\u00e1g 1994. m\u00e1rcius 27-\u00e9n Magyarorsz\u00e1gon els\u0151k\u00e9nt ind\u00edtott kereskedelmi GSM-szolg\u00e1ltat\u00e1st. A jelenleg 75%-ban a cseh PPF Csoport, \u00e9s 25%-ban az Antenna Hung\u00e1ria tulajdon\u00e1ban \u00e1ll\u00f3 c\u00e9g a hazai piac egyik vezet\u0151 mobilt\u00e1vk\u00f6zl\u00e9si v\u00e1llalatak\u00e9nt t\u00f6bb mint 1300 munkav\u00e1llal\u00f3t foglalkoztat. 3,1 milli\u00f3 el\u0151fizet\u0151t l\u00e1t el hat\u00e9kony, megfizethet\u0151 \u00e9s k\u00f6nnyen haszn\u00e1lhat\u00f3 hang- \u00e9s adat\u00e1tviteli megold\u00e1sokkal, digit\u00e1lisan el\u00e9rhet\u0151 tartalmakkal, \u00fczleti megold\u00e1sokkal \u00e9s \u00e9rt\u00e9kn\u00f6velt szolg\u00e1ltat\u00e1sokkal. A Telenor Hipernet h\u00e1l\u00f3zat\u00e1nak folyamatos fejleszt\u00e9s\u00e9vel, innovat\u00edv megold\u00e1saival a hazai piac hossz\u00fa t\u00e1v\u00fa befektet\u0151je. 2020. november\u00e9ben Magyarorsz\u00e1g lakoss\u00e1g\u00e1nak 99,17%-a r\u00e9sz\u00e9re \u00e9s ter\u00fclet\u00e9nek 99,75%-\u00e1n biztos\u00edt lefedetts\u00e9get a Hat\u00f3s\u00e1gi Szerz\u0151d\u00e9sben el\u0151\u00edrt k\u00f6vetelm\u00e9nyek figyelembev\u00e9tel\u00e9vel.<\/em><\/p>\n<p style=\"font-weight: 400;\"><em>\u00a0<\/em><\/p>\n","protected":false},"excerpt":{"rendered":"<p>Magyar nyelven is el\u00e9rhet\u0151v\u00e9 v\u00e1lt a s\u00falyos besz\u00e9dzavarral k\u00fczd\u0151 gyermekek \u00e9s feln\u0151ttek akad\u00e1lymentes kommunik\u00e1ci\u00f3j\u00e1t t\u00e1mogat\u00f3 alkalmaz\u00e1s, az\u00a0AVAZ. A Telenor t\u00e1mogat\u00e1s\u00e1val megval\u00f3sult fejleszt\u00e9s \u2013 amelyet a\u00a0nagyon ritka betegs\u00e9ggel sz\u00fcletett,\u00a0kilenc\u00e9ves Vince\u00a0csal\u00e1dja kezdem\u00e9nyezett \u2013 t\u00f6bb ezer \u00e9rintettnek ny\u00fajthat seg\u00edts\u00e9get.<\/p>\n","protected":false},"author":1001006,"featured_media":0,"comment_status":"closed","ping_status":"open","sticky":false,"template":"","format":"standard","meta":[],"categories":[4,19],"tags":[],"_links":{"self":[{"href":"https:\/\/gazdasagportal.hu\/index.php\/wp-json\/wp\/v2\/posts\/131933"}],"collection":[{"href":"https:\/\/gazdasagportal.hu\/index.php\/wp-json\/wp\/v2\/posts"}],"about":[{"href":"https:\/\/gazdasagportal.hu\/index.php\/wp-json\/wp\/v2\/types\/post"}],"author":[{"embeddable":true,"href":"https:\/\/gazdasagportal.hu\/index.php\/wp-json\/wp\/v2\/users\/1001006"}],"replies":[{"embeddable":true,"href":"https:\/\/gazdasagportal.hu\/index.php\/wp-json\/wp\/v2\/comments?post=131933"}],"version-history":[{"count":1,"href":"https:\/\/gazdasagportal.hu\/index.php\/wp-json\/wp\/v2\/posts\/131933\/revisions"}],"predecessor-version":[{"id":131934,"href":"https:\/\/gazdasagportal.hu\/index.php\/wp-json\/wp\/v2\/posts\/131933\/revisions\/131934"}],"wp:attachment":[{"href":"https:\/\/gazdasagportal.hu\/index.php\/wp-json\/wp\/v2\/media?parent=131933"}],"wp:term":[{"taxonomy":"category","embeddable":true,"href":"https:\/\/gazdasagportal.hu\/index.php\/wp-json\/wp\/v2\/categories?post=131933"},{"taxonomy":"post_tag","embeddable":true,"href":"https:\/\/gazdasagportal.hu\/index.php\/wp-json\/wp\/v2\/tags?post=131933"}],"curies":[{"name":"wp","href":"https:\/\/api.w.org\/{rel}","templated":true}]}}