{"id":131931,"date":"2020-12-17T11:44:35","date_gmt":"2020-12-17T10:44:35","guid":{"rendered":"http:\/\/gazdasagportal.hu\/?p=131931"},"modified":"2020-12-17T11:44:35","modified_gmt":"2020-12-17T10:44:35","slug":"a-kopint-tarki-66-szazalekos-gdp-csokkenest-var-iden-a-negyedik-negyedevre","status":"publish","type":"post","link":"https:\/\/gazdasagportal.hu\/index.php\/a-kopint-tarki-66-szazalekos-gdp-csokkenest-var-iden-a-negyedik-negyedevre\/","title":{"rendered":"A Kopint-T\u00e1rki 6,6 sz\u00e1zal\u00e9kos GDP-cs\u00f6kken\u00e9st v\u00e1r id\u00e9n a negyedik negyed\u00e9vre"},"content":{"rendered":"<p><strong>A j\u00e1rv\u00e1ny ki\u00fajul\u00e1sa miatt id\u00e9n a negyedik negyed\u00e9vre a brutt\u00f3 hazai term\u00e9k (GDP) 6,6 sz\u00e1zal\u00e9kos cs\u00f6kken\u00e9s\u00e9vel sz\u00e1mol cs\u00fct\u00f6rt\u00f6k\u00f6n kiadott legfrissebb konjunkt\u00farajelent\u00e9s\u00e9ben a Kopint-T\u00e1rki Zrt., de az \u00e9v eg\u00e9sz\u00e9re vonatkoz\u00f3an meger\u0151s\u00edtette az 5,8 sz\u00e1zal\u00e9kos visszaes\u00e9sre vonatkoz\u00f3 szeptemberi el\u0151rejelz\u00e9s\u00e9t. Az int\u00e9zet fenntartja 2021-re a kor\u00e1bban kiadott el\u0151rejelz\u00e9s\u00e9t, 3,5 sz\u00e1zal\u00e9kos n\u00f6veked\u00e9st v\u00e1r.<\/strong><!--more--><\/p>\n<div class=\"ads-in-post1\"><div id=\"gazdasagportal.hu_fullbanner_wideboard\"><\/div>\r\n<\/div>\n<p>    A roml\u00e1s v\u00e1rhat\u00f3an a fogyaszt\u00e1s \u00fajra s\u00falyosbod\u00f3 cs\u00f6kken\u00e9s\u00e9ben fog lecsap\u00f3dni az \u00e9v utols\u00f3 negyed\u00e9ben. A beruh\u00e1z\u00e1sok visszaes\u00e9se folytat\u00f3dik, a foglalkoztat\u00e1s helyzete ism\u00e9t romolhat, de ez nem \u00e9ri el a tavaszi elbocs\u00e1t\u00e1si hull\u00e1m m\u00e9rt\u00e9k\u00e9t. Az infl\u00e1ci\u00f3 az elm\u00falt h\u00f3napokban m\u00e9rs\u00e9kl\u0151d\u00f6tt kiss\u00e9, \u00e9s eg\u00e9sz \u00e9vre 3,3 sz\u00e1zal\u00e9kos fogyaszt\u00f3i \u00e1rindexet v\u00e1r a Kopint-T\u00e1rki, j\u00f6v\u0151re pedig 3 sz\u00e1zal\u00e9kot.<br \/>\n    Az \u00e1llamh\u00e1ztart\u00e1s 8,9 sz\u00e1zal\u00e9kra el\u0151rejelzett GDP-ar\u00e1nyos hi\u00e1ny\u00e1t a konjunkt\u00farakutat\u00f3 szerint csak r\u00e9szben magyar\u00e1zza az ad\u00f3bev\u00e9teleknek a v\u00e1ls\u00e1g \u00e9s az ad\u00f3kedvezm\u00e9nyek miatt bek\u00f6vetkezett cs\u00f6kken\u00e9se \u00e9s a p\u00f3tl\u00f3lagos j\u00e1rv\u00e1ny\u00fcgyi kiad\u00e1sok. Az ad\u00f3ss\u00e1gr\u00e1ta 77,2 sz\u00e1zal\u00e9k lehet id\u00e9n az el\u0151rejelz\u00e9s szerint.<br \/>\n    Pal\u00f3cz \u00c9va, az int\u00e9zet vez\u00e9rigazgat\u00f3ja online sajt\u00f3t\u00e1j\u00e9koztat\u00f3n felid\u00e9zte: \u00e1prilisban az idei \u00e9vre m\u00e9g 5,5 sz\u00e1zal\u00e9kos cs\u00f6kken\u00e9st jeleztek, a mostaniban mind\u00f6ssze 0,3 sz\u00e1zal\u00e9kponttal m\u00f3dos\u00edtott\u00e1k a j\u00e1rv\u00e1ny kit\u00f6r\u00e9sekor k\u00e9sz\u00edtett progn\u00f3zist. &#8222;\u00c1prilisban re\u00e1lisabban l\u00e1ttuk a helyzetet mint a korm\u00e1ny, mostanra azonban a korm\u00e1ny progn\u00f3zisa pesszimist\u00e1bb, mert 6,4 sz\u00e1zal\u00e9kos visszaes\u00e9ssel sz\u00e1molnak eg\u00e9sz \u00e9vre&#8221; &#8211; mondta.<br \/>\n    Hozz\u00e1tette: az okt\u00f3beri r\u00e9szadatok nem mutatnak ekkora visszaes\u00e9st. Aggaszt\u00f3nak nevezte, hogy a korm\u00e1nyzati k\u00f6ltekez\u00e9s lend\u00fclete j\u00f6v\u0151re sem cs\u00f6kken \u00e9rdemben. A j\u00f6v\u0151 \u00e9vi \u00e1llamh\u00e1ztart\u00e1si deficit v\u00e1rhat\u00f3an el\u00e9ri a GDP 7 sz\u00e1zal\u00e9k\u00e1t, az \u00e1llamad\u00f3ss\u00e1g pedig &#8211; a j\u00f6v\u0151re v\u00e1rhat\u00f3 gazdas\u00e1gi n\u00f6veked\u00e9snek k\u00f6sz\u00f6nhet\u0151en &#8211; kiss\u00e9 emelkedik ugyan, de \u00edgy is a GDP 78,4 sz\u00e1zal\u00e9k\u00e1ra tehet\u0151.<br \/>\n<div class=\"ads-in-post1\"><div id=\"gazdasagportal.hu_fullbanner_wideboard\"><\/div>\r\n<\/div>\n     Az ipar volt a harmadik negyed\u00e9vi kil\u00e1bal\u00e1s f\u0151 mozgat\u00f3rug\u00f3ja, id\u00e9n a kor\u00e1bban v\u00e1rtn\u00e1l valamivel enyh\u00e9bb, 6-7 sz\u00e1zal\u00e9kos visszaes\u00e9ssel sz\u00e1molnak a konjunkt\u00farakutat\u00f3n\u00e1l, j\u00f6v\u0151re 4,5 sz\u00e1zal\u00e9kos n\u00f6veked\u00e9ssel. Az \u00e9p\u00edt\u0151ipar kibocs\u00e1t\u00e1sa eg\u00e9sz \u00e9vben 10 sz\u00e1zal\u00e9k k\u00f6r\u00fcl eshet vissza. Id\u00e9n az eg\u00e9sz \u00e9ves munkan\u00e9lk\u00fclis\u00e9gi r\u00e1ta nem \u00e9ri el a 4,5 sz\u00e1zal\u00e9kot, j\u00f6v\u0151re 4,0 sz\u00e1zal\u00e9kra m\u00e9rs\u00e9kl\u0151dhet a Kopint-T\u00e1rki szerint.<br \/>\n    A j\u00f6v\u0151 \u00e9vi 3,5 sz\u00e1zal\u00e9kos GDP-n\u00f6veked\u00e9st r\u00e9szben a b\u00e1zishat\u00e1s magyar\u00e1zza, r\u00e9szben az a felt\u00e9telez\u00e9s, hogy a j\u00f6v\u0151 \u00e9v m\u00e1sodik fel\u00e9t m\u00e1r alig s\u00fajtja a j\u00e1rv\u00e1ny. A konszolid\u00e1ci\u00f3 azonban lass\u00fa \u00e9s r\u00e9szleges lesz, k\u00fcl\u00f6n\u00f6sen, ami a turizmust illeti &#8211; mondta Pal\u00f3cz \u00c9va.<br \/>\n    Nagy Katalin, a Kopint Konjunkt\u00farakutat\u00e1si Alap\u00edtv\u00e1ny \u00fcgyvezet\u0151 igazgat\u00f3ja ismertet\u00e9se szerint a harmadik negyed\u00e9v a vil\u00e1gban minden\u00fctt er\u0151teljes visszapattan\u00e1st hozott, glob\u00e1lisan 4 sz\u00e1zal\u00e9kos lehet az \u00e9ves visszaes\u00e9s, m\u00edg j\u00f6v\u0151re 4 sz\u00e1zal\u00e9kos n\u00f6veked\u00e9st v\u00e1rnak. A j\u00e1rv\u00e1ny m\u00e1sodik hull\u00e1ma minden orsz\u00e1got el\u00e9rt, azonban arra k\u00fcl\u00f6nb\u00f6z\u0151 m\u00e9rt\u00e9kben reag\u00e1ltak.<br \/>\n<div class=\"ads-in-post1\"><div id=\"gazdasagportal.hu_fullbanner_wideboard\"><\/div>\r\n<\/div>\n    Id\u00e9n 10 sz\u00e1zal\u00e9kos cs\u00f6kken\u00e9st, j\u00f6v\u0151re 8 sz\u00e1zal\u00e9kos n\u00f6veked\u00e9st v\u00e1rnak a term\u00e9kek \u00e9s szolg\u00e1ltat\u00e1sok vil\u00e1gkereskedelm\u00e9ben. K\u00f6zl\u00e9se szerint 7,9 sz\u00e1zal\u00e9kos GDP zsugorod\u00e1st v\u00e1rnak az EU 27 tag\u00e1llam\u00e1ban. A 2021-re el\u0151rejelzett visszapattan\u00e1s szer\u00e9nyebb lesz a kor\u00e1bban v\u00e1rtn\u00e1l: 4,6 sz\u00e1zal\u00e9k az eur\u00f3\u00f6vezetben \u00e9s 4,5 sz\u00e1zal\u00e9k az uni\u00f3 eg\u00e9sz\u00e9ben.(MTI)<\/p>\n","protected":false},"excerpt":{"rendered":"<p>A j\u00e1rv\u00e1ny ki\u00fajul\u00e1sa miatt id\u00e9n a negyedik negyed\u00e9vre a brutt\u00f3 hazai term\u00e9k (GDP) 6,6 sz\u00e1zal\u00e9kos cs\u00f6kken\u00e9s\u00e9vel sz\u00e1mol cs\u00fct\u00f6rt\u00f6k\u00f6n kiadott legfrissebb konjunkt\u00farajelent\u00e9s\u00e9ben a Kopint-T\u00e1rki Zrt., de az \u00e9v eg\u00e9sz\u00e9re vonatkoz\u00f3an meger\u0151s\u00edtette az 5,8 sz\u00e1zal\u00e9kos visszaes\u00e9sre vonatkoz\u00f3 szeptemberi el\u0151rejelz\u00e9s\u00e9t. Az int\u00e9zet fenntartja 2021-re a kor\u00e1bban kiadott el\u0151rejelz\u00e9s\u00e9t, 3,5 sz\u00e1zal\u00e9kos n\u00f6veked\u00e9st v\u00e1r.<\/p>\n","protected":false},"author":1001006,"featured_media":0,"comment_status":"closed","ping_status":"open","sticky":false,"template":"","format":"standard","meta":[],"categories":[19],"tags":[],"_links":{"self":[{"href":"https:\/\/gazdasagportal.hu\/index.php\/wp-json\/wp\/v2\/posts\/131931"}],"collection":[{"href":"https:\/\/gazdasagportal.hu\/index.php\/wp-json\/wp\/v2\/posts"}],"about":[{"href":"https:\/\/gazdasagportal.hu\/index.php\/wp-json\/wp\/v2\/types\/post"}],"author":[{"embeddable":true,"href":"https:\/\/gazdasagportal.hu\/index.php\/wp-json\/wp\/v2\/users\/1001006"}],"replies":[{"embeddable":true,"href":"https:\/\/gazdasagportal.hu\/index.php\/wp-json\/wp\/v2\/comments?post=131931"}],"version-history":[{"count":1,"href":"https:\/\/gazdasagportal.hu\/index.php\/wp-json\/wp\/v2\/posts\/131931\/revisions"}],"predecessor-version":[{"id":131932,"href":"https:\/\/gazdasagportal.hu\/index.php\/wp-json\/wp\/v2\/posts\/131931\/revisions\/131932"}],"wp:attachment":[{"href":"https:\/\/gazdasagportal.hu\/index.php\/wp-json\/wp\/v2\/media?parent=131931"}],"wp:term":[{"taxonomy":"category","embeddable":true,"href":"https:\/\/gazdasagportal.hu\/index.php\/wp-json\/wp\/v2\/categories?post=131931"},{"taxonomy":"post_tag","embeddable":true,"href":"https:\/\/gazdasagportal.hu\/index.php\/wp-json\/wp\/v2\/tags?post=131931"}],"curies":[{"name":"wp","href":"https:\/\/api.w.org\/{rel}","templated":true}]}}