{"id":13184,"date":"2013-08-06T16:33:41","date_gmt":"2013-08-06T14:33:41","guid":{"rendered":"http:\/\/stockportal.hu\/?p=13184"},"modified":"2013-08-06T16:33:41","modified_gmt":"2013-08-06T14:33:41","slug":"e-utdij-kavosz-jovo-het-kozepetol-lehet-beadni-a-hiteligenyt","status":"publish","type":"post","link":"https:\/\/gazdasagportal.hu\/index.php\/e-utdij-kavosz-jovo-het-kozepetol-lehet-beadni-a-hiteligenyt\/","title":{"rendered":"E-\u00fatd\u00edj &#8211; KAVOSZ: j\u00f6v\u0151 h\u00e9t k\u00f6zep\u00e9t\u0151l lehet beadni a hitelig\u00e9nyt"},"content":{"rendered":"<p><strong>V\u00e1rhat\u00f3an a j\u00f6v\u0151 h\u00e9t k\u00f6zep\u00e9n megkezd\u0151dik az \u00datd\u00edj Hitelprogram keret\u00e9ben a hitelig\u00e9nyek befogad\u00e1sa a KAVOSZ, a VOSZ \u00e9s a ter\u00fcleti kereskedelmi \u00e9s iparkamar\u00e1k t\u00f6bb mint 70, orsz\u00e1gos lefedetts\u00e9get jelent\u0151 irod\u00e1j\u00e1ban &#8211; nyilatkozta Kris\u00e1n L\u00e1szl\u00f3, a KAVOSZ V\u00e1llalkoz\u00e1sfejleszt\u00e9si (VF) Zrt. vez\u00e9rigazgat\u00f3ja kedden az MTI-nek.<!--more--><\/strong><\/p>\n<p>Hozz\u00e1tette: a KAVOSZ honlapj\u00e1n m\u00e1r nyilv\u00e1noss\u00e1gra hozt\u00e1k az \u00fatd\u00edj hitel felt\u00e9teleit tartalmaz\u00f3 \u00e1ltal\u00e1nos szerz\u0151d\u00e9si felt\u00e9teleket, a hirdetm\u00e9nyt, a hitelig\u00e9nyl\u00e9shez sz\u00fcks\u00e9ges hitelk\u00e9relem nyomtatv\u00e1nyokat, a mell\u00e9 csatoland\u00f3 okm\u00e1nyok list\u00e1j\u00e1t, hogy a v\u00e1llalkoz\u00e1sok fel tudjanak k\u00e9sz\u00fclni a hitelig\u00e9nyl\u00e9s bead\u00e1s\u00e1ra.<br \/>\nKris\u00e1n L\u00e1szl\u00f3 hangs\u00falyozta: a KAVOSZ gyors\u00edtott elj\u00e1r\u00e1s keret\u00e9ben b\u00edr\u00e1lja el a beadott k\u00e9relmeket. \u00cdgy v\u00e1rhat\u00f3an augusztus 15. \u00e9s 20. k\u00f6z\u00f6tt meglesznek az els\u0151 hitelb\u00edr\u00e1latok, a megk\u00f6t\u00f6tt szerz\u0151d\u00e9sek alapj\u00e1n a foly\u00f3s\u00edt\u00e1sok is megkezd\u0151dnek a fuvaroz\u00f3 v\u00e1llalkoz\u00e1sok \u00c1llami Aut\u00f3p\u00e1lya Kezel\u0151 Zrt.-n\u00e9l nyilv\u00e1ntartott sz\u00e1ml\u00e1ira, amelyekr\u0151l int\u00e9zhetik az elektronikus \u00fatd\u00edjfizet\u00e9st.<br \/>\nA hitelt csak kis- \u00e9s k\u00f6z\u00e9pv\u00e1llalkoz\u00e1sok vehetik fel az \u00e1ltaluk \u00fczemeltetett, \u00fatd\u00edjfizet\u00e9sre k\u00f6telezett g\u00e9pj\u00e1rm\u0171venk\u00e9nt maximum egymilli\u00f3 forint \u00f6sszegben, de egy v\u00e1llalkoz\u00e1s ak\u00e1r t\u00f6bb j\u00e1rm\u0171 ut\u00e1n is ig\u00e9nyelhet hitelt. Az ig\u00e9nybev\u00e9teli felt\u00e9telek k\u00f6z\u00f6tt szerepel az is, hogy az ig\u00e9nyl\u0151 nem lehet cs\u0151delj\u00e1r\u00e1s vagy felsz\u00e1mol\u00e1s alatt, nem lehet lej\u00e1rt k\u00f6ztartoz\u00e1sa, nem lehet tart\u00f3san vesztes\u00e9ges, \u00e9s nem szerepelhet a K\u00f6zponti Hitelinform\u00e1ci\u00f3s Rendszerben (KHR) sem lej\u00e1rt tartoz\u00e1ssal &#8211; h\u00edvta fel a figyelmet a vez\u00e9rigazgat\u00f3.<br \/>\nKris\u00e1n L\u00e1szl\u00f3 kifejtette: a hitel nett\u00f3 kamata 1 havi Bubor plusz 1,5 sz\u00e1zal\u00e9k, ami jelenleg 5,5 sz\u00e1zal\u00e9k nett\u00f3 kamatot jelent, futamideje egy \u00e9v, amely tov\u00e1bbi k\u00e9t alkalommal hosszabb\u00edthat\u00f3.<br \/>\nA kamatot \u00e9s a d\u00edjakat a t\u00e9nylegesen felhaszn\u00e1lt hitel\u00f6sszegre, \u00e9s csak a haszn\u00e1lat idej\u00e9re kell megfizetni, a hitelkeret felt\u00f6lt\u0151d\u0151, azaz gyakorlatilag b\u00e1rmikor rendelkez\u00e9sre \u00e1ll a futamid\u0151 alatt, amennyiben a v\u00e1llalkoz\u00e1s azt folyamatosan visszafizeti &#8211; hangs\u00falyozta Kris\u00e1n L\u00e1szl\u00f3, jelezve, hogy a hitelhez \u00e1llami kezess\u00e9gv\u00e1llal\u00e1s \u00e9s kamatt\u00e1mogat\u00e1s is kapcsol\u00f3dik.<br \/>\nA hitel\u00fcgylet m\u00f6g\u00e9 a szerz\u0151d\u00f6tt \u00f6sszeg 20 sz\u00e1zal\u00e9ka \u00e9s a hitel 3 havi kamata egy\u00fcttes \u00f6sszeg\u00e9vel egyez\u0151 m\u00e9rt\u00e9k\u0171 \u00f3vad\u00e9k elhelyez\u00e9se is sz\u00fcks\u00e9ges, de ez az \u00fatd\u00edj hitelkeretb\u0151l is biztos\u00edthat\u00f3. A hitel m\u00f6g\u00e9 nem sz\u00fcks\u00e9ges semmilyen egy\u00e9b ingatlan vagy ing\u00f3 &#8211; p\u00e9ld\u00e1ul a g\u00e9pj\u00e1rm\u0171 &#8211; fedezet bevon\u00e1sa &#8211; tette hozz\u00e1 Kris\u00e1n L\u00e1szl\u00f3.(MTI)<\/p>\n","protected":false},"excerpt":{"rendered":"<p>V\u00e1rhat\u00f3an a j\u00f6v\u0151 h\u00e9t k\u00f6zep\u00e9n megkezd\u0151dik az \u00datd\u00edj Hitelprogram keret\u00e9ben a hitelig\u00e9nyek befogad\u00e1sa a KAVOSZ, a VOSZ \u00e9s a ter\u00fcleti kereskedelmi \u00e9s iparkamar\u00e1k t\u00f6bb mint 70, orsz\u00e1gos lefedetts\u00e9get jelent\u0151 irod\u00e1j\u00e1ban &#8211; nyilatkozta Kris\u00e1n L\u00e1szl\u00f3, a KAVOSZ V\u00e1llalkoz\u00e1sfejleszt\u00e9si (VF) Zrt. vez\u00e9rigazgat\u00f3ja kedden az MTI-nek.<\/p>\n","protected":false},"author":1,"featured_media":0,"comment_status":"open","ping_status":"closed","sticky":false,"template":"","format":"standard","meta":[],"categories":[19],"tags":[],"_links":{"self":[{"href":"https:\/\/gazdasagportal.hu\/index.php\/wp-json\/wp\/v2\/posts\/13184"}],"collection":[{"href":"https:\/\/gazdasagportal.hu\/index.php\/wp-json\/wp\/v2\/posts"}],"about":[{"href":"https:\/\/gazdasagportal.hu\/index.php\/wp-json\/wp\/v2\/types\/post"}],"author":[{"embeddable":true,"href":"https:\/\/gazdasagportal.hu\/index.php\/wp-json\/wp\/v2\/users\/1"}],"replies":[{"embeddable":true,"href":"https:\/\/gazdasagportal.hu\/index.php\/wp-json\/wp\/v2\/comments?post=13184"}],"version-history":[{"count":2,"href":"https:\/\/gazdasagportal.hu\/index.php\/wp-json\/wp\/v2\/posts\/13184\/revisions"}],"predecessor-version":[{"id":13186,"href":"https:\/\/gazdasagportal.hu\/index.php\/wp-json\/wp\/v2\/posts\/13184\/revisions\/13186"}],"wp:attachment":[{"href":"https:\/\/gazdasagportal.hu\/index.php\/wp-json\/wp\/v2\/media?parent=13184"}],"wp:term":[{"taxonomy":"category","embeddable":true,"href":"https:\/\/gazdasagportal.hu\/index.php\/wp-json\/wp\/v2\/categories?post=13184"},{"taxonomy":"post_tag","embeddable":true,"href":"https:\/\/gazdasagportal.hu\/index.php\/wp-json\/wp\/v2\/tags?post=13184"}],"curies":[{"name":"wp","href":"https:\/\/api.w.org\/{rel}","templated":true}]}}