{"id":131809,"date":"2020-12-12T12:05:18","date_gmt":"2020-12-12T11:05:18","guid":{"rendered":"http:\/\/gazdasagportal.hu\/?p=131809"},"modified":"2020-12-12T12:05:18","modified_gmt":"2020-12-12T11:05:18","slug":"akar-egy-oran-belul-hazhoz-jon-a-prima-rendeles-a-wolton-keresztul-decembertol","status":"publish","type":"post","link":"https:\/\/gazdasagportal.hu\/index.php\/akar-egy-oran-belul-hazhoz-jon-a-prima-rendeles-a-wolton-keresztul-decembertol\/","title":{"rendered":"Ak\u00e1r egy \u00f3r\u00e1n bel\u00fcl h\u00e1zhoz j\u00f6n a Pr\u00edma rendel\u00e9s a Wolton kereszt\u00fcl decembert\u0151l"},"content":{"rendered":"<p style=\"font-weight: 400;\"><strong>Decembert\u0151l a Pr\u00edm\u00e1b\u00f3l is rendelhet\u00fcnk a Wolton kereszt\u00fcl. A szolg\u00e1ltat\u00e1s 1 \u00f3r\u00e1n bel\u00fcli kisz\u00e1ll\u00edt\u00e1st \u00e9s \u00e9rintkez\u00e9smentes k\u00e9zbes\u00edt\u00e9st jelent, ami egyel\u0151re Budapesten \u00e9rhet\u0151 el. K\u00fcl\u00f6nleges, kar\u00e1csonyi akci\u00f3t is kapcsol a k\u00e9t c\u00e9g az indul\u00e1shoz.<\/strong><\/p>\n<p><!--more--><\/p>\n<div class=\"ads-in-post1\"><div id=\"gazdasagportal.hu_fullbanner_wideboard\"><\/div>\r\n<\/div>\n<p style=\"font-weight: 400;\">\n<p style=\"font-weight: 400;\">Az idei \u00e9vben jelent\u0151sen megemelkedett az ig\u00e9ny az online rendel\u00e9sre \u00e9s h\u00e1zhozsz\u00e1ll\u00edt\u00e1sra az \u00e9lelmiszerek ter\u00e9n is. Ennek oka tavasszal a koronav\u00edrus j\u00e1rv\u00e1nyt k\u00f6vet\u0151 int\u00e9zked\u00e9sek \u2013 v\u00e1s\u00e1rl\u00e1si id\u0151s\u00e1v, boltbez\u00e1r\u00e1sok \u2013 \u00e9s a fert\u0151z\u00e9st\u0151l val\u00f3 f\u00e9lelem voltak. A nagy \u00e1ruh\u00e1zl\u00e1ncok sokszor nem is gy\u0151zt\u00e9k kapacit\u00e1ssal a kisz\u00e1ll\u00edt\u00e1st, ez pedig a kisebb \u00e9lelmiszerboltoknak is es\u00e9lyt jelentett, ha el\u00e9rhet\u0151v\u00e9 tudt\u00e1k tenni a h\u00e1zhozsz\u00e1ll\u00edt\u00e1st. Ebben seg\u00edtette \u0151ket a Wolt, saj\u00e1t fut\u00e1raival \u00e9s ki\u00e9p\u00edtett rendszer\u00e9vel ezt a beruh\u00e1z\u00e1st gyakorlatilag megsp\u00f3rolta a vele szerz\u0151d\u0151 \u00fczleteknek most. Az applik\u00e1ci\u00f3n kereszt\u00fcli rendel\u00e9s el\u0151nye, hogy a v\u00e1s\u00e1rl\u00f3nak nem kell figyelembe vennie az id\u0151s\u00e1vokat, sem a kij\u00e1r\u00e1si korl\u00e1toz\u00e1st. A rendel\u00e9s r\u00e1ad\u00e1sul azonnali, \u00edgy nem kell el\u0151re tervezni, vagy napokat v\u00e1rni a kisz\u00e1ll\u00edt\u00e1sra, ez\u00e9rt akkor is ig\u00e9nybe lehet venni, ha csak n\u00e9h\u00e1ny dolog hi\u00e1nyzik a h\u00e1ztart\u00e1sb\u00f3l, amire azonnal sz\u00fcks\u00e9g\u00fcnk lehet. De ak\u00e1r a nagybev\u00e1s\u00e1rl\u00e1st is megoldhatjuk \u00edgy, hiszen s\u00falykorl\u00e1toz\u00e1s, s\u00falyfel\u00e1r sincs a rendel\u00e9sekn\u00e9l.<\/p>\n<p style=\"font-weight: 400;\">A Budapest ter\u00fclet\u00e9n el\u00e9rhet\u0151 szolg\u00e1ltat\u00e1shoz csatlakozott most Pr\u00edma Express n\u00e9ven a Pr\u00edma is, amely \u00edgy is lehet\u0151v\u00e9 teszi v\u00e1s\u00e1rl\u00f3inak az online rendel\u00e9st. A kisz\u00e1ll\u00edt\u00e1s egyel\u0151re k\u00e9t budapesti \u00fczletb\u0151l t\u00f6rt\u00e9nik, de a szolg\u00e1ltat\u00e1s \u00edgy is el\u00e9rhet\u0151 Budapest legt\u00f6bb r\u00e9sz\u00e9n: az I., V., VI., VII., VIII, ker\u00fcletek teljes eg\u00e9sz\u00e9ben, a XIII., a IV., a XIV. \u00e9s a III. ker\u00fclet nagy r\u00e9sz\u00e9n, az II. \u00e9s XI. ker\u00fclet egy r\u00e9sz\u00e9n. Folyamatban van tov\u00e1bbi boltok bevon\u00e1sa is, \u00edgy a kisz\u00e1ll\u00edt\u00e1si ter\u00fclet is b\u0151v\u00fclni fog a k\u00f6zelj\u00f6v\u0151ben.<\/p>\n<div class=\"ads-in-post1\"><div id=\"gazdasagportal.hu_fullbanner_wideboard\"><\/div>\r\n<\/div>\n<p style=\"font-weight: 400;\">Az online rendel\u00e9s \u00e9s a h\u00e1zhozsz\u00e1ll\u00edt\u00e1s el\u0151nye, hogy gyors, hiszen a Wolt fut\u00e1rai \u00e1tlagosan 30-60 percen bel\u00fcl h\u00e1zhoz viszik a rendel\u00e9st. A kisz\u00e1ll\u00edt\u00e1s biztons\u00e1gos, hiszen a fut\u00e1rok \u00e9rintkez\u00e9smentesen k\u00e9zbes\u00edtik a rendel\u00e9seket. Nem utols\u00f3 sorban k\u00e9nyelmes is \u00edgy int\u00e9zni a bev\u00e1s\u00e1rl\u00e1st, december 15-ig pedig m\u00e9g a kisz\u00e1ll\u00edt\u00e1s is ingyenes.<\/p><div id=\"gazda-3678656289\" class=\"gazda-tartalomban gazda-entity-placement\"><script async src=\"https:\/\/pagead2.googlesyndication.com\/pagead\/js\/adsbygoogle.js\"><\/script>\r\n<ins class=\"adsbygoogle\"\r\n     style=\"display:block\"\r\n     data-ad-format=\"fluid\"\r\n     data-ad-layout-key=\"-6t+ed+2i-1n-4w\"\r\n     data-ad-client=\"ca-pub-1959107119989764\"\r\n     data-ad-slot=\"4008251320\"><\/ins>\r\n<script>\r\n     (adsbygoogle = window.adsbygoogle || []).push({});\r\n<\/script><\/div>\n<p style=\"font-weight: 400;\">A k\u00e9t c\u00e9g egy k\u00fcl\u00f6nleges, kar\u00e1csonyi akci\u00f3t is kapcsolt az egy\u00fcttm\u0171k\u00f6d\u00e9s indul\u00e1s\u00e1hoz. Az adventi id\u0151szakban most elmaradnak a hagyom\u00e1nyos adom\u00e1nygy\u0171jt\u00e9sek \u00e9s \u00e9teloszt\u00e1sok, pedig ezekre a karitat\u00edv akci\u00f3kra ugyan\u00fagy sz\u00fcks\u00e9g lenne, mint a kor\u00e1bbi \u00e9vekben. Erre k\u00edn\u00e1l egyfajta megold\u00e1st a k\u00e9t c\u00e9g azzal, hogy tart\u00f3s \u00e9lelmiszerekb\u0151l \u00f6ssze\u00e1ll\u00edtott csomagokat is el\u00e9rhet\u0151v\u00e9 tettek k\u00edn\u00e1latukban.<\/p>\n<p style=\"font-weight: 400;\">A Wolt applik\u00e1ci\u00f3j\u00e1ban\u00a0egy k\u00fcl\u00f6n erre a c\u00e9lra kialak\u00edtott fel\u00fcleten\u00a0\u00e9rhet\u0151k el a k\u00fcl\u00f6nb\u00f6z\u0151 \u00e1rkateg\u00f3ri\u00e1j\u00fa csomagok, amelyek megv\u00e1s\u00e1rl\u00e1s\u00e1val a felhaszn\u00e1l\u00f3k egy-egy r\u00e1szorul\u00f3t t\u00e1mogathatnak. A csomagok \u00e1ra 2000 \u00e9s 10\u00a0000 forint k\u00f6z\u00f6tt van, \u00e9s olyan alapvet\u0151 \u00e9lelmiszerek, mint a tej, keny\u00e9r, t\u00e9szta mellett p\u00e9ld\u00e1ul szaloncukrot, k\u00e1v\u00e9t is tartalmazhatnak. Az \u00f6sszegy\u0171lt adom\u00e1nyokat a Wolt fut\u00e1rai hetente egyszer elsz\u00e1ll\u00edtj\u00e1k az Utc\u00e1r\u00f3l Lak\u00e1sba Egyes\u00fcletnek, \u0151k pedig sz\u00fcks\u00e9g szerint kiosztj\u00e1k a r\u00e1szorul\u00f3k k\u00f6z\u00f6tt.<\/p>\n<div class=\"ads-in-post1\"><div id=\"gazdasagportal.hu_fullbanner_wideboard\"><\/div>\r\n<\/div>\n<p style=\"font-weight: 400;\">Az Utc\u00e1r\u00f3l Lak\u00e1sba Egyes\u00fclet az utc\u00e1n \u00e9l\u0151 embereknek seg\u00edt szoci\u00e1lis b\u00e9rlak\u00e1sokba ker\u00fclni, majd egy kis ideig seg\u00edtik \u0151ket az \u00fatjukon. Modellprogramokat dolgoztak ki \u00e9s m\u0171k\u00f6dtetnek \u00f6nkorm\u00e1nyzatokkal egy\u00fcttm\u0171k\u00f6dve, \u00edgy ny\u00fajtanak \u00f6n\u00e1ll\u00f3 lakhat\u00e1st hajl\u00e9ktalan \u00e9s r\u00e1szorul\u00f3 embereknek. Jelenleg 70 ember lakhat\u00e1s\u00e1t biztos\u00edtj\u00e1k Budapesten.<\/p>\n<p style=\"font-weight: 400;\">Az akci\u00f3 eg\u00e9szen kar\u00e1csonyig tart, \u00edgy a felhaszn\u00e1l\u00f3k ak\u00e1r egy kar\u00e1csonyi vacsora \u00f6sszetev\u0151ivel is meglephetik a neh\u00e9z sors\u00fa embereket.<\/p>\n<p style=\"font-weight: 400;\"><strong>\u00a0<\/strong><strong>\u00a0<\/strong><\/p>\n<p style=\"font-weight: 400;\"><strong>A Woltr\u00f3l<\/strong><\/p>\n<p style=\"font-weight: 400;\">A Wolt egy technol\u00f3giai v\u00e1llalat, amely forradalmas\u00edtotta az \u00e9telrendel\u00e9si piacot. A helsinki sz\u00e9khely\u0171 c\u00e9g 23 orsz\u00e1gban \u00e9s t\u00f6bb mint 100 v\u00e1rosban m\u0171k\u00f6dik, 20 ezern\u00e9l is t\u00f6bb \u00e9tterem, valamint 44 ezer fut\u00e1r tartozik a partnerei k\u00f6z\u00e9. A ma m\u00e1r t\u00f6bb mint 1400 embert foglalkoztat\u00f3 t\u00e1rsas\u00e1gba 2014-es alap\u00edt\u00e1sa \u00f3ta 267 milli\u00f3 eur\u00f3t inveszt\u00e1lt t\u00f6bbek k\u00f6z\u00f6tt az ICONIQ Capital, a Highland Europe, a 83North, az EQT Ventures, az Inventure, a Lifeline Ventures, a Goldman Sachs Growth Equity, tov\u00e1bb\u00e1 Ilkka Paananen, a Supercell alap\u00edt\u00f3ja \u00e9s vez\u00e9rigazgat\u00f3ja, valamint Risto Siilasmaa, a Nokia eln\u00f6ke.<\/p>\n<p style=\"font-weight: 400;\">\n","protected":false},"excerpt":{"rendered":"<p>Decembert\u0151l a Pr\u00edm\u00e1b\u00f3l is rendelhet\u00fcnk a Wolton kereszt\u00fcl. A szolg\u00e1ltat\u00e1s 1 \u00f3r\u00e1n bel\u00fcli kisz\u00e1ll\u00edt\u00e1st \u00e9s \u00e9rintkez\u00e9smentes k\u00e9zbes\u00edt\u00e9st jelent, ami egyel\u0151re Budapesten \u00e9rhet\u0151 el. K\u00fcl\u00f6nleges, kar\u00e1csonyi akci\u00f3t is kapcsol a k\u00e9t c\u00e9g az indul\u00e1shoz.<\/p>\n","protected":false},"author":1001006,"featured_media":0,"comment_status":"closed","ping_status":"open","sticky":false,"template":"","format":"standard","meta":[],"categories":[4,19],"tags":[],"_links":{"self":[{"href":"https:\/\/gazdasagportal.hu\/index.php\/wp-json\/wp\/v2\/posts\/131809"}],"collection":[{"href":"https:\/\/gazdasagportal.hu\/index.php\/wp-json\/wp\/v2\/posts"}],"about":[{"href":"https:\/\/gazdasagportal.hu\/index.php\/wp-json\/wp\/v2\/types\/post"}],"author":[{"embeddable":true,"href":"https:\/\/gazdasagportal.hu\/index.php\/wp-json\/wp\/v2\/users\/1001006"}],"replies":[{"embeddable":true,"href":"https:\/\/gazdasagportal.hu\/index.php\/wp-json\/wp\/v2\/comments?post=131809"}],"version-history":[{"count":1,"href":"https:\/\/gazdasagportal.hu\/index.php\/wp-json\/wp\/v2\/posts\/131809\/revisions"}],"predecessor-version":[{"id":131810,"href":"https:\/\/gazdasagportal.hu\/index.php\/wp-json\/wp\/v2\/posts\/131809\/revisions\/131810"}],"wp:attachment":[{"href":"https:\/\/gazdasagportal.hu\/index.php\/wp-json\/wp\/v2\/media?parent=131809"}],"wp:term":[{"taxonomy":"category","embeddable":true,"href":"https:\/\/gazdasagportal.hu\/index.php\/wp-json\/wp\/v2\/categories?post=131809"},{"taxonomy":"post_tag","embeddable":true,"href":"https:\/\/gazdasagportal.hu\/index.php\/wp-json\/wp\/v2\/tags?post=131809"}],"curies":[{"name":"wp","href":"https:\/\/api.w.org\/{rel}","templated":true}]}}