{"id":131807,"date":"2020-12-12T10:33:52","date_gmt":"2020-12-12T09:33:52","guid":{"rendered":"http:\/\/gazdasagportal.hu\/?p=131807"},"modified":"2020-12-12T10:36:39","modified_gmt":"2020-12-12T09:36:39","slug":"koronavirus-meghalt-162-beteg-5047-tel-nott-a-fertozottek-szama-magyarorszagon","status":"publish","type":"post","link":"https:\/\/gazdasagportal.hu\/index.php\/koronavirus-meghalt-162-beteg-5047-tel-nott-a-fertozottek-szama-magyarorszagon\/","title":{"rendered":"Koronav\u00edrus &#8211; Meghalt 162 beteg, 5047-tel n\u0151tt a fert\u0151z\u00f6ttek sz\u00e1ma Magyarorsz\u00e1gon"},"content":{"rendered":"<p><strong>Meghalt 162, t\u00f6bbs\u00e9g\u00e9ben id\u0151s, kr\u00f3nikus beteg, \u00e9s \u00fajabb 5047 magyar \u00e1llampolg\u00e1rn\u00e1l mutatt\u00e1k ki a koronav\u00edrus-fert\u0151z\u00e9st &#8211; k\u00f6z\u00f6lte a koronavirus.gov.hu szombaton.<\/strong><!--more--><\/p>\n<p>    A korm\u00e1nyzati port\u00e1lon azt \u00edrt\u00e1k: 276 247-re n\u0151tt a Magyarorsz\u00e1gon azonos\u00edtott fert\u0151z\u00f6ttek sz\u00e1ma. Az elhunytak\u00e9 6784-re emelkedett, a gy\u00f3gyultak sz\u00e1ma 79 769.<br \/>\n    Az akt\u00edv fert\u0151z\u00f6ttek sz\u00e1ma 189 694. Az akt\u00edv fert\u0151z\u00f6ttek 19 sz\u00e1zal\u00e9ka, az elhunytak 21 sz\u00e1zal\u00e9ka, a gy\u00f3gyultak 23 sz\u00e1zal\u00e9ka budapesti.<br \/>\n<div class=\"ads-in-post1\"><div id=\"gazdasagportal.hu_fullbanner_wideboard\"><\/div>\r\n<\/div>\n    K\u00f3rh\u00e1zban 7807 koronav\u00edrusos beteget \u00e1polnak, k\u00f6z\u00fcl\u00fck 610-en vannak l\u00e9legeztet\u0151g\u00e9pen.<br \/>\n    Hat\u00f3s\u00e1gi h\u00e1zi karant\u00e9nban 49 365-en vannak, a mintav\u00e9telek sz\u00e1ma 2 275 935-re emelkedett.<br \/>\n    Kiemelt\u00e9k: eg\u00e9sz Eur\u00f3p\u00e1ban, a szomsz\u00e9dos orsz\u00e1gokban \u00e9s Magyarorsz\u00e1gon is tov\u00e1bb n\u0151 a fert\u0151z\u00f6ttek sz\u00e1ma, egyre t\u00f6bben ig\u00e9nyelnek k\u00f3rh\u00e1zi ell\u00e1t\u00e1st. A j\u00e1rv\u00e1nyt meg\u00e1ll\u00edtani nem lehet, a c\u00e9l a j\u00e1rv\u00e1ny lass\u00edt\u00e1sa \u00e9s a k\u00f3rh\u00e1zak teljes\u00edt\u0151k\u00e9pess\u00e9g\u00e9nek v\u00e9delme. Ezt szolg\u00e1lj\u00e1k a vesz\u00e9lyhelyzettel kihirdetett v\u00e9delmi int\u00e9zked\u00e9sek, amelyeket a korm\u00e1ny tov\u00e1bbi egy h\u00f3napig meghosszabb\u00edtott: a kij\u00e1r\u00e1si tilalom \u00e9s a t\u00f6bbi v\u00e9delmi int\u00e9zked\u00e9s is janu\u00e1r 11-ig fennmarad.<br \/>\n    A szentest\u00e9re vonatkoz\u00f3 szab\u00e1lyokr\u00f3l december 21-\u00e9n d\u00f6ntenek, december 31. azonban nem lesz kiv\u00e9tel, a szilveszteri bulikat \u00e9s utcab\u00e1lokat id\u00e9n nem lehet megtartani &#8211; \u00edrt\u00e1k.<br \/>\n    Felh\u00edvt\u00e1k a figyelmet, hogy szombatt\u00f3l a korm\u00e1ny felf\u00fcggesztette az id\u0151sek v\u00e1s\u00e1rl\u00e1si id\u0151s\u00e1vj\u00e1t, hogy a kar\u00e1csonyi bev\u00e1s\u00e1rl\u00e1sok idej\u00e9n ne legyen tumultus az \u00fczletekben.<br \/>\n<div class=\"ads-in-post1\"><div id=\"gazdasagportal.hu_fullbanner_wideboard\"><\/div>\r\n<\/div>\n    Hangs\u00falyozt\u00e1k: a korm\u00e1ny minden lehets\u00e9ges k\u00fclf\u00f6ldi vakcin\u00e1r\u00f3l t\u00e1rgyal, \u00e9s elindult a www.vakcinainfo.gov.hu honlap, ahol m\u00e1r lehet jelezni az ig\u00e9nyeket a v\u00e9d\u0151olt\u00e1sra. A nyugd\u00edjasok sz\u00e1m\u00e1ra a posta m\u00e1r elkezdte k\u00e9zbes\u00edteni azt a levelet, amelyben M\u00fcller Cec\u00edlia orsz\u00e1gos tisztif\u0151orvos t\u00e1j\u00e9koztatja \u0151ket a regisztr\u00e1ci\u00f3 lehet\u0151s\u00e9g\u00e9r\u0151l.<br \/>\n    A v\u00e9d\u0151olt\u00e1s ingyenes \u00e9s \u00f6nk\u00e9ntes lesz, bead\u00e1sa az olt\u00e1si terv szerint t\u00f6rt\u00e9nik, els\u0151bbs\u00e9get \u00e9lveznek majd az eg\u00e9szs\u00e9g\u00fcgyi dolgoz\u00f3k &#8211; tett\u00e9k hozz\u00e1.<br \/>\n    Eml\u00e9keztettek: a v\u00e1rtn\u00e1l alacsonyabb r\u00e9szv\u00e9tel mellett \u00e9s alacsony fert\u0151z\u00f6tts\u00e9ggel z\u00e1rult a c\u00e9lzott csoportos tesztel\u00e9s els\u0151 \u00e9s m\u00e1sodik k\u00f6re a b\u00f6lcs\u0151dei, \u00f3vodai, iskolai, szoci\u00e1lis \u00e9s eg\u00e9szs\u00e9g\u00fcgyi dolgoz\u00f3kn\u00e1l. A gyorstesztel\u00e9s a korm\u00e1nyhivatalok \u00e9s j\u00e1r\u00e1si hivatalok dolgoz\u00f3ival folytat\u00f3dik. Az eg\u00e9szs\u00e9g\u00fcgyi \u00e9s szoci\u00e1lis dolgoz\u00f3k tesztel\u00e9se szint\u00e9n folytat\u00f3dik, ez esetben az int\u00e9zm\u00e9nyek maguk szervezik a tesztel\u00e9st, amelyhez a korm\u00e1nyhivatalok biztos\u00edtj\u00e1k a gyorsteszteket &#8211; tudatt\u00e1k.<br \/>\n    Este 8 \u00f3ra \u00e9s reggel 5 \u00f3ra k\u00f6z\u00f6tt tov\u00e1bbra is kij\u00e1r\u00e1si tilalom van \u00e9rv\u00e9nyben.<br \/>\n    Az \u00fczletek &#8211; a gy\u00f3gyszert\u00e1rak \u00e9s a benzinkutak kiv\u00e9tel\u00e9vel &#8211; este 7 \u00f3r\u00e1ig maradhatnak nyitva, leghamarabb reggel 5 \u00f3rakor nyithatnak ki. A rendeletben nem eml\u00edtett szolg\u00e1ltat\u00f3k \u00e9s szolg\u00e1ltat\u00e1sok (p\u00e9ld\u00e1ul fodr\u00e1sz, massz\u0151r, szem\u00e9lyi edz\u0151) a szokott rendben m\u0171k\u00f6dhetnek a kij\u00e1r\u00e1si tilalom szab\u00e1lyai mellett.<br \/>\n    A maszkvisel\u00e9ssel \u00e9s t\u00e1vols\u00e1gtart\u00e1ssal kapcsolatosan eddig bevezetett szab\u00e1lyok tov\u00e1bbra is \u00e9rv\u00e9nyesek. A 10 ezern\u00e9l t\u00f6bb lakos\u00fa telep\u00fcl\u00e9sek egyes, a polg\u00e1rmester \u00e1ltal kijel\u00f6lt k\u00f6zter\u00fcletein a maszkvisel\u00e9s k\u00f6telez\u0151. Sporttev\u00e9kenys\u00e9g k\u00f6zben, valamint a parkokban, illetve z\u00f6ldter\u00fcleteken a maszk visel\u00e9se tov\u00e1bbra sem k\u00f6telez\u0151.<br \/>\n<div class=\"ads-in-post1\"><div id=\"gazdasagportal.hu_fullbanner_wideboard\"><\/div>\r\n<\/div>\n    Minden gy\u00fclekez\u00e9s tilos. Az \u00e9ttermek vend\u00e9get, a sz\u00e1llod\u00e1k turist\u00e1kat nem fogadhatnak. Minden rendezv\u00e9ny &#8211; k\u00f6zt\u00fck a kultur\u00e1lis esem\u00e9nyek, kar\u00e1csonyi v\u00e1s\u00e1rok &#8211; megtart\u00e1sa tilos. A sportm\u00e9rk\u0151z\u00e9seket z\u00e1rt kapuk m\u00f6g\u00f6tt kell megtartani. A szabadid\u0151s l\u00e9tes\u00edtm\u00e9nyek, k\u00fcl\u00f6n\u00f6sen a fitnesztermek, fedett uszod\u00e1k, m\u00fazeumok, k\u00f6nyvt\u00e1rak, mozik, \u00e1llatkertek \u00e9s korcsolyap\u00e1ly\u00e1k haszn\u00e1lata tilos.<br \/>\n    A b\u00f6lcs\u0151d\u00e9k, az \u00f3vod\u00e1k \u00e9s az \u00e1ltal\u00e1nos iskol\u00e1k a 8. oszt\u00e1lyig a megszokott rendben, a k\u00f6z\u00e9piskol\u00e1k \u00e9s egyetemek digit\u00e1lis munkarendben m\u0171k\u00f6dnek.<br \/>\n    Mag\u00e1n- \u00e9s csal\u00e1di rendezv\u00e9nyeken (p\u00e9ld\u00e1ul sz\u00fclet\u00e9snapon) legfeljebb 10-en, temet\u00e9sen maximum 50-en vehetnek r\u00e9szt. Esk\u00fcv\u0151 csak lakodalom n\u00e9lk\u00fcl tarthat\u00f3 meg.<br \/>\n    A k\u00f6zter\u00fcleti parkol\u00e1s ingyenes. A kereskedelmi c\u00e9l\u00fa P+R, parkol\u00f3h\u00e1z, parkol\u00f3gar\u00e1zs, z\u00e1rt felsz\u00edni parkol\u00f3 \u00e9s nem z\u00e1rt felsz\u00edni parkol\u00f3 fizet\u00e9s n\u00e9lk\u00fcl vehet\u0151 ig\u00e9nybe az este 7-t\u0151l reggel 7 \u00f3r\u00e1ig.<br \/>\n    Hangs\u00falyozt\u00e1k: Magyarorsz\u00e1gon mindenkinek jut k\u00f3rh\u00e1zi \u00e1gy, ell\u00e1t\u00e1s, l\u00e9legeztet\u0151g\u00e9p, \u00e9s a v\u00e9delmi int\u00e9zked\u00e9sekkel az a c\u00e9l, hogy ez \u00edgy is maradjon. A halaszthat\u00f3 m\u0171t\u00e9teket felf\u00fcggesztett\u00e9k, az ell\u00e1t\u00e1sba bevont k\u00f3rh\u00e1zak \u00e9s a koronav\u00edrusos betegek sz\u00e1m\u00e1ra fenntartott k\u00f3rh\u00e1zi \u00e1gyak sz\u00e1ma b\u0151v\u00fclt.<br \/>\n    A k\u00f6z\u00f6ss\u00e9gi terjed\u00e9s megf\u00e9kez\u00e9s\u00e9\u00e9rt tov\u00e1bbra is azt k\u00e9rik, ker\u00fclj\u00e9k azokat a helyeket, ahol z\u00e1rt t\u00e9rben sokan vannak, lehet\u0151leg tarts\u00e1k a szoci\u00e1lis t\u00e1vols\u00e1got, gyakran \u00e9s alaposan mossanak kezet.<br \/>\n    Az id\u0151seket is k\u00e9rik, hogy fokozottan figyeljenek magukra \u00e9s az \u00e1ltal\u00e1nos \u00f3vint\u00e9zked\u00e9sek betart\u00e1s\u00e1ra. A k\u00f3rh\u00e1zakban \u00e9s az id\u0151sotthonokban l\u00e1togat\u00e1si tilalom van. Az id\u0151sotthonok fenntart\u00f3inak pedig mindent meg kell tenni\u00fck a fert\u0151z\u00e9sek elker\u00fcl\u00e9s\u00e9\u00e9rt.<br \/>\n<div class=\"ads-in-post1\"><div id=\"gazdasagportal.hu_fullbanner_wideboard\"><\/div>\r\n<\/div>\n    Az oldal t\u00e9rk\u00e9pe szerint eddig Budapesten (55 310) \u00e9s Pest megy\u00e9ben (35 351) regisztr\u00e1lt\u00e1k a legt\u00f6bb fert\u0151z\u00f6ttet. Ezt k\u00f6veti Gy\u0151r-Moson-Sopron (16 903), Borsod-Aba\u00faj-Zempl\u00e9n (16 196), Hajd\u00fa-Bihar (15 387) \u00e9s Szabolcs-Szatm\u00e1r-Bereg megye (13 959). A fert\u0151z\u00e9sben legkev\u00e9sb\u00e9 \u00e9rintett megye Tolna (4976).(MTI)<\/p>\n","protected":false},"excerpt":{"rendered":"<p>Meghalt 162, t\u00f6bbs\u00e9g\u00e9ben id\u0151s, kr\u00f3nikus beteg, \u00e9s \u00fajabb 5047 magyar \u00e1llampolg\u00e1rn\u00e1l mutatt\u00e1k ki a koronav\u00edrus-fert\u0151z\u00e9st &#8211; k\u00f6z\u00f6lte a koronavirus.gov.hu szombaton.<\/p>\n","protected":false},"author":1001006,"featured_media":126001,"comment_status":"closed","ping_status":"open","sticky":false,"template":"","format":"standard","meta":[],"categories":[146,4,427],"tags":[],"_links":{"self":[{"href":"https:\/\/gazdasagportal.hu\/index.php\/wp-json\/wp\/v2\/posts\/131807"}],"collection":[{"href":"https:\/\/gazdasagportal.hu\/index.php\/wp-json\/wp\/v2\/posts"}],"about":[{"href":"https:\/\/gazdasagportal.hu\/index.php\/wp-json\/wp\/v2\/types\/post"}],"author":[{"embeddable":true,"href":"https:\/\/gazdasagportal.hu\/index.php\/wp-json\/wp\/v2\/users\/1001006"}],"replies":[{"embeddable":true,"href":"https:\/\/gazdasagportal.hu\/index.php\/wp-json\/wp\/v2\/comments?post=131807"}],"version-history":[{"count":1,"href":"https:\/\/gazdasagportal.hu\/index.php\/wp-json\/wp\/v2\/posts\/131807\/revisions"}],"predecessor-version":[{"id":131808,"href":"https:\/\/gazdasagportal.hu\/index.php\/wp-json\/wp\/v2\/posts\/131807\/revisions\/131808"}],"wp:featuredmedia":[{"embeddable":true,"href":"https:\/\/gazdasagportal.hu\/index.php\/wp-json\/wp\/v2\/media\/126001"}],"wp:attachment":[{"href":"https:\/\/gazdasagportal.hu\/index.php\/wp-json\/wp\/v2\/media?parent=131807"}],"wp:term":[{"taxonomy":"category","embeddable":true,"href":"https:\/\/gazdasagportal.hu\/index.php\/wp-json\/wp\/v2\/categories?post=131807"},{"taxonomy":"post_tag","embeddable":true,"href":"https:\/\/gazdasagportal.hu\/index.php\/wp-json\/wp\/v2\/tags?post=131807"}],"curies":[{"name":"wp","href":"https:\/\/api.w.org\/{rel}","templated":true}]}}